{"id":357710,"date":"2025-09-01T05:04:21","date_gmt":"2025-09-01T05:04:21","guid":{"rendered":"https:\/\/www.europesays.com\/fr\/357710\/"},"modified":"2025-09-01T05:04:21","modified_gmt":"2025-09-01T05:04:21","slug":"cette-tendance-deco-retro-revient-en-2025","status":"publish","type":"post","link":"https:\/\/www.europesays.com\/fr\/357710\/","title":{"rendered":"Cette tendance d\u00e9co r\u00e9tro revient en 2025"},"content":{"rendered":"\n<p>En 2024, les amateurs de d\u00e9coration red\u00e9couvrent le charme du pass\u00e9. Tandis que certains privil\u00e9gient encore le minimalisme, une grande partie des passionn\u00e9s tournent leur regard vers les <strong>styles chaleureux et audacieux<\/strong> de nos grands-parents. Adieu la neutralit\u00e9 et la simplicit\u00e9 : place aux <strong>couleurs vives<\/strong>, aux formes g\u00e9n\u00e9reuses et \u00e0 une d\u00e9co qui ne passe pas inaper\u00e7ue.<\/p>\n<p>    Pourquoi la d\u00e9coration vintage reste \u00e0 la mode en 2025 <\/p>\n<p>Les tendances d\u00e9co en 2025 nous plongent dans un v\u00e9ritable <strong>voyage dans le temps<\/strong>, en revisitant les <a href=\"https:\/\/www.lejournaldelamaison.fr\/le-journal-de-la-maison\/nouveautes\/tendances\/tendances-deco\/quand-les-couleurs-flashy-facon-annees-70-contaminent-notre-interieur-428601.html#item=1\" rel=\"nofollow noopener\" target=\"_blank\"><strong>ann\u00e9es 70<\/strong><\/a>, 80 et 90. Cette ann\u00e9e, c\u2019est <strong>le style des ann\u00e9es 70<\/strong> qui domine, avec ses motifs psych\u00e9d\u00e9liques, ses couleurs \u00e9clatantes et ses mat\u00e9riaux embl\u00e9matiques comme le velours. Pr\u00e9parez-vous \u00e0 voir ces \u00e9l\u00e9ments r\u00e9tro occuper une place de choix dans les int\u00e9rieurs modernes.<\/p>\n<p>Le jaune moutarde, le vert olive et <strong>l\u00a0\u00bborange<\/strong> seront parmi les vedettes de cette r\u00e9interpr\u00e9tation <a href=\"https:\/\/www.lejournaldelamaison.fr\/le-journal-de-la-maison\/nouveautes\/tendances\/tendances-deco\/meuble-grand-mere-signe-retour-interieurs-484797.html\" rel=\"nofollow noopener\" target=\"_blank\"><strong>vintage<\/strong><\/a>, apportant une note de chaleur et de dynamisme \u00e0 nos int\u00e9rieurs. Et pour parachever le tout, la transparence, jadis symbole des ann\u00e9es 70, revient en puissance, insufflant une touche l\u00e9g\u00e8re et de modernit\u00e9 \u00e0 nos lieux de vie.<\/p>\n<p>    La tendance \u00ab\u00a0grand-m\u00e8re chic\u00a0\u00bb : pourquoi elle s\u00e9duit \u00e0 nouveau ? <\/p>\n<p>Parmi les <a href=\"https:\/\/www.lejournaldelamaison.fr\/le-journal-de-la-maison\/nouveautes\/tendances\/tendances-deco\/objet-deco-grand-mere-tendance-476925.html\" rel=\"nofollow noopener\" target=\"_blank\">tendances de grand-m\u00e8res<\/a> qui ont le vent en poupe ? Les <strong>surfaces laqu\u00e9es<\/strong> ! Cette tendance, en constante \u00e9volution, conna\u00eet actuellement un regain de popularit\u00e9, offrant une touche de luxe et d&rsquo;\u00e9l\u00e9gance \u00e0 toute pi\u00e8ce. Les designers ont modernis\u00e9 l&rsquo;utilisation du laqu\u00e9 en le rendant plus<strong> sombre et contemporain<\/strong>, cr\u00e9ant ainsi des espaces audacieux.<\/p>\n<p>Selon Kathy Kuo, PDG de Kathy Kuo Home, dont les propos ont \u00e9t\u00e9 rapport\u00e9s par Livingetc, les murs laqu\u00e9s ajoutent une dose de <strong>glamour<\/strong> \u00e0 n&rsquo;importe quel int\u00e9rieur, en apportant une brillance unique et en encadrant le <a href=\"https:\/\/www.lejournaldelamaison.fr\/le-journal-de-la-maison\/piece-par-piece\/terrasse-jardin-piece-par-piece\/terrasse-adopter-le-style-boheme-chic-sur-sa-terrasse-en-2024-448466.html\" rel=\"nofollow noopener\" target=\"_blank\">style<\/a> d&rsquo;une mani\u00e8re rafra\u00eechissante. Cette nouvelle interpr\u00e9tation de la tendance met en avant des palettes de <strong>couleurs monochromes<\/strong>, utilisant des teintes sombres pour cr\u00e9er une <strong>atmosph\u00e8re enveloppante<\/strong> et chaleureuse dans la maison.<\/p>\n<blockquote class=\"instagram-media \" style=\"background: #ffffff;border: 0;margin: 1px;width: 100%;padding: 0;max-width: 500px;\" data-instgrm-permalink=\"https:\/\/www.instagram.com\/p\/C0j1dxJNsm9\/\" data-instgrm-version=\"14\"\/><p>    Nos conseils pour adopter cette tendance r\u00e9tro avec \u00e9l\u00e9gance <\/p>\n<p>Les modeuses ont d\u00e9j\u00e0 adopt\u00e9 cette tendance : la <strong>Mob Wife<\/strong> (\u00e9pouse de mafieux). C&rsquo;est cette m\u00eame esth\u00e9tique qui nourrit le <strong>rev\u00eatement laqu\u00e9<\/strong>. Ce dernier \u00ab d\u00e9gage de la <strong>confiance<\/strong> et de l&rsquo;assurance \u00bb, a notamment confi\u00e9 Shaunn Quayle, designer au sein du Britt Design Group. L&rsquo;attrait du laqu\u00e9 ne se limite pas \u00e0 sa finition brillante, mais aussi \u00e0 ses aspects pratiques. Ses <strong>propri\u00e9t\u00e9s ultra-brillantes<\/strong> et r\u00e9fl\u00e9chissantes permettent d&rsquo;explorer la lumi\u00e8re de mani\u00e8re unique.<\/p>\n<p>Selon Esther Stam du Studio Modijefsky, cette caract\u00e9ristique apporte un jeu de lumi\u00e8re dynamique aux int\u00e9rieurs. En effet, la brillance du laqu\u00e9 interagit de mani\u00e8re sp\u00e9ciale avec la lumi\u00e8re, modifiant les<strong> nuances des <a href=\"https:\/\/www.lejournaldelamaison.fr\/le-journal-de-la-maison\/nouveautes\/tendances\/tendances-deco\/couleurs-tendance-a-adopter-durgence-ce-printemps-2024-476582.html#item=1\" rel=\"nofollow noopener\" target=\"_blank\">couleurs<\/a><\/strong> en fonction de l&rsquo;\u00e9clairage naturel ou artificiel, offrant ainsi une exp\u00e9rience visuelle captivante qui <strong>\u00e9volue constamment<\/strong> avec l&rsquo;environnement.<\/p>\n<p>Pour obtenir un effet laqu\u00e9 chez vous, s\u00e9lectionnez une <a href=\"https:\/\/www.lejournaldelamaison.fr\/le-journal-de-la-maison\/conseils-de-pro\/erreurs-courantes-en-peinture-et-comment-les-eviter-477424.html\" rel=\"nofollow noopener\" target=\"_blank\">peinture<\/a> laqu\u00e9e de haute qualit\u00e9 dans la couleur d\u00e9sir\u00e9e, puis appliquez-la uniform\u00e9ment sur le mur. Plusieurs couches peuvent \u00eatre n\u00e9cessaires pour obtenir une<strong> finition lisse<\/strong> et brillante. Gr\u00e2ce \u00e0 ce processus, la finition est durable et facile \u00e0 nettoyer, ce qui en fait notamment un choix parfait pour les <strong>cuisines<\/strong>.<\/p>\n<p>                <script async src=\"\/\/www.instagram.com\/embed.js\"><\/script><\/p>\n","protected":false},"excerpt":{"rendered":"En 2024, les amateurs de d\u00e9coration red\u00e9couvrent le charme du pass\u00e9. Tandis que certains privil\u00e9gient encore le minimalisme,&hellip;\n","protected":false},"author":2,"featured_media":357711,"comment_status":"","ping_status":"","sticky":false,"template":"","format":"standard","meta":{"footnotes":""},"categories":[1358],"tags":[1348,1384,1385,1386,58,59,1011,27,6055],"class_list":{"0":"post-357710","1":"post","2":"type-post","3":"status-publish","4":"format-standard","5":"has-post-thumbnail","7":"category-arts-et-design","8":"tag-arts","9":"tag-arts-and-design","10":"tag-arts-et-design","11":"tag-design","12":"tag-divertissement","13":"tag-entertainment","14":"tag-fr","15":"tag-france","16":"tag-republishing"},"share_on_mastodon":{"url":"https:\/\/pubeurope.com\/@fr\/115127298709876160","error":""},"_links":{"self":[{"href":"https:\/\/www.europesays.com\/fr\/wp-json\/wp\/v2\/posts\/357710","targetHints":{"allow":["GET"]}}],"collection":[{"href":"https:\/\/www.europesays.com\/fr\/wp-json\/wp\/v2\/posts"}],"about":[{"href":"https:\/\/www.europesays.com\/fr\/wp-json\/wp\/v2\/types\/post"}],"author":[{"embeddable":true,"href":"https:\/\/www.europesays.com\/fr\/wp-json\/wp\/v2\/users\/2"}],"replies":[{"embeddable":true,"href":"https:\/\/www.europesays.com\/fr\/wp-json\/wp\/v2\/comments?post=357710"}],"version-history":[{"count":0,"href":"https:\/\/www.europesays.com\/fr\/wp-json\/wp\/v2\/posts\/357710\/revisions"}],"wp:featuredmedia":[{"embeddable":true,"href":"https:\/\/www.europesays.com\/fr\/wp-json\/wp\/v2\/media\/357711"}],"wp:attachment":[{"href":"https:\/\/www.europesays.com\/fr\/wp-json\/wp\/v2\/media?parent=357710"}],"wp:term":[{"taxonomy":"category","embeddable":true,"href":"https:\/\/www.europesays.com\/fr\/wp-json\/wp\/v2\/categories?post=357710"},{"taxonomy":"post_tag","embeddable":true,"href":"https:\/\/www.europesays.com\/fr\/wp-json\/wp\/v2\/tags?post=357710"}],"curies":[{"name":"wp","href":"https:\/\/api.w.org\/{rel}","templated":true}]}}