{"id":357719,"date":"2025-09-01T05:23:42","date_gmt":"2025-09-01T05:23:42","guid":{"rendered":"https:\/\/www.europesays.com\/fr\/357719\/"},"modified":"2025-09-01T05:23:42","modified_gmt":"2025-09-01T05:23:42","slug":"la-grosse-desillusion-de-cette-star-de-marvel-apres-le-flop-de-ce-qui-devait-etre-son-boulot-pour-les-10-prochaines-annees","status":"publish","type":"post","link":"https:\/\/www.europesays.com\/fr\/357719\/","title":{"rendered":"La grosse d\u00e9sillusion de cette star de Marvel apr\u00e8s le flop de ce qui devait \u00eatre \u201cson boulot pour les 10 prochaines ann\u00e9es\u201d"},"content":{"rendered":"<p>Ce film sorti en 2021 a fait un flop et pourtant, il avait tout pour \u00eatre un \u00e9norme succ\u00e8s. Une grosse d\u00e9ception pour la franchise, mais \u00e9galement pour l\u2019un de ses acteurs. Ce dernier avait en effet sign\u00e9 pour plusieurs films et \u00e9tait persuad\u00e9 d\u2019avoir du travail pour au moins dix ans.<\/p>\n<p><a href=\"https:\/\/www.programme-tv.net\/news\/evenement\/disney-plus-streaming\/339030-les-eternels-disney-plus-ce-film-qui-a-renouvele-lunivers-marvel\/\" data-api-deeplink=\"teleloisirs:\/\/news\/339030\" target=\"_blank\" rel=\"noopener\">En 2021, Marvel a sorti son nouveau film de super-h\u00e9ros<\/a> intitul\u00e9 <a href=\"https:\/\/www.programme-tv.net\/news\/evenement\/disney-plus-streaming\/364438-les-eternels-interdit-de-sortie-dans-plusieurs-pays-ce-film-marvel-arrive-en-streaming\/\" data-api-deeplink=\"teleloisirs:\/\/news\/364438\" target=\"_blank\" rel=\"noopener\">Les \u00c9ternels, qui a \u00e9t\u00e9 interdit dans plusieurs pays \u00e0 travers le monde. <\/a>Malheureusement, le succ\u00e8s est tr\u00e8s loin d&rsquo;\u00eatre au rendez-vous. Pourtant, Kumail Nanjiani esp\u00e9rait beaucoup de ce film pour s&rsquo;installer dans le Marvel Cinematographic Universe (MCU), esp\u00e9rant avoir ainsi du travail pour de longues ann\u00e9es. Mais ce flop a court-circuit\u00e9 ses plans. Dans le podcast <a href=\"https:\/\/www.youtube.com\/watch?app=desktop&amp;v=Y8zwAj3sYpc\" target=\"_blank\" rel=\"noopener\">Working It Out<\/a>, le com\u00e9dien a d&rsquo;abord avou\u00e9 : \u00ab\u00a0J&rsquo;ai parl\u00e9 de mon r\u00f4le dans ce film et c&rsquo;est apr\u00e8s le Covid qu&rsquo;il est sorti. J&rsquo;ai donc pass\u00e9 un an et demi \u00e0 la maison \u00e0 me demander : &lsquo;Quand-est ce que ce truc sortira ?'\u00a0\u00bb<\/p>\n<p>La saga Les \u00c9ternels devait avoir six films au total<\/p>\n<p>Alors, avec une telle attente, \u00e7a a \u00e9t\u00e9 la douche froide pour Kumail Nanjiani qui a d\u00fb faire face \u00e0 de mauvaises critiques. \u00ab\u00a0<b>Il est sorti et il a re\u00e7u de tr\u00e8s mauvaises critiques, et il n&rsquo;a pas eu beaucoup de succ\u00e8s. \u00c7a m&rsquo;a vraiment an\u00e9anti.<\/b> C&rsquo;est l\u00e0 que je me suis dit : &lsquo;Il faut que j&rsquo;aille en th\u00e9rapie pour comprendre.'\u00a0\u00bb C&rsquo;est alors que le com\u00e9dien a appris que Marvel ne renouvellerait pas<a href=\"https:\/\/www.programme-tv.net\/news\/cinema\/286750-le-film-les-eternels-interdit-de-sortie-dans-plusieurs-pays-angelina-jolie-defend-la-decision-de-marvel\/\" data-api-deeplink=\"teleloisirs:\/\/news\/286750\" target=\"_blank\" rel=\"noopener\"> Les \u00c9ternels, qui a \u00e9t\u00e9 d\u00e9fendu par Angelina Jolie, l&rsquo;interpr\u00e8te de Th\u00e9na.<\/a> \u00ab\u00a0Je me suis dit : <b>&lsquo;\u00c7a va \u00eatre mon boulot pour les dix prochaines ann\u00e9es&rsquo;. J&rsquo;ai sign\u00e9 pour six films.<\/b> J&rsquo;ai sign\u00e9 pour un jeu vid\u00e9o. J&rsquo;ai sign\u00e9 pour une attraction dans un parc d&rsquo;attractions. On vous oblige \u00e0 signer pour tout \u00e7a. Et on se dit : &lsquo;Ce sont les dix prochaines ann\u00e9es de ma vie, donc je vais faire des films Marvel chaque ann\u00e9e et, entre-temps, je ferai mes petites choses, ce que je veux.&rsquo; Et puis rien de tout \u00e7a n&rsquo;est arriv\u00e9\u00a0\u00bb, a-t-il annonc\u00e9 avec regret.<\/p>\n<p>                        Les \u00c9ternels, une grosse d\u00e9ception pour Marvel<\/p>\n<p>Dans le MCU, Les \u00c9ternels est le film qui a \u00e9t\u00e9 le moins bien accueilli par le public. Produit par Marvel Studios, le budget \u00e9tait de 200 millions de dollars. <b>Apr\u00e8s plusieurs semaines d&rsquo;exploitation, il n&rsquo;a engrang\u00e9 que 402 millions de dollars de recettes mondiales.<\/b> Une r\u00e9elle d\u00e9ception pour Marvel qui misait beaucoup sur ce projet d&rsquo;apr\u00e8s-Covid.<\/p>\n<p>Article \u00e9crit avec la collaboration de 6m\u00e9dias.<\/p>\n","protected":false},"excerpt":{"rendered":"Ce film sorti en 2021 a fait un flop et pourtant, il avait tout pour \u00eatre un \u00e9norme&hellip;\n","protected":false},"author":2,"featured_media":357720,"comment_status":"","ping_status":"","sticky":false,"template":"","format":"standard","meta":{"footnotes":""},"categories":[1354],"tags":[15216,6928,7196,244,10451,58,59,49357,1346,1011,27,49355,2173,49359,49358,2135,1360,10450,129,49356],"class_list":{"0":"post-357719","1":"post","2":"type-post","3":"status-publish","4":"format-standard","5":"has-post-thumbnail","7":"category-films","8":"tag-angelina-jolie","9":"tag-channel_interviews","10":"tag-cinu00e9ma","11":"tag-commentaire","12":"tag-disney-plus","13":"tag-divertissement","14":"tag-entertainment","15":"tag-eternals","16":"tag-films","17":"tag-fr","18":"tag-france","19":"tag-guid_6280110336001","20":"tag-interview","21":"tag-les-eternels-158192209","22":"tag-les-u00e9ternels","23":"tag-marvel","24":"tag-movies","25":"tag-pub-streaming-disney-plus","26":"tag-svod","27":"tag-uuid_e8075c52-7339-4e38-88f3-8b69ef6aba8a"},"share_on_mastodon":{"url":"https:\/\/pubeurope.com\/@fr\/115127373193800244","error":""},"_links":{"self":[{"href":"https:\/\/www.europesays.com\/fr\/wp-json\/wp\/v2\/posts\/357719","targetHints":{"allow":["GET"]}}],"collection":[{"href":"https:\/\/www.europesays.com\/fr\/wp-json\/wp\/v2\/posts"}],"about":[{"href":"https:\/\/www.europesays.com\/fr\/wp-json\/wp\/v2\/types\/post"}],"author":[{"embeddable":true,"href":"https:\/\/www.europesays.com\/fr\/wp-json\/wp\/v2\/users\/2"}],"replies":[{"embeddable":true,"href":"https:\/\/www.europesays.com\/fr\/wp-json\/wp\/v2\/comments?post=357719"}],"version-history":[{"count":0,"href":"https:\/\/www.europesays.com\/fr\/wp-json\/wp\/v2\/posts\/357719\/revisions"}],"wp:featuredmedia":[{"embeddable":true,"href":"https:\/\/www.europesays.com\/fr\/wp-json\/wp\/v2\/media\/357720"}],"wp:attachment":[{"href":"https:\/\/www.europesays.com\/fr\/wp-json\/wp\/v2\/media?parent=357719"}],"wp:term":[{"taxonomy":"category","embeddable":true,"href":"https:\/\/www.europesays.com\/fr\/wp-json\/wp\/v2\/categories?post=357719"},{"taxonomy":"post_tag","embeddable":true,"href":"https:\/\/www.europesays.com\/fr\/wp-json\/wp\/v2\/tags?post=357719"}],"curies":[{"name":"wp","href":"https:\/\/api.w.org\/{rel}","templated":true}]}}