{"id":357726,"date":"2025-09-01T05:28:07","date_gmt":"2025-09-01T05:28:07","guid":{"rendered":"https:\/\/www.europesays.com\/fr\/357726\/"},"modified":"2025-09-01T05:28:07","modified_gmt":"2025-09-01T05:28:07","slug":"impot-sur-le-revenu-garde-denfants-retraite-progressive-prix-du-gaz-arrets-de-travail-justice","status":"publish","type":"post","link":"https:\/\/www.europesays.com\/fr\/357726\/","title":{"rendered":"imp\u00f4t sur le revenu, garde d\u2019enfants, retraite progressive, prix du gaz, arr\u00eats de travail, justice"},"content":{"rendered":"\n<p class=\"article__paragraph  \">Plusieurs r\u00e9formes entrent en vigueur, ce lundi 1er\u00a0septembre, en mati\u00e8re d\u2019imp\u00f4t sur le revenu, de prestations familiales, de retraite ou de justice.<\/p>\n<p>           Un taux individualis\u00e9 de pr\u00e9l\u00e8vement \u00e0 la source pour les couples           <\/p>\n<p class=\"article__paragraph  \">Depuis l\u2019instauration du pr\u00e9l\u00e8vement \u00e0 la source de l\u2019imp\u00f4t sur le revenu, <a href=\"https:\/\/www.lemonde.fr\/argent\/article\/2022\/08\/17\/impot-quand-votre-taux-de-prelevement-a-la-source-va-t-il-changer_6138221_1657007.html\" rel=\"nofollow noopener\" target=\"_blank\">le taux pr\u00e9lev\u00e9 sur vos salaires, vos pensions de retraite, vos allocations-ch\u00f4mage, etc., change traditionnellement en septembre<\/a>. Un nouveau taux, fix\u00e9 \u00e0 partir de votre d\u00e9claration du printemps, vient en effet se substituer \u00e0 l\u2019ancien, sauf si vous avez modul\u00e9 votre taux depuis le d\u00e9but de l\u2019ann\u00e9e et que le taux choisi d\u00e9passe celui calcul\u00e9 par l\u2019administration.<\/p>\n<p>                                   Explications |  Article r\u00e9serv\u00e9 \u00e0 nos abonn\u00e9s  <a href=\"https:\/\/www.lemonde.fr\/argent\/article\/2025\/04\/23\/impot-sur-le-revenu-le-taux-de-prelevement-a-la-source-sera-individuel-pour-les-couples-a-partir-de-septembre_6599165_1657007.html\" class=\"js-article-read-also catcher--favoris__link\" data-premium=\"1\" id=\"article-title-3417730\" rel=\"nofollow noopener\" target=\"_blank\">Imp\u00f4t sur le revenu\u00a0: le taux de pr\u00e9l\u00e8vement \u00e0 la source sera individuel pour les couples \u00e0 partir de septembre<\/a>    <\/p>\n<p>   Lire plus tard  <\/p>\n<p class=\"article__paragraph  \">A ce mouvement habituel s\u2019ajoute, cette ann\u00e9e, une nouveaut\u00e9\u00a0pour les contribuables d\u00e9clarant en couple\u00a0: un taux individualis\u00e9, fonction des revenus de chacun, sera d\u00e9sormais appliqu\u00e9 par d\u00e9faut. Jusqu\u2019ici, un taux commun s\u2019appliquait automatiquement\u00a0(le m\u00eame pour les deux personnes), sauf si vous demandiez le taux individualis\u00e9. La logique est invers\u00e9e\u00a0: maintenant, ce sont les contribuables souhaitant le taux commun qui doivent faire une demande\u00a0(c\u2019est possible \u00e0 tout moment de l\u2019ann\u00e9e), si ce n\u2019est d\u00e9j\u00e0 fait.<\/p>\n<p class=\"article__paragraph  \">La mesure ne change pas le montant total r\u00e9gl\u00e9 par le couple, mais seulement la r\u00e9partition du pr\u00e9l\u00e8vement entre ses membres.<\/p>\n<p class=\"article__paragraph  \">Vous n\u2019avez pas manifest\u00e9 votre volont\u00e9 de conserver le taux commun \u00e0 l\u2019issue de votre d\u00e9claration, et vous le faites, depuis votre espace personnalis\u00e9 du site <a href=\"https:\/\/cfspart-idp.impots.gouv.fr\/oauth2\/authorize?authType=sso&amp;prompt=login&amp;scope=openid+profile+authChoice+otpEscape&amp;client_id=52ed02940b0f1c57512f2d6fd064dddffccdea03&amp;redirect_uri=https%3A%2F%2Fcfspart.impots.gouv.fr%2F%3Fopenidconnectcallback%3D1&amp;nonce=WK8Qoo-I3dz2o6bt02SfEQ&amp;state=6dc4235f21c3d700cc4ecf2f6693dcbad81d1801f5e6120ea7ea87c5340ad319&amp;response_type=code\" target=\"_blank\" rel=\"noopener nofollow\" title=\"Nouvelle fen\u00eatre\">Impots.gouv.fr<\/a>, ce 1er\u00a0septembre ou dans les jours \u00e0 venir\u00a0? Il n\u2019est pas s\u00fbr que votre demande soit prise en compte pour la paie de la fin de septembre. \u00ab\u00a0Dans la majorit\u00e9 des cas, les modifications de taux effectu\u00e9es jusqu\u2019au\u00a018 de chaque mois sont transmises \u00e0 l\u2019employeur au cours du m\u00eame mois. L\u2019employeur dispose d\u2019un d\u00e9lai de soixante jours pour [l\u2019]appliquer\u00a0\u00bb, note l\u2019administration fiscale.<\/p>\n<p>           L\u2019aide financi\u00e8re \u00e0 la garde d\u2019enfants\u00a0(le CMG) est repens\u00e9e           <\/p>\n<p class=\"article__paragraph  \">Autre r\u00e9forme\u00a0: celle du compl\u00e9ment de libre choix du mode de garde\u00a0(CMG), vers\u00e9 aux parents faisant garder leurs enfants par une assistante maternelle ou une nounou \u00e0 domicile. Elle est issue de la loi de financement de la S\u00e9curit\u00e9 sociale pour\u00a02023\u00a0et ses modalit\u00e9s ont \u00e9t\u00e9 pr\u00e9cis\u00e9es par <a href=\"https:\/\/www.legifrance.gouv.fr\/jorf\/id\/JORFTEXT000051714519\" target=\"_blank\" rel=\"noopener nofollow\" title=\"Nouvelle fen\u00eatre\">d\u00e9cret le 30\u00a0mai<\/a>. Elle vise \u00e0 r\u00e9duire, globalement, le reste \u00e0 charge des familles ayant recours \u00e0 la garde individuelle, pour le rapprocher de celui de la cr\u00e8che, notamment pour les foyers modestes.<\/p>\n<p class=\"reading-mode-only \"><strong>Il vous reste 67.94% de cet article \u00e0 lire. La suite est r\u00e9serv\u00e9e aux abonn\u00e9s.<\/strong><\/p>\n","protected":false},"excerpt":{"rendered":"Plusieurs r\u00e9formes entrent en vigueur, ce lundi 1er\u00a0septembre, en mati\u00e8re d\u2019imp\u00f4t sur le revenu, de prestations familiales, de&hellip;\n","protected":false},"author":2,"featured_media":66195,"comment_status":"","ping_status":"","sticky":false,"template":"","format":"standard","meta":{"footnotes":""},"categories":[6],"tags":[35,33,34,1011,27],"class_list":{"0":"post-357726","1":"post","2":"type-post","3":"status-publish","4":"format-standard","5":"has-post-thumbnail","7":"category-economie","8":"tag-business","9":"tag-economie","10":"tag-economy","11":"tag-fr","12":"tag-france"},"share_on_mastodon":{"url":"https:\/\/pubeurope.com\/@fr\/115127392942747428","error":""},"_links":{"self":[{"href":"https:\/\/www.europesays.com\/fr\/wp-json\/wp\/v2\/posts\/357726","targetHints":{"allow":["GET"]}}],"collection":[{"href":"https:\/\/www.europesays.com\/fr\/wp-json\/wp\/v2\/posts"}],"about":[{"href":"https:\/\/www.europesays.com\/fr\/wp-json\/wp\/v2\/types\/post"}],"author":[{"embeddable":true,"href":"https:\/\/www.europesays.com\/fr\/wp-json\/wp\/v2\/users\/2"}],"replies":[{"embeddable":true,"href":"https:\/\/www.europesays.com\/fr\/wp-json\/wp\/v2\/comments?post=357726"}],"version-history":[{"count":0,"href":"https:\/\/www.europesays.com\/fr\/wp-json\/wp\/v2\/posts\/357726\/revisions"}],"wp:featuredmedia":[{"embeddable":true,"href":"https:\/\/www.europesays.com\/fr\/wp-json\/wp\/v2\/media\/66195"}],"wp:attachment":[{"href":"https:\/\/www.europesays.com\/fr\/wp-json\/wp\/v2\/media?parent=357726"}],"wp:term":[{"taxonomy":"category","embeddable":true,"href":"https:\/\/www.europesays.com\/fr\/wp-json\/wp\/v2\/categories?post=357726"},{"taxonomy":"post_tag","embeddable":true,"href":"https:\/\/www.europesays.com\/fr\/wp-json\/wp\/v2\/tags?post=357726"}],"curies":[{"name":"wp","href":"https:\/\/api.w.org\/{rel}","templated":true}]}}