{"id":357727,"date":"2025-09-01T05:29:12","date_gmt":"2025-09-01T05:29:12","guid":{"rendered":"https:\/\/www.europesays.com\/fr\/357727\/"},"modified":"2025-09-01T05:29:12","modified_gmt":"2025-09-01T05:29:12","slug":"volodymyr-zelensky-annonce-linterpellation-dun-suspect-apres-lassassinat-de-lex-president-du-parlement-andri-paroubi","status":"publish","type":"post","link":"https:\/\/www.europesays.com\/fr\/357727\/","title":{"rendered":"Volodymyr Zelensky annonce l\u2019interpellation d\u2019un \u00ab\u00a0suspect\u00a0\u00bb apr\u00e8s l\u2019assassinat de l\u2019ex-pr\u00e9sident du Parlement Andri Paroubi"},"content":{"rendered":"<p>   Vladimir Poutine en Chine pour le sommet de l\u2019Organisation de coop\u00e9ration de Shangha\u00ef               <img decoding=\"async\" class=\"post__live-container--img post__space-node\"  src=\"https:\/\/www.europesays.com\/fr\/wp-content\/uploads\/2025\/08\/3cd8568_ftp-import-images-1-gveawcqrlmm6-efc207326f84406aa208d4803719d8d4-0-91db07f0d86a4f5ca8d82ee8.jpeg\" data- alt=\"Le pr\u00e9sident russe, Vladimir Poutine, et son homologue chinois, Xi Jinping, \u00e0 Tianjin, dimanche 31\u00a0ao\u00fbt 2025.\"\/>   Le pr\u00e9sident russe, Vladimir Poutine, et son homologue chinois, Xi Jinping, \u00e0 Tianjin, dimanche 31\u00a0ao\u00fbt 2025. SERGEI BOBYLEV \/ AP               <\/p>\n<p class=\"post__live-container--answer-text post__space-node\">Le pr\u00e9sident chinois, Xi Jinping, a r\u00e9uni dimanche les dirigeants russe, indien, iranien et turc, ainsi qu\u2019une kyrielle de responsables eurasiatiques, \u00e0 la veille d\u2019un sommet cens\u00e9 montrer, \u00e0 l\u2019heure des droits de douane am\u00e9ricains et des tensions g\u00e9ostrat\u00e9giques, qu\u2019un autre mod\u00e8le de relations est possible.<\/p>\n<p class=\"post__live-container--answer-text post__space-node\">Les chefs d\u2019Etat et de gouvernement d\u2019une vingtaine de pays et les responsables d\u2019une dizaine d\u2019organisations internationales ou r\u00e9gionales ont afflu\u00e9 dans la m\u00e9gapole portuaire de Tianjin, dans le nord de la Chine, pour participer lundi au sommet de l\u2019Organisation de coop\u00e9ration de Shangha\u00ef (OCS), le premier depuis le retour \u00e0 la Maison Blanche de Donald Trump.<\/p>\n<p class=\"post__live-container--answer-text post__space-node\">Le pr\u00e9sident russe, Vladimir Poutine, est arriv\u00e9 dimanche matin. Son homologue chinois a multipli\u00e9 les entretiens bilat\u00e9raux, notamment avec le premier ministre indien, Narendra Modi, et le pr\u00e9sident turc, Recep Tayyip Erdogan, dimanche, avant une r\u00e9ception en l\u2019honneur de ses invit\u00e9s pr\u00e9vue dans la soir\u00e9e. Le pr\u00e9sident russe, Vladimir Poutine, et Xi Jinping doivent s\u2019entretenir mardi 2\u00a0septembre \u00e0 P\u00e9kin.<\/p>\n<p class=\"post__live-container--answer-text post__space-node\">M.\u00a0Poutine et plusieurs autres participants assisteront mercredi \u00e0 P\u00e9kin \u00e0 un grand d\u00e9fil\u00e9 militaire organis\u00e9 \u00e0 l\u2019occasion du 80e anniversaire de la fin de la seconde guerre mondiale. Le leader nord-cor\u00e9en, Kim Jong-un, y est attendu.<\/p>\n<p class=\"post__live-container--answer-text post__space-node\">De nombreux alli\u00e9s de Kiev soup\u00e7onnent P\u00e9kin de soutenir Moscou dans le conflit ukrainien. La Chine invoque la neutralit\u00e9 et accuse les pays occidentaux de prolonger les hostilit\u00e9s en armant l\u2019Ukraine.<\/p>\n","protected":false},"excerpt":{"rendered":"Vladimir Poutine en Chine pour le sommet de l\u2019Organisation de coop\u00e9ration de Shangha\u00ef Le pr\u00e9sident russe, Vladimir Poutine,&hellip;\n","protected":false},"author":2,"featured_media":357728,"comment_status":"","ping_status":"","sticky":false,"template":"","format":"standard","meta":{"footnotes":""},"categories":[5],"tags":[11,1011,27,14,12,28],"class_list":{"0":"post-357727","1":"post","2":"type-post","3":"status-publish","4":"format-standard","5":"has-post-thumbnail","7":"category-international","8":"tag-actualites","9":"tag-fr","10":"tag-france","11":"tag-international","12":"tag-news","13":"tag-world"},"share_on_mastodon":{"url":"https:\/\/pubeurope.com\/@fr\/115127396874218846","error":""},"_links":{"self":[{"href":"https:\/\/www.europesays.com\/fr\/wp-json\/wp\/v2\/posts\/357727","targetHints":{"allow":["GET"]}}],"collection":[{"href":"https:\/\/www.europesays.com\/fr\/wp-json\/wp\/v2\/posts"}],"about":[{"href":"https:\/\/www.europesays.com\/fr\/wp-json\/wp\/v2\/types\/post"}],"author":[{"embeddable":true,"href":"https:\/\/www.europesays.com\/fr\/wp-json\/wp\/v2\/users\/2"}],"replies":[{"embeddable":true,"href":"https:\/\/www.europesays.com\/fr\/wp-json\/wp\/v2\/comments?post=357727"}],"version-history":[{"count":0,"href":"https:\/\/www.europesays.com\/fr\/wp-json\/wp\/v2\/posts\/357727\/revisions"}],"wp:featuredmedia":[{"embeddable":true,"href":"https:\/\/www.europesays.com\/fr\/wp-json\/wp\/v2\/media\/357728"}],"wp:attachment":[{"href":"https:\/\/www.europesays.com\/fr\/wp-json\/wp\/v2\/media?parent=357727"}],"wp:term":[{"taxonomy":"category","embeddable":true,"href":"https:\/\/www.europesays.com\/fr\/wp-json\/wp\/v2\/categories?post=357727"},{"taxonomy":"post_tag","embeddable":true,"href":"https:\/\/www.europesays.com\/fr\/wp-json\/wp\/v2\/tags?post=357727"}],"curies":[{"name":"wp","href":"https:\/\/api.w.org\/{rel}","templated":true}]}}