{"id":357737,"date":"2025-09-01T05:43:10","date_gmt":"2025-09-01T05:43:10","guid":{"rendered":"https:\/\/www.europesays.com\/fr\/357737\/"},"modified":"2025-09-01T05:43:10","modified_gmt":"2025-09-01T05:43:10","slug":"saint-etienne-ils-sont-arretes-avec-une-carabine-et-un-couteau-pres-du-stade-geoffroy-guichard","status":"publish","type":"post","link":"https:\/\/www.europesays.com\/fr\/357737\/","title":{"rendered":"Saint-\u00c9tienne : ils sont arr\u00eat\u00e9s avec une carabine et un couteau pr\u00e8s du stade Geoffroy-Guichard"},"content":{"rendered":"<p>Deux individus ont \u00e9t\u00e9 interpell\u00e9s, ce samedi 30 ao\u00fbt, dans le quartier de Bergson, \u00e0 Saint-\u00c9tienne.<\/p>\n<p>Un contr\u00f4le banal pour une saisie \u00e9tonnante.<\/p>\n<p>Deux individus, l&rsquo;un majeur, l&rsquo;autre mineur, ont \u00e9t\u00e9 interpell\u00e9s, ce samedi 30 ao\u00fbt, \u00e0 <b>Saint-\u00c9tienne<\/b>. D&rsquo;apr\u00e8s <a class=\"url\" href=\"https:\/\/www.leprogres.fr\/faits-divers-justice\/2025\/08\/31\/pres-du-stade-geoffroy-guichard-interpelles-avec-une-carabine-de-chasse-et-un-couteau\" target=\"_blank\" rel=\"noopener\">Le Progr\u00e8s<\/a>, ils venaient d&rsquo;\u00eatre contr\u00f4l\u00e9s dans le quartier de Bergson, \u00e0 quelques centaines de m\u00e8tres du stade Geoffroy-Guichard o\u00f9 <a class=\"url\" href=\"https:\/\/www.radioscoop.com\/sport\/asse-grenoble-1-1-stoppes-dans-leur-elan-les-verts-concedent-le-match-nul_336435\" target=\"_blank\" rel=\"noopener\">la rencontre de Ligue 2 entre l&rsquo;ASSE et Grenoble<\/a> venaient de d\u00e9buter.<\/p>\n<p>Une enqu\u00eate ouverte<\/p>\n<p>Les forces de l&rsquo;ordre ont alors d\u00e9couvert un <b>fusil de chasse<\/b> sur l&rsquo;un, un <b>couteau <\/b>sur l&rsquo;autre. Ils ont tous les deux \u00e9t\u00e9 plac\u00e9s en garde \u00e0 vue.<\/p>\n<p><b>Une enqu\u00eate a \u00e9t\u00e9 ouverte<\/b> pour d\u00e9terminer la provenance de ces armes et ce que les deux suspects comptaient en faire.<\/p>\n<p><img loading=\"lazy\" decoding=\"async\" src=\"https:\/\/www.europesays.com\/fr\/wp-content\/uploads\/2025\/09\/1756705390_366_img\" width=\"350\" height=\"200\" border=\"0\" title=\"Un TGV\"\/><\/p>\n<p>\u25baFaits divers<\/p>\n<p style=\"font-size: 22px;\"><b>Il avait cach\u00e9 10 millions d&rsquo;euros de bijoux&#8230; dans son slip !<\/b><\/p>\n<p>Deux hommes ont \u00e9t\u00e9 interpell\u00e9s \u00e0 la sortie&#8230;<\/p>\n<p><\/p>\n","protected":false},"excerpt":{"rendered":"Deux individus ont \u00e9t\u00e9 interpell\u00e9s, ce samedi 30 ao\u00fbt, dans le quartier de Bergson, \u00e0 Saint-\u00c9tienne. Un contr\u00f4le&hellip;\n","protected":false},"author":2,"featured_media":230312,"comment_status":"","ping_status":"","sticky":false,"template":"","format":"standard","meta":{"footnotes":""},"categories":[9653],"tags":[1111,11,2430,5264,1777,674,1011,27,32878,10085,11272,12,25,9920,4001,9841],"class_list":{"0":"post-357737","1":"post","2":"type-post","3":"status-publish","4":"format-standard","5":"has-post-thumbnail","7":"category-saint-etienne","8":"tag-actu","9":"tag-actualites","10":"tag-auvergne-rhone-alpes","11":"tag-couteau","12":"tag-eu","13":"tag-europe","14":"tag-fr","15":"tag-france","16":"tag-fusil-de-chasse","17":"tag-garde-vue","18":"tag-interpellation","19":"tag-news","20":"tag-republique-francaise","21":"tag-saint-tienne","22":"tag-saint-etienne","23":"tag-stade-geoffroy-guichard"},"share_on_mastodon":{"url":"","error":""},"_links":{"self":[{"href":"https:\/\/www.europesays.com\/fr\/wp-json\/wp\/v2\/posts\/357737","targetHints":{"allow":["GET"]}}],"collection":[{"href":"https:\/\/www.europesays.com\/fr\/wp-json\/wp\/v2\/posts"}],"about":[{"href":"https:\/\/www.europesays.com\/fr\/wp-json\/wp\/v2\/types\/post"}],"author":[{"embeddable":true,"href":"https:\/\/www.europesays.com\/fr\/wp-json\/wp\/v2\/users\/2"}],"replies":[{"embeddable":true,"href":"https:\/\/www.europesays.com\/fr\/wp-json\/wp\/v2\/comments?post=357737"}],"version-history":[{"count":0,"href":"https:\/\/www.europesays.com\/fr\/wp-json\/wp\/v2\/posts\/357737\/revisions"}],"wp:featuredmedia":[{"embeddable":true,"href":"https:\/\/www.europesays.com\/fr\/wp-json\/wp\/v2\/media\/230312"}],"wp:attachment":[{"href":"https:\/\/www.europesays.com\/fr\/wp-json\/wp\/v2\/media?parent=357737"}],"wp:term":[{"taxonomy":"category","embeddable":true,"href":"https:\/\/www.europesays.com\/fr\/wp-json\/wp\/v2\/categories?post=357737"},{"taxonomy":"post_tag","embeddable":true,"href":"https:\/\/www.europesays.com\/fr\/wp-json\/wp\/v2\/tags?post=357737"}],"curies":[{"name":"wp","href":"https:\/\/api.w.org\/{rel}","templated":true}]}}