{"id":357742,"date":"2025-09-01T05:50:15","date_gmt":"2025-09-01T05:50:15","guid":{"rendered":"https:\/\/www.europesays.com\/fr\/357742\/"},"modified":"2025-09-01T05:50:15","modified_gmt":"2025-09-01T05:50:15","slug":"des-halles-a-la-place-de-lequerre-le-bel-ete-du-centre-ville-de-toulon","status":"publish","type":"post","link":"https:\/\/www.europesays.com\/fr\/357742\/","title":{"rendered":"Des halles \u00e0 la place de l\u2019Equerre: le bel \u00e9t\u00e9 du centre-ville de Toulon"},"content":{"rendered":"<p>La place de l\u2019\u00c9querre et les halles sont des bons barom\u00e8tres de l\u2019activit\u00e9 saisonni\u00e8re dans le centre ancien. Pour Pablo Franco, directeur des halles, on est sur un mouvement ascendant: \u00ab\u00a0entre le 1er juin et fin ao\u00fbt, l\u2019affluence aux halles a augment\u00e9 de 13% par rapport \u00e0 la m\u00eame p\u00e9riode l\u2019an dernier. En moyenne, \u00e0 l\u2019ann\u00e9e, les halles enregistrent 1 million de passages. C\u2019est un beau succ\u00e8s qu\u2019on doit bien s\u00fbr beaucoup \u00e0 la p\u00e9riode estivale.\u00a0\u00bb<\/p>\n<p>\u00ab\u00a0Les halles, vitrine de la culture locale\u00a0\u00bb<\/p>\n<p>Au caf\u00e9 Biltoki, \u00e0 l\u2019entr\u00e9e du lieu, les clients se succ\u00e8dent. \u00ab\u00a0Nous profitons aussi du fait que Toulon est de plus en plus attractif\u00a0\u00bb, ajoute Francis, derri\u00e8re son comptoir. \u00ab\u00a0Un exemple: un couple d\u2019Allemands est venu d\u00e9guster, ici, un ros\u00e9 Sainte-Marguerite. Et bien, ils ont profit\u00e9 de leur s\u00e9jour pour aller visiter le domaine et acheter des bouteilles en souvenir. Ici, nous sommes une vitrine de la culture locale.\u00a0\u00bb<\/p>\n<p>Au fond des halles, Casa Corsa, qui propose des sp\u00e9cialit\u00e9s de l\u2019\u00eele de Beaut\u00e9, a \u00e9galement fait le plein de visiteurs: \u00ab\u00a0L\u2019\u00e9t\u00e9 a \u00e9t\u00e9 bon, oui, m\u00eame si juillet a d\u00e9but\u00e9 doucement. En ao\u00fbt, nous avons re\u00e7u aussi bien la visite de Fran\u00e7ais en vacances (Parisiens, Lyonnais&#8230;) que d\u2019Italiens, Espagnols et m\u00eame d\u2019Am\u00e9ricains et Canadiens qui d\u00e9pensent bien. Les halles sont int\u00e9gr\u00e9es dans le parcours propos\u00e9 aux croisi\u00e9ristes. Ils d\u00e9couvrent les halles et d\u00e9couvrent la ville ancienne\u00a0\u00bb, se r\u00e9jouit Franck le g\u00e9rant.<\/p>\n<p>\u00ab\u00a0La braderie, effet d\u2019entra\u00eenement\u00a0\u00bb<\/p>\n<p>Pour Christophe Moreno, adjoint \u00e0 la dynamisation commerciale, le bilan de la saison est donc tr\u00e8s satisfaisant: \u00ab\u00a0on a eu un peu peur en juillet car les avis qui nous revenaient de la part des commer\u00e7ants \u00e9taient que le d\u00e9but d\u2019\u00e9t\u00e9 \u00e9tait assez poussif. Heureusement, le dynamisme de l\u2019activit\u00e9 au mois d\u2019ao\u00fbt a rattrap\u00e9 ce retard. Les halles et l\u2019\u00c9querre ont tir\u00e9 vers le haut toute l\u2019activit\u00e9 dans le centre ancien. Et puis la braderie a eu aussi un effet d\u2019entra\u00eenement pour tous les commerces du secteur. 150 commer\u00e7ants y ont particip\u00e9 et toute la zone en a profit\u00e9 pendant trois jours. L\u2019un d\u2019eux m\u2019a confi\u00e9 qu\u2019en une seule journ\u00e9e, il avait eu autant de succ\u00e8s qu\u2019en trois jours complets l\u2019an dernier. C\u2019est r\u00e9confortant!\u00a0\u00bb<\/p>\n<p>Pour lui comme pour beaucoup de Toulonnais, les halles et l\u2019\u00c9querre restent les chouchous des Toulonnais pour sortir. Et pour les touristes? \u00ab\u00a0Aussi par voie de cons\u00e9quence. Beaucoup de touristes se prom\u00e8nent d\u2019abord sur le port puis sont attir\u00e9s ensuite vers le centre ancien. Ils se retrouvent donc naturellement sur la place de l\u2019\u00c9querre, la rue des Arts etc.\u00a0\u00bb, ajoute M. Moreno.<\/p>\n<p>Propret\u00e9, s\u00e9curit\u00e9, sourire<\/p>\n<p>Les places historiques alentours ont \u00e9galement profit\u00e9 de cet engouement estival: la place Saint-Vincent a fait une belle saison tout comme les commerces entourant les halles, sur la place Raspail. \u00ab\u00a0Maintenant, l\u2019objectif est d\u2019\u00eatre au rendez-vous de l\u2019arri\u00e8re-saison avec les vacanciers qui viennent en septembre lorsque la foule est repartie. C\u2019est une client\u00e8le plus \u00e2g\u00e9e, qui consomme, et reste plus longtemps sur place. \u00c0 ne pas n\u00e9gliger!\u00a0\u00bb, analyse un commer\u00e7ant de la basse ville.<\/p>\n<p>Pour la municipalit\u00e9, le prochain secteur vis\u00e9 pour redynamiser la ville est celui de la porte d\u2019Italie. \u00ab\u00a0Des travaux importants vont commencer bient\u00f4t. \u00c0 nous de rendre plus attractive cette zone, \u00e0 l\u2019est de Toulon, qui est pr\u00e9pond\u00e9rante pour la ville.\u00a0\u00bb, conclut l\u2019adjoint.<\/p>\n<p>Pour tous, trois crit\u00e8res garantissent l\u2019attractivit\u00e9 touristique d\u2019un lieu: la propret\u00e9, la s\u00e9curit\u00e9 et le sourire. C\u2019est le cas aux halles et \u00e0 l\u2019\u00c9querre. CQFD.<\/p>\n<p>              <img ci-src=\"https:\/\/www.varmatin.com\/conso-shopping\/protec\/DATA_ART_16164072-9VfSOCFA.jpg?vh=a4ba14&amp;ci_seal=f8cb46a07a\" alt=\"\"\/><br \/>\n         <strong>Cr\u00e9dit photo Web uniquement.<\/strong> <\/p>\n<p>            \u00ab On a boss\u00e9 comme des tueurs ! \u00bb<\/p>\n<p>Au Street-bar, sur la place de l\u2019\u00c9querre, les commandes affluent sans discontinuer. Mojitos, Spritz, cocas, bi\u00e8res et cocktails&#8230; In\u00e8s, Jordane et Alexy, les membres du personnel, ne savent plus o\u00f9 donner de la t\u00eate. \u00ab Nous avons \u00e9t\u00e9 ouverts sept jours sur sept pendant toute la saison. Impossible de souffler ! Les gens sont l\u00e0, il faut les servir. \u00bb<\/p>\n<p>Mais ils ne regrettent pas leur \u00e9t\u00e9 2025. \u00ab \u00c7a a mis du temps \u00e0 d\u00e9marrer mais, fin juillet, c\u2019\u00e9tait le feu et \u00e7a n\u2019a plus arr\u00eat\u00e9 depuis. Par rapport \u00e0 l\u2019an dernier, la saison a commenc\u00e9 plus tard mais ne s\u2019est jamais essouffl\u00e9e \u00bb, ajoutent-ils. Comme aux halles, les visiteurs venaient parfois du bout du monde gr\u00e2ce aux bateaux de croisi\u00e8re qui ont fait halte au port.<\/p>\n<p>\u00ab The place to be \u00bb<\/p>\n<p>\u00ab On a boss\u00e9 comme des tueurs ! \u00bb, s\u2019exclame Killian Descamps, aux manettes du Trinidad, l\u2019un des bars les plus \u00ab successful \u00bb de la place : \u00ab La p\u00e9riode du 14 juillet a \u00e9t\u00e9 excellente. On a servi beaucoup de marins. Les Toulonnais \u00e9taient \u00e9galement l\u00e0, comme tout au long de l\u2019ann\u00e9e, et les vacanciers se sont rajout\u00e9s. \u00c7a a fait du monde non-stop \u00bb<\/p>\n<p>Seul b\u00e9mol : le moment du 15 ao\u00fbt. \u00ab Avec les c\u00e9l\u00e9brations et le passage de la patrouille de France, il n\u2019y avait quasi-personne \u00e0 l\u2019\u00c9querre ! Tout le monde \u00e9tait au Mourillon. Mais, une fois pass\u00e9 ce creux de la mi-ao\u00fbt, tout est reparti \u00e0 fond et la fin d\u2019\u00e9t\u00e9 est tr\u00e8s anim\u00e9e aussi. L\u2019\u00c9querre, c\u2019est toujours the place to be (l\u2019endroit o\u00f9 il faut \u00eatre). \u00bb, ajoute le g\u00e9rant, accompagn\u00e9 de C\u00e9dric et Quentin au service.<\/p>\n<p>              <img ci-src=\"https:\/\/www.varmatin.com\/conso-shopping\/protec\/DATA_ART_16164084-9f8DY57b.jpg?vh=ee846c&amp;ci_seal=e7d79aebf3\" alt=\"\"\/><br \/>\n        Au Trinidad, les marins se m\u00ealent joyeusement aux Toulonnais et aux vacanciers. <strong>LE PARC VALERIE \/ Nice Matin.<\/strong> <\/p>\n","protected":false},"excerpt":{"rendered":"La place de l\u2019\u00c9querre et les halles sont des bons barom\u00e8tres de l\u2019activit\u00e9 saisonni\u00e8re dans le centre ancien.&hellip;\n","protected":false},"author":2,"featured_media":357743,"comment_status":"","ping_status":"","sticky":false,"template":"","format":"standard","meta":{"footnotes":""},"categories":[9619],"tags":[1111,11,2876,1777,674,1011,27,12,882,25,2310],"class_list":{"0":"post-357742","1":"post","2":"type-post","3":"status-publish","4":"format-standard","5":"has-post-thumbnail","7":"category-toulon","8":"tag-actu","9":"tag-actualites","10":"tag-conso-shopping","11":"tag-eu","12":"tag-europe","13":"tag-fr","14":"tag-france","15":"tag-news","16":"tag-provence-alpes-cote-dazur","17":"tag-republique-francaise","18":"tag-toulon"},"share_on_mastodon":{"url":"https:\/\/pubeurope.com\/@fr\/115127479433025453","error":""},"_links":{"self":[{"href":"https:\/\/www.europesays.com\/fr\/wp-json\/wp\/v2\/posts\/357742","targetHints":{"allow":["GET"]}}],"collection":[{"href":"https:\/\/www.europesays.com\/fr\/wp-json\/wp\/v2\/posts"}],"about":[{"href":"https:\/\/www.europesays.com\/fr\/wp-json\/wp\/v2\/types\/post"}],"author":[{"embeddable":true,"href":"https:\/\/www.europesays.com\/fr\/wp-json\/wp\/v2\/users\/2"}],"replies":[{"embeddable":true,"href":"https:\/\/www.europesays.com\/fr\/wp-json\/wp\/v2\/comments?post=357742"}],"version-history":[{"count":0,"href":"https:\/\/www.europesays.com\/fr\/wp-json\/wp\/v2\/posts\/357742\/revisions"}],"wp:featuredmedia":[{"embeddable":true,"href":"https:\/\/www.europesays.com\/fr\/wp-json\/wp\/v2\/media\/357743"}],"wp:attachment":[{"href":"https:\/\/www.europesays.com\/fr\/wp-json\/wp\/v2\/media?parent=357742"}],"wp:term":[{"taxonomy":"category","embeddable":true,"href":"https:\/\/www.europesays.com\/fr\/wp-json\/wp\/v2\/categories?post=357742"},{"taxonomy":"post_tag","embeddable":true,"href":"https:\/\/www.europesays.com\/fr\/wp-json\/wp\/v2\/tags?post=357742"}],"curies":[{"name":"wp","href":"https:\/\/api.w.org\/{rel}","templated":true}]}}