{"id":357749,"date":"2025-09-01T05:54:13","date_gmt":"2025-09-01T05:54:13","guid":{"rendered":"https:\/\/www.europesays.com\/fr\/357749\/"},"modified":"2025-09-01T05:54:13","modified_gmt":"2025-09-01T05:54:13","slug":"uso-mondeville-les-lionnes-ouvriront-leur-saison-en-coupe-de-france-a-rouen","status":"publish","type":"post","link":"https:\/\/www.europesays.com\/fr\/357749\/","title":{"rendered":"USO Mondeville. Les Lionnes ouvriront leur saison en Coupe de France \u00e0 Rouen"},"content":{"rendered":"<p>            Par<br \/>\n        <strong><br \/>\n            <a href=\"https:\/\/actu.fr\/auteur\/alexandre-gourlaouen\" title=\"Consulter tous les articles de Alexandre Gourlaouen\" target=\"_blank\" rel=\"noopener\">Alexandre Gourlaouen<\/a><br \/>\n        <\/strong><\/p>\n<p>        Publi\u00e9 le<\/p>\n<p>            1 sept. 2025 \u00e0 6h42        <\/p>\n<p>La reprise approche pour l\u2019<a href=\"https:\/\/actu.fr\/tag\/uso-mondeville\" target=\"_blank\" rel=\"noopener\">USO Mondeville<\/a>. Les Lionnes retrouveront leur parquet le samedi 4\u00a0octobre 2025 pour<b> la r\u00e9ception de Nice<\/b> en Ligue\u00a02 F\u00e9minine. Mais deux semaines plus t\u00f4t, le samedi 20\u00a0septembre, les joueuses de Morgan Debrosse se d\u00e9placeront \u00e0 Rouen (N1) <b>pour le 1er tour de Coupe de France.<\/b><\/p>\n<p>Un derby chaud<\/p>\n<p class=\" wall-content\">Si l\u2019USO Mondeville peut se satisfaire de ne pas croiser imm\u00e9diatement la route <b>d\u2019une autre \u00e9curie de L2F<\/b>, il serait bon de ne pas prendre son adversaire de haut non plus. Rouen, pensionnaire de Nationale 1, <b>est candidat \u00e0 une promotion en Ligue\u00a02<\/b>, sous r\u00e9serve de validation de son dossier par la F\u00e9d\u00e9ration qui a \u00e9mis un avis d\u00e9favorable en premi\u00e8re instance. Mais le club a gagn\u00e9 sa place en Coupe de France suite \u00e0<b> sa victoire lors du Troph\u00e9e F\u00e9minin<\/b> le 25\u00a0avril 2025 face \u00e0 Monaco, alors grand favori de la comp\u00e9tition.<\/p>\n<p class=\" wall-content\">Les joueuses de Morgan Debrosse auront <b>d\u00e9j\u00e0 crois\u00e9 la route de leur adversaire<\/b> puisque les deux \u00e9quipes ont pr\u00e9vu de s\u2019affronter \u00e0 deux reprises, le 6\u00a0septembre \u00e0 Mondeville et le 11\u00a0septembre \u00e0 Rouen, <b>pour terminer leur pr\u00e9paration.<\/b><\/p>\n<p class=\" wall-content\">Personnalisez votre actualit\u00e9 en ajoutant vos villes et m\u00e9dias en favori avec <a href=\"https:\/\/moncompte.actu.fr\" title=\"D\u00e9couvez Mon Actu\" rel=\"nofollow noopener\" data-trk=\"{&quot;cta&quot;:{&quot;action&quot;:&quot;https:\\\/\\\/moncompte.actu.fr&quot;,&quot;category&quot;:&quot;mon compte&quot;,&quot;from&quot;:&quot;article footer&quot;,&quot;name&quot;:&quot;Mon actu&quot;,&quot;type&quot;:&quot;cta&quot;}}\" target=\"_blank\">Mon Actu<\/a>.<\/p>\n","protected":false},"excerpt":{"rendered":"Par Alexandre Gourlaouen Publi\u00e9 le 1 sept. 2025 \u00e0 6h42 La reprise approche pour l\u2019USO Mondeville. Les Lionnes&hellip;\n","protected":false},"author":2,"featured_media":357750,"comment_status":"","ping_status":"","sticky":false,"template":"","format":"standard","meta":{"footnotes":""},"categories":[9587],"tags":[1111,11,1465,1777,674,1011,27,12,5161,25,9590,1745,60,16511],"class_list":{"0":"post-357749","1":"post","2":"type-post","3":"status-publish","4":"format-standard","5":"has-post-thumbnail","7":"category-rouen","8":"tag-actu","9":"tag-actualites","10":"tag-basket","11":"tag-eu","12":"tag-europe","13":"tag-fr","14":"tag-france","15":"tag-news","16":"tag-normandie","17":"tag-republique-francaise","18":"tag-rouen","19":"tag-sport-caen","20":"tag-sports","21":"tag-uso-mondeville"},"share_on_mastodon":{"url":"https:\/\/pubeurope.com\/@fr\/115127495069770224","error":""},"_links":{"self":[{"href":"https:\/\/www.europesays.com\/fr\/wp-json\/wp\/v2\/posts\/357749","targetHints":{"allow":["GET"]}}],"collection":[{"href":"https:\/\/www.europesays.com\/fr\/wp-json\/wp\/v2\/posts"}],"about":[{"href":"https:\/\/www.europesays.com\/fr\/wp-json\/wp\/v2\/types\/post"}],"author":[{"embeddable":true,"href":"https:\/\/www.europesays.com\/fr\/wp-json\/wp\/v2\/users\/2"}],"replies":[{"embeddable":true,"href":"https:\/\/www.europesays.com\/fr\/wp-json\/wp\/v2\/comments?post=357749"}],"version-history":[{"count":0,"href":"https:\/\/www.europesays.com\/fr\/wp-json\/wp\/v2\/posts\/357749\/revisions"}],"wp:featuredmedia":[{"embeddable":true,"href":"https:\/\/www.europesays.com\/fr\/wp-json\/wp\/v2\/media\/357750"}],"wp:attachment":[{"href":"https:\/\/www.europesays.com\/fr\/wp-json\/wp\/v2\/media?parent=357749"}],"wp:term":[{"taxonomy":"category","embeddable":true,"href":"https:\/\/www.europesays.com\/fr\/wp-json\/wp\/v2\/categories?post=357749"},{"taxonomy":"post_tag","embeddable":true,"href":"https:\/\/www.europesays.com\/fr\/wp-json\/wp\/v2\/tags?post=357749"}],"curies":[{"name":"wp","href":"https:\/\/api.w.org\/{rel}","templated":true}]}}