{"id":357755,"date":"2025-09-01T05:59:09","date_gmt":"2025-09-01T05:59:09","guid":{"rendered":"https:\/\/www.europesays.com\/fr\/357755\/"},"modified":"2025-09-01T05:59:09","modified_gmt":"2025-09-01T05:59:09","slug":"lasse-victime-dune-injustice-face-a-grenoble","status":"publish","type":"post","link":"https:\/\/www.europesays.com\/fr\/357755\/","title":{"rendered":"L&rsquo;ASSE victime d&rsquo;une injustice face \u00e0 Grenoble ?"},"content":{"rendered":"<p data-start=\"196\" data-end=\"425\"><strong data-start=\"196\" data-end=\"423\"><a href=\"https:\/\/peuple-vert.fr\/asse-actualite\/asse-les-tops-flops-du-match-face-a-grenoble\/\" target=\"_blank\" rel=\"noopener nofollow\">L\u2019ASSE n\u2019a pas r\u00e9ussi \u00e0 se d\u00e9faire de Grenoble<\/a> malgr\u00e9 une nette domination. Entre r\u00e9alisme offensif en berne, une solution inattendue c\u00f4t\u00e9 gauche et un arbitrage discutable, plusieurs le\u00e7ons sont \u00e0 tirer de cette rencontre.<\/strong><\/p>\n<p data-start=\"487\" data-end=\"1167\">Le match a d\u00e9but\u00e9 de fa\u00e7on prudente, les Verts peinant \u00e0 trouver leur rythme dans les premi\u00e8res minutes. Si le ballon circule, il manque de tranchant et de verticalit\u00e9. Puis, les occasions s\u2019encha\u00eenent : Bernauer d\u2019abord, puis Tardieu et Davitashvili, avant que Duffus ne fasse frissonner les supporters d&rsquo;une frappe en pivot. La d\u00e9livrance arrive \u00e0 la 34\u1d49 minute gr\u00e2ce \u00e0 Nad\u00e9, parfaitement servi par Tardieu, qui ouvre le score d\u2019un tir pied droit apr\u00e8s un joli cadeau de son vis-a-vis qui n&rsquo;a pas r\u00e9ussi \u00e0 se d\u00e9barrasser du ballon.<\/p>\n<p data-start=\"487\" data-end=\"1167\">Cardona fr\u00f4le m\u00eame le break juste apr\u00e8s la pause avec une frappe repouss\u00e9e par le portier is\u00e9rois. Id\u00e9alement servi par Bernauer, le champion de France 2017 \u00e9tait dans une position similaire \u00e0 son but face \u00e0 Rodez, mais n&rsquo;a pas r\u00e9ussi \u00e0 conclure cette fois-ci. Faute d\u2019efficacit\u00e9, l\u2019ASSE n\u2019a pas su concr\u00e9tiser sa domination et s\u2019est finalement fait rejoindre en seconde p\u00e9riode sur l\u2019unique occasion grenobloise.<\/p>\n<p>L\u2019ASSE n\u2019arrive pas \u00e0 tuer le match<\/p>\n<p data-start=\"1215\" data-end=\"1766\">Ce nul (1-1) laisse un go\u00fbt amer. Les hommes de Horneland ont eu de multiples situations pour se mettre \u00e0 l\u2019abri, notamment par Cardona qui manque un face-\u00e0-face capital. Le constat est clair : l\u2019ASSE se cr\u00e9e des occasions, domine territorialement et ma\u00eetrise le tempo, mais a p\u00e9ch\u00e9 cruellement dans la finition ce samedi soir.<\/p>\n<p data-start=\"1215\" data-end=\"1766\">Cette incapacit\u00e9 \u00e0 tuer le match a d\u00e9j\u00e0 co\u00fbt\u00e9 des points cette saison, \u00e0 Laval, et pourrait devenir un vrai frein dans la course \u00e0 la mont\u00e9e. Le r\u00e9alisme offensif doit devenir une priorit\u00e9, car la <a href=\"https:\/\/ligue2.fr\" target=\"_blank\" rel=\"noopener nofollow\">Ligue 2<\/a> ne pardonne pas un tel manque de tranchant. Le club se sait attendu \u00e0 chaque match par des adversaires qui ne prendront pas le risque de se d\u00e9couvrir, m\u00eame men\u00e9s au score, \u00e0 l&rsquo;image du GF38 ce week-end.<\/p>\n<p>Bernauer \u00e0 gauche, une option cr\u00e9dible avant le retour d\u2019Annan<\/p>\n<p data-start=\"1841\" data-end=\"2377\">Align\u00e9 sur le c\u00f4t\u00e9 gauche, Maxime Bernauer a montr\u00e9 qu\u2019il pouvait rendre de pr\u00e9cieux services en attendant le retour d&rsquo;Ebenezer Annan. Solide d\u00e9fensivement, percutant dans ses projections, il a surtout brill\u00e9 dans ses ouvertures et ses r\u00e9cup\u00e9rations, l&rsquo;une de ses ouvertures a amen\u00e9 une grosse occasion qu&rsquo;Irvin Cardona n&rsquo;a pas r\u00e9ussi \u00e0 concr\u00e9tiser. Sa polyvalence est un atout majeur dans un effectif encore marqu\u00e9 par des absences. Si Annan reste le titulaire d\u00e9fini, Bernauer a prouv\u00e9 qu\u2019il pouvait assurer l\u2019int\u00e9rim gr\u00e2ce \u00e0 sa polyvalence sans faillir et offrir des solutions tactiques int\u00e9ressantes \u00e0 Horneland.<\/p>\n<p>Un arbitrage discutable qui interroge<\/p>\n<p data-start=\"2427\" data-end=\"2975\">Un fait de match fait particuli\u00e8rement d\u00e9bat : le tacle violent subi par Jaber avant la pause, qui l&rsquo;a contraint \u00e0 c\u00e9der sa place suite \u00e0 une entaille. L\u2019action aurait possiblement m\u00e9rit\u00e9 un carton rouge direct, mais l\u2019arbitre s\u2019est content\u00e9 d\u2019un simple avertissement. Cette d\u00e9cision a influenc\u00e9 la physionomie de la rencontre, privant l\u2019ASSE d\u2019un \u00e9l\u00e9ment cl\u00e9 et accentuant la frustration des Verts.<\/p>\n<p data-start=\"2427\" data-end=\"2975\">Dans un championnat o\u00f9 chaque d\u00e9tail compte, ce type d\u2019erreurs arbitrales p\u00e8se lourd. Les supporters ne manqueront pas de souligner ce manquement, qui s\u2019ajoute au sentiment d\u2019une victoire envol\u00e9e.<\/p>\n","protected":false},"excerpt":{"rendered":"L\u2019ASSE n\u2019a pas r\u00e9ussi \u00e0 se d\u00e9faire de Grenoble malgr\u00e9 une nette domination. Entre r\u00e9alisme offensif en berne,&hellip;\n","protected":false},"author":2,"featured_media":357756,"comment_status":"","ping_status":"","sticky":false,"template":"","format":"standard","meta":{"footnotes":""},"categories":[9566],"tags":[1111,11,2430,1777,674,1011,27,2731,12,25],"class_list":{"0":"post-357755","1":"post","2":"type-post","3":"status-publish","4":"format-standard","5":"has-post-thumbnail","7":"category-grenoble","8":"tag-actu","9":"tag-actualites","10":"tag-auvergne-rhone-alpes","11":"tag-eu","12":"tag-europe","13":"tag-fr","14":"tag-france","15":"tag-grenoble","16":"tag-news","17":"tag-republique-francaise"},"share_on_mastodon":{"url":"https:\/\/pubeurope.com\/@fr\/115127514920109728","error":""},"_links":{"self":[{"href":"https:\/\/www.europesays.com\/fr\/wp-json\/wp\/v2\/posts\/357755","targetHints":{"allow":["GET"]}}],"collection":[{"href":"https:\/\/www.europesays.com\/fr\/wp-json\/wp\/v2\/posts"}],"about":[{"href":"https:\/\/www.europesays.com\/fr\/wp-json\/wp\/v2\/types\/post"}],"author":[{"embeddable":true,"href":"https:\/\/www.europesays.com\/fr\/wp-json\/wp\/v2\/users\/2"}],"replies":[{"embeddable":true,"href":"https:\/\/www.europesays.com\/fr\/wp-json\/wp\/v2\/comments?post=357755"}],"version-history":[{"count":0,"href":"https:\/\/www.europesays.com\/fr\/wp-json\/wp\/v2\/posts\/357755\/revisions"}],"wp:featuredmedia":[{"embeddable":true,"href":"https:\/\/www.europesays.com\/fr\/wp-json\/wp\/v2\/media\/357756"}],"wp:attachment":[{"href":"https:\/\/www.europesays.com\/fr\/wp-json\/wp\/v2\/media?parent=357755"}],"wp:term":[{"taxonomy":"category","embeddable":true,"href":"https:\/\/www.europesays.com\/fr\/wp-json\/wp\/v2\/categories?post=357755"},{"taxonomy":"post_tag","embeddable":true,"href":"https:\/\/www.europesays.com\/fr\/wp-json\/wp\/v2\/tags?post=357755"}],"curies":[{"name":"wp","href":"https:\/\/api.w.org\/{rel}","templated":true}]}}