{"id":357757,"date":"2025-09-01T06:00:14","date_gmt":"2025-09-01T06:00:14","guid":{"rendered":"https:\/\/www.europesays.com\/fr\/357757\/"},"modified":"2025-09-01T06:00:14","modified_gmt":"2025-09-01T06:00:14","slug":"broadpeak-et-kerlink-qui-rient-okwind-qui-pleure-en-ille-et-vilaine-comment-se-portent-les-entreprises-cotees-en-bourse","status":"publish","type":"post","link":"https:\/\/www.europesays.com\/fr\/357757\/","title":{"rendered":"Broadpeak et Kerlink qui rient, OKwind qui pleure\u00a0: en Ille-et-Vilaine, comment se portent les entreprises cot\u00e9es en Bourse\u00a0?"},"content":{"rendered":"<p>1 Broadpeak, le retour de la croissance<\/p>\n<p>Le sp\u00e9cialiste des technologies de streaming vid\u00e9o Broadpeak va mieux. L\u2019entreprise de Cesson-S\u00e9vign\u00e9 (35), \u00e0 c\u00f4t\u00e9 de Rennes, avait vu son chiffre d\u2019affaires se d\u00e9grader et sa rentabilit\u00e9 virer au rouge en 2023, sous l\u2019effet d\u2019un march\u00e9 mondial morose. Pour redresser la barre, <a href=\"https:\/\/www.letelegramme.fr\/economie\/entreprise\/a-rennes-le-specialiste-du-streaming-video-broadpeak-va-se-serrer-la-ceinture-6527041.php\" target=\"_blank\" rel=\"noopener\">un plan d\u2019\u00e9conomies<\/a> est mis en place, avec, au programme, un moindre recours aux prestataires externes et une baisse des effectifs. \u00c0 fin 2024, Broadpeak comptait 296 collaborateurs, contre 332 an plus t\u00f4t.<\/p>\n<p>Apr\u00e8s un exercice 2024 atone, l\u2019entreprise voit finalement son chiffre d\u2019affaires repartir \u00e0 la hausse au premier semestre 2025 : + 26 % \u00e0 21,6 M\u20ac. Et ce, gr\u00e2ce \u00ab \u00e0 un contrat avec un op\u00e9rateur europ\u00e9en, client [\u2026] depuis plusieurs ann\u00e9es \u00bb. Pour l\u2019avenir, Broadpeak compte bien poursuivre sur sa lanc\u00e9e et renouer avec la rentabilit\u00e9. Il mise notamment sur le march\u00e9 de la publicit\u00e9 digitale, plus cibl\u00e9e et plus interactive que la publicit\u00e9 classique, pour tirer sa croissance.<\/p>\n<p>2 Kerlink, de nouveau sur de bons rails<\/p>\n<p>Autre entreprise, histoire assez proche. Install\u00e9 \u00e0 Thorign\u00e9-Fouillard (35), Kerlink commercialise des solutions de r\u00e9seaux et des services pour piloter les objets connect\u00e9s. Sous l\u2019effet de <a href=\"https:\/\/www.letelegramme.fr\/economie\/entreprise\/kerlink-fait-les-frais-de-la-chute-des-cryptomonnaies-6394330.php\" target=\"_blank\" rel=\"noopener\">la d\u00e9route du march\u00e9 des cryptomonnaies<\/a> (sur lequel l\u2019entreprise \u00e9tait expos\u00e9e) et de la baisse des commandes au niveau mondial, la soci\u00e9t\u00e9 a enregistr\u00e9 un recul de son chiffre d\u2019affaires en 2023 et 2024, associ\u00e9 \u00e0 une hausse de son endettement (pr\u00e8s de 8 M\u20ac en 2024). En r\u00e9action, elle d\u00e9cide de <a href=\"https:\/\/www.letelegramme.fr\/ille-et-vilaine\/rennes-35000\/internet-des-objets-pres-de-rennes-kerlink-a-du-supprimer-des-postes-6570829.php\" target=\"_blank\" rel=\"noopener\">faire des \u00e9conomies<\/a>, ce qui se traduit notamment par la suppression de 25 postes &#8211; ils sont 70 salari\u00e9s aujourd\u2019hui. Elle revoit aussi sa strat\u00e9gie commerciale, en ciblant davantage les industriels que les op\u00e9rateurs t\u00e9l\u00e9com et les collectivit\u00e9s. Des changements payants pour la PME, qui affiche un chiffre d\u2019affaires en hausse de 16 % \u00e0 7,2 M\u20ac sur les six premiers mois de 2025 et esp\u00e8re bien terminer l\u2019ann\u00e9e sur une croissance \u00ab solide \u00bb. C\u00f4t\u00e9 technologies, Kerlink a notamment d\u00e9cid\u00e9 de miser sur le ferroviaire, en lan\u00e7ant une balise permettant de surveiller les activit\u00e9s de fret en temps r\u00e9el.<\/p>\n<p>3 OKwind, le soleil brille moins fort<\/p>\n<p>Chez OKwind, l\u2019ambiance est plus morose. Apr\u00e8s <a href=\"https:\/\/www.letelegramme.fr\/economie\/space\/photovoltaique-okwind-essaime-dans-le-monde-agricole-6426386.php\" target=\"_blank\" rel=\"noopener\">deux ans de croissance<\/a> \u00e0 vitesse grand V, l\u2019entreprise de Torc\u00e9 (35), connue pour ses panneaux solaires pivotants, a vu son chiffre d\u2019affaires reculer de 31 % en 2024 et sa rentabilit\u00e9 passer en n\u00e9gatif. La faute \u00e0 un march\u00e9 perturb\u00e9 par les difficult\u00e9s \u00e9conomiques du monde agricole (premier client d\u2019OKwind) et l\u2019attentisme li\u00e9 \u00e0 la dissolution de l\u2019Assembl\u00e9e nationale en France. D\u00e9but 2025, la situation est toujours compliqu\u00e9e pour OKwind. Au premier semestre, son chiffre d\u2019affaires affiche une baisse de 57 %, \u00e0 13,4 M\u20ac. Une performance que l\u2019entreprise explique cette fois par \u00ab l\u2019\u00e9volution du cadre r\u00e9glementaire et la baisse tarifaire de l\u2019\u00e9lectricit\u00e9 \u00bb. Pour renouer avec la croissance \u00ab \ufeff\u00e0 moyen terme \u00bb\ufeff, l\u2019entreprise, qui construit <a anchorselected=\"true\" href=\"https:\/\/www.letelegramme.fr\/ille-et-vilaine\/pourquoi-le-groupe-breton-okwind-va-investir-15-meur-pres-de-vitre-6679081.php\" target=\"_blank\" rel=\"noopener\">un nouveau si\u00e8ge pr\u00e8s de Vitr\u00e9 (35)<\/a>, mise sur le lancement d\u2019une nouvelle offre combinant production d\u2019\u00e9lectricit\u00e9 avec les trackers solaires, stockage par batterie et syst\u00e8me de gestion.<\/p>\n<p>4 AMA, toujours dans le dur<\/p>\n<p>AMA, sp\u00e9cialiste des lunettes connect\u00e9es pour l\u2019industrie et les services, n\u2019est pas encore sorti du tunnel. Cr\u00e9\u00e9e \u00e0 Rennes par la famille Guillemot, la start-up a encha\u00een\u00e9 <a href=\"https:\/\/www.letelegramme.fr\/economie\/en-difficulte-la-start-up-rennaise-de-la-famille-guillemot-cherche-a-se-donner-de-lair-6372740.php\" target=\"_blank\" rel=\"noopener\">trois ann\u00e9es de baisse<\/a> de chiffre d\u2019affaires entre 2022 et 2024, en raison d\u2019un d\u00e9veloppement plus lent que pr\u00e9vu du march\u00e9 des solutions de r\u00e9alit\u00e9 assist\u00e9e. Face \u00e0 cette situation, AMA a sorti <a href=\"http:\/\/letelegramme.fr\/ille-et-vilaine\/rennes-35000\/nouveau-dg-suppressions-de-postes-ama-la-start-up-rennaise-de-la-famille-guillemot-veut-se-relancer-6594498.php\" target=\"_blank\" rel=\"noopener\">les gros moyens<\/a> : suppressions de postes (40 salari\u00e9s dans l\u2019entreprise en 2024 contre 184 salari\u00e9s en 2021), nomination d\u2019\u00c9tienne Guillemot \u00e0 la direction g\u00e9n\u00e9rale (Christian Guillemot ne conservant que la pr\u00e9sidence), lev\u00e9e de fonds et d\u00e9veloppement de solutions bas\u00e9es sur l\u2019intelligence artificielle. Jusqu\u2019ici, cette nouvelle strat\u00e9gie n\u2019a pas encore pay\u00e9. Au premier semestre 2025, les ventes sont encore en baisse (-8 %, \u00e0 1,2 M\u20ac). La PME table toutefois sur une augmentation de son carnet de commandes d\u2019ici la fin de l\u2019ann\u00e9e.<\/p>\n<p>5 Enensys, d\u00e9j\u00e0 la fin des bonnes nouvelles ?<\/p>\n<p>Pendant plusieurs ann\u00e9es, l\u2019entreprise Enensys Technologies, qui propose des technologies de diffusion t\u00e9l\u00e9 et vid\u00e9o, a \u00e9volu\u00e9 sur un march\u00e9 compliqu\u00e9, avec des r\u00e9sultats chahut\u00e9s. En 2024, l\u2019entreprise de Cesson-S\u00e9vign\u00e9 (35) a fini par <a href=\"https:\/\/www.letelegramme.fr\/ille-et-vilaine\/rennes-35000\/diffusion-tele-pres-de-rennes-enensys-releve-la-tete-apres-une-periode-difficile-6683272.php\" target=\"_blank\" rel=\"noopener\">relever la t\u00eate<\/a>, port\u00e9e par un effet \u00ab Jeux olympiques \u00bb, avec un chiffre d\u2019affaires en hausse de 24 % et un r\u00e9sultat net dans le vert. Mais au premier semestre 2025, le chiffre d\u2019affaires a de nouveau d\u00e9viss\u00e9 (-35,3 % \u00e0 4,9 M\u20ac). \u00ab Le climat \u00e9conomique mondial tendu, notamment en raison des discussions persistantes autour des droits de douane et des tensions g\u00e9opolitiques, en particulier au Moyen-Orient, accentue l\u2019attentisme des donneurs d\u2019ordre et retarde le lancement de nombreux projets \u00bb, explique Enensys, qui aborde le second semestre \u00ab avec prudence \u00bb.<\/p>\n","protected":false},"excerpt":{"rendered":"1 Broadpeak, le retour de la croissance Le sp\u00e9cialiste des technologies de streaming vid\u00e9o Broadpeak va mieux. L\u2019entreprise&hellip;\n","protected":false},"author":2,"featured_media":357758,"comment_status":"","ping_status":"","sticky":false,"template":"","format":"standard","meta":{"footnotes":""},"categories":[2821],"tags":[1111,11,829,33,257,1777,674,1011,27,848,12,584,25],"class_list":{"0":"post-357757","1":"post","2":"type-post","3":"status-publish","4":"format-standard","5":"has-post-thumbnail","7":"category-rennes","8":"tag-actu","9":"tag-actualites","10":"tag-bretagne","11":"tag-economie","12":"tag-entreprise","13":"tag-eu","14":"tag-europe","15":"tag-fr","16":"tag-france","17":"tag-ille-et-vilaine","18":"tag-news","19":"tag-rennes","20":"tag-republique-francaise"},"share_on_mastodon":{"url":"https:\/\/pubeurope.com\/@fr\/115127518810670764","error":""},"_links":{"self":[{"href":"https:\/\/www.europesays.com\/fr\/wp-json\/wp\/v2\/posts\/357757","targetHints":{"allow":["GET"]}}],"collection":[{"href":"https:\/\/www.europesays.com\/fr\/wp-json\/wp\/v2\/posts"}],"about":[{"href":"https:\/\/www.europesays.com\/fr\/wp-json\/wp\/v2\/types\/post"}],"author":[{"embeddable":true,"href":"https:\/\/www.europesays.com\/fr\/wp-json\/wp\/v2\/users\/2"}],"replies":[{"embeddable":true,"href":"https:\/\/www.europesays.com\/fr\/wp-json\/wp\/v2\/comments?post=357757"}],"version-history":[{"count":0,"href":"https:\/\/www.europesays.com\/fr\/wp-json\/wp\/v2\/posts\/357757\/revisions"}],"wp:featuredmedia":[{"embeddable":true,"href":"https:\/\/www.europesays.com\/fr\/wp-json\/wp\/v2\/media\/357758"}],"wp:attachment":[{"href":"https:\/\/www.europesays.com\/fr\/wp-json\/wp\/v2\/media?parent=357757"}],"wp:term":[{"taxonomy":"category","embeddable":true,"href":"https:\/\/www.europesays.com\/fr\/wp-json\/wp\/v2\/categories?post=357757"},{"taxonomy":"post_tag","embeddable":true,"href":"https:\/\/www.europesays.com\/fr\/wp-json\/wp\/v2\/tags?post=357757"}],"curies":[{"name":"wp","href":"https:\/\/api.w.org\/{rel}","templated":true}]}}