{"id":357759,"date":"2025-09-01T06:01:27","date_gmt":"2025-09-01T06:01:27","guid":{"rendered":"https:\/\/www.europesays.com\/fr\/357759\/"},"modified":"2025-09-01T06:01:27","modified_gmt":"2025-09-01T06:01:27","slug":"rennes-le-trac-positif-des-enseignants-a-la-rentree-scolaire","status":"publish","type":"post","link":"https:\/\/www.europesays.com\/fr\/357759\/","title":{"rendered":"Rennes. Le trac positif des enseignants \u00e0 la rentr\u00e9e scolaire"},"content":{"rendered":"<p class=\"block date\" id=\"dateEtAuteur\">Publi\u00e9 : 6h28  par Dolor\u00e8s  CHARLES <\/p>\n<p><img decoding=\"async\" class=\"\" style=\"width:100%\" src=\"https:\/\/www.europesays.com\/fr\/wp-content\/uploads\/2025\/09\/RENTREE_2024_ECOLE_MIRIAM_MAKEBA_RENNES_ENTREE_ELEVES1756700735221.jpg\" alt=\"Ecole Miriam Makeba de Rennes\"\/><\/p>\n<p>Ecole Miriam Makeba de Rennes<\/p>\n<p>Cr\u00e9dit : Yann Launay<\/p>\n<p>La rentr\u00e9e scolaire, c&rsquo;est ce lundi (1er septembre), et des milliers d&rsquo;\u00e9l\u00e8ves ont certainement un peu le trac, voir la boule au ventre. Les professeurs aussi, peuvent avoir un peu d&rsquo;appr\u00e9hension. T\u00e9moignages recueillis par Yann Launay \u00e0 Rennes. <\/p>\n<p>Delphine est professeur d&rsquo;italien au lyc\u00e9e Co\u00ebtlogon, \u00e0 Rennes. Ce n&rsquo;est pas sa premi\u00e8re rentr\u00e9e, elle n&rsquo;est pas r\u00e9ellement intimid\u00e9e, mais ressent quand m\u00eame un peu d&rsquo;appr\u00e9hension. \u00ab\u00a0On ne conna\u00eet pas les gamins, ils ne nous connaissent pas non plus. Forc\u00e9ment il y a ce petit trac, c&rsquo;est comme quand on entre sur sc\u00e8ne pour aller faire de la musique, chanter ou jouer : il est n\u00e9cessaire pour que cela se passe bien, c&rsquo;est du trac positif.<\/p>\n<blockquote><p>\nUn trac positif des enseignants\n<\/p><\/blockquote>\n<p>Moi, je fonctionne beaucoup \u00e0 l&rsquo;humour. J&rsquo;aime bien rire avec mes \u00e9l\u00e8ves, les mettre \u00e0 l&rsquo;aise, leur dire que l&rsquo;erreur est humaine, que c&rsquo;est en se trompant qu&rsquo;on apprend. Les rassurer au maximum pour qu&rsquo;ils se sentent en s\u00e9curit\u00e9. D\u00e8s que le dialogue est instaur\u00e9 et qu&rsquo;ils se sentent en s\u00e9curit\u00e9, et \u00e7a roule.\u00a0\u00bb<\/p>\n<p>Delphine prof d&rsquo;italien au lyc\u00e9e Co\u00ebtlogon, \u00e0 RennesDelphine prof d&rsquo;italien au lyc\u00e9e Co\u00ebtlogon, \u00e0 Rennes<\/p>\n<p>Cr\u00e9dit : Yann Launay<\/p>\n<p>Les budgets limit\u00e9s, les projets difficile \u00e0 financer, ne sont pas une nouveaut\u00e9, et les craintes sont r\u00e9elles de voir les choses s&rsquo;aggraver, en ces temps d&rsquo;aust\u00e9rit\u00e9. Mais une \u00e9quipe enseignante compl\u00e8te et motiv\u00e9e reste le plus important, aux yeux de Jo\u00eblle Le Rhun, proviseure du lyc\u00e9e professionnel Co\u00ebtlogon, \u00e0 Rennes.<\/p>\n<blockquote><p>\n\u00ab\u00a0Cela ne peut pas \u00eatre qu&rsquo;une question de moyens !\u00a0\u00bb\n<\/p><\/blockquote>\n<p>\u00ab\u00a0On veut toujours plus de moyens, surtout ici c&rsquo;est quand m\u00eame un gros lyc\u00e9e professionnel, \u00a0avec une population qui a certaines difficult\u00e9s, mais \u00e7a ne peut pas \u00eatre qu&rsquo;une question de moyens : <strong>en lyc\u00e9e professionnel, on n&rsquo;y vient pas par hasard, on accueille des \u00e9l\u00e8ves qui sont souvent caboss\u00e9s, donc c&rsquo;est un vrai d\u00e9fi, il faut les revaloriser, les accompagner, et les amener \u00e0 la r\u00e9ussite<\/strong>. En g\u00e9n\u00e9ral, quand on fait ce choix, c&rsquo;est qu&rsquo;on a envie d&rsquo;\u00eatre utile et de faire quelque chose pour ces jeunes.\u00a0\u00bb<\/p>\n<p>Jo\u00eblle Le Rhun, proviseure du lyc\u00e9e professionnel Co\u00ebtlogon, \u00e0 Rennes.Jo\u00eblle Le Rhun, proviseure du lyc\u00e9e professionnel Co\u00ebtlogon, \u00e0 Rennes. <\/p>\n<p>En cette rentr\u00e9e, des familles sont toujours en attente d&rsquo;une aide de vie scolaire pour leur enfant. Un nouveau dispositif est mis en place sur une partie du territoire, pour r\u00e9pondre plus rapidement aux besoins des \u00e9l\u00e8ves qui pr\u00e9sentent un handicap.<\/p>\n<blockquote><p>\nLes limites de l&rsquo;inclusion scolaire\n<\/p><\/blockquote>\n<p>L&rsquo;Education nationale doit faire encore mieux, pour Jo\u00eblle Le Rhun, m\u00eame si l&rsquo;inclusion a peut-\u00eatre montr\u00e9 ses limites. \u00ab\u00a0<strong>On voit arriver dans nos \u00e9tablissements des \u00e9l\u00e8ves dont le profil va au-del\u00e0 de ce qu&rsquo;est possible dans l&rsquo;inclusion scolaire. <\/strong>Parfois l&rsquo;inclusion n\u00e9cessite des moyens autres, que l&rsquo;on n&rsquo;a pas dans les \u00e9tablissements, et pour quelques-uns, pas la majorit\u00e9, ce serait mieux pour eux, peut-\u00eatre, d&rsquo;\u00eatre dans une structure plus adapt\u00e9e. Dans tous les cas, on les accompagne comme on peut, et on ne les oublie pas non plus.\u00a0\u00bb<\/p>\n<p>Jo\u00eblle Le Rhun, proviseure du lyc\u00e9e professionnel Co\u00ebtlogon, \u00e0 RennesJo\u00eblle Le Rhun, proviseure du lyc\u00e9e professionnel Co\u00ebtlogon, \u00e0 Rennes <\/p>\n<p>Quelque 12 millions d&rsquo;\u00e9l\u00e8ves vont retourner en cours cette semaine en France. dont 560 000 \u00e9l\u00e8ves dans l&rsquo;<a href=\"https:\/\/hitwest.ouest-france.fr\/rectrice-de-l-academie-de-rennes-on-a-le-devoir-de-reperer-les-enfants-qui-vont-mal\" rel=\"noopener\" target=\"_blank\">acad\u00e9mie de Rennes,<\/a> et 670 000 dans l&rsquo;Acad\u00e9mie de Nantes.<\/p>\n","protected":false},"excerpt":{"rendered":"Publi\u00e9 : 6h28 par Dolor\u00e8s CHARLES Ecole Miriam Makeba de Rennes Cr\u00e9dit : Yann Launay La rentr\u00e9e scolaire,&hellip;\n","protected":false},"author":2,"featured_media":357760,"comment_status":"","ping_status":"","sticky":false,"template":"","format":"standard","meta":{"footnotes":""},"categories":[2821],"tags":[1111,11,13292,1438,1465,13293,3450,829,4356,2171,4357,3472,434,1777,674,9593,3337,3321,2257,1011,27,9518,848,1114,13289,2693,66,3047,1781,13291,13290,3729,766,12,9144,2636,3319,584,25,4937,3728,3272,60,3087,3165,2546],"class_list":{"0":"post-357759","1":"post","2":"type-post","3":"status-publish","4":"format-standard","5":"has-post-thumbnail","7":"category-rennes","8":"tag-actu","9":"tag-actualites","10":"tag-aeroport-notre-dame-des-landes","11":"tag-angers","12":"tag-basket","13":"tag-bonnets-rouges","14":"tag-brest","15":"tag-bretagne","16":"tag-coronavirus","17":"tag-cotes-darmor","18":"tag-covid-19","19":"tag-dinan","20":"tag-epidemie","21":"tag-eu","22":"tag-europe","23":"tag-fcn","24":"tag-festivals","25":"tag-finistere","26":"tag-foot","27":"tag-fr","28":"tag-france","29":"tag-hand","30":"tag-ille-et-vilaine","31":"tag-infos","32":"tag-la-roche-sur-yon","33":"tag-laval","34":"tag-ligue-1","35":"tag-loire-atlantique","36":"tag-lorient","37":"tag-maine-et-loire","38":"tag-mayenne","39":"tag-morbihan","40":"tag-nantes","41":"tag-news","42":"tag-ouest","43":"tag-pays-de-la-loire","44":"tag-quimper","45":"tag-rennes","46":"tag-republique-francaise","47":"tag-saint-brieuc","48":"tag-saint-malo","49":"tag-saint-nazaire","50":"tag-sports","51":"tag-stade-rennais","52":"tag-vannes","53":"tag-vendee"},"share_on_mastodon":{"url":"","error":"Validation failed: Text character limit of 500 exceeded"},"_links":{"self":[{"href":"https:\/\/www.europesays.com\/fr\/wp-json\/wp\/v2\/posts\/357759","targetHints":{"allow":["GET"]}}],"collection":[{"href":"https:\/\/www.europesays.com\/fr\/wp-json\/wp\/v2\/posts"}],"about":[{"href":"https:\/\/www.europesays.com\/fr\/wp-json\/wp\/v2\/types\/post"}],"author":[{"embeddable":true,"href":"https:\/\/www.europesays.com\/fr\/wp-json\/wp\/v2\/users\/2"}],"replies":[{"embeddable":true,"href":"https:\/\/www.europesays.com\/fr\/wp-json\/wp\/v2\/comments?post=357759"}],"version-history":[{"count":0,"href":"https:\/\/www.europesays.com\/fr\/wp-json\/wp\/v2\/posts\/357759\/revisions"}],"wp:featuredmedia":[{"embeddable":true,"href":"https:\/\/www.europesays.com\/fr\/wp-json\/wp\/v2\/media\/357760"}],"wp:attachment":[{"href":"https:\/\/www.europesays.com\/fr\/wp-json\/wp\/v2\/media?parent=357759"}],"wp:term":[{"taxonomy":"category","embeddable":true,"href":"https:\/\/www.europesays.com\/fr\/wp-json\/wp\/v2\/categories?post=357759"},{"taxonomy":"post_tag","embeddable":true,"href":"https:\/\/www.europesays.com\/fr\/wp-json\/wp\/v2\/tags?post=357759"}],"curies":[{"name":"wp","href":"https:\/\/api.w.org\/{rel}","templated":true}]}}