{"id":357761,"date":"2025-09-01T06:02:21","date_gmt":"2025-09-01T06:02:21","guid":{"rendered":"https:\/\/www.europesays.com\/fr\/357761\/"},"modified":"2025-09-01T06:02:21","modified_gmt":"2025-09-01T06:02:21","slug":"strasbourg-un-double-concert-franco-allemand-autour-des-orgues-silbermann-le-6-septembre","status":"publish","type":"post","link":"https:\/\/www.europesays.com\/fr\/357761\/","title":{"rendered":"Strasbourg. Un double concert franco-allemand autour des orgues Silbermann le 6 septembre"},"content":{"rendered":"<p>L\u2019association Accord et fugue propose pour la premi\u00e8re fois, samedi 6 septembre, un concert en diffusion en direct autour des orgues Silbermann de l\u2018\u00e9glise Saint-Thomas \u00e0 Strasbourg et de la cath\u00e9drale de Freiberg.<\/p>\n<p>La partie se d\u00e9roulant \u00e0 Freiberg (Saxe) sera diffus\u00e9e \u00e0 l\u2019\u00e9glise Saint-Thomas. Avec \u00e0 l\u2019orgue Jean-Andr\u00e9 Silbermann (1741) de Saint-Thomas \u00e0 Strasbourg : Anna-Victoria Baltrusch-Schulze (Allemagne) et Daniel Maurer (France). Et \u00e0 l\u2019orgue Gottfried Silbermann (1714) de la cath\u00e9drale de Freiberg : Ja Kyung Oh (Cor\u00e9e du Sud) et Henry Fairs (Grande Bretagne).<\/p>\n<p>Le double concert, se d\u00e9roulant en quatre parties d\u2019environ 20 minutes en alternance entre Strasbourg et Freiberg, permettra de mettre en valeur deux orgues historiques de la famille Silbermann.<\/p>\n<p class=\"note\">\u00c9glise Saint-Thomas, 11 rue Martin-Luther \u00e0 Strasbourg, samedi 6 septembre \u00e0 19h30. Tarif : 15 \u20ac.<\/p>\n","protected":false},"excerpt":{"rendered":"L\u2019association Accord et fugue propose pour la premi\u00e8re fois, samedi 6 septembre, un concert en diffusion en direct&hellip;\n","protected":false},"author":2,"featured_media":357762,"comment_status":"","ping_status":"","sticky":false,"template":"","format":"standard","meta":{"footnotes":""},"categories":[2820],"tags":[1111,11,2389,1687,2880,1777,674,107,1011,27,775,873,12,25,640,2879],"class_list":{"0":"post-357761","1":"post","2":"type-post","3":"status-publish","4":"format-standard","5":"has-post-thumbnail","7":"category-strasbourg","8":"tag-actu","9":"tag-actualites","10":"tag-alsace","11":"tag-culture-loisirs","12":"tag-edition-strasbourg","13":"tag-eu","14":"tag-europe","15":"tag-fil-info","16":"tag-fr","17":"tag-france","18":"tag-grand-est","19":"tag-musique","20":"tag-news","21":"tag-republique-francaise","22":"tag-strasbourg","23":"tag-strasbourg-ville"},"share_on_mastodon":{"url":"https:\/\/pubeurope.com\/@fr\/115127526539767338","error":""},"_links":{"self":[{"href":"https:\/\/www.europesays.com\/fr\/wp-json\/wp\/v2\/posts\/357761","targetHints":{"allow":["GET"]}}],"collection":[{"href":"https:\/\/www.europesays.com\/fr\/wp-json\/wp\/v2\/posts"}],"about":[{"href":"https:\/\/www.europesays.com\/fr\/wp-json\/wp\/v2\/types\/post"}],"author":[{"embeddable":true,"href":"https:\/\/www.europesays.com\/fr\/wp-json\/wp\/v2\/users\/2"}],"replies":[{"embeddable":true,"href":"https:\/\/www.europesays.com\/fr\/wp-json\/wp\/v2\/comments?post=357761"}],"version-history":[{"count":0,"href":"https:\/\/www.europesays.com\/fr\/wp-json\/wp\/v2\/posts\/357761\/revisions"}],"wp:featuredmedia":[{"embeddable":true,"href":"https:\/\/www.europesays.com\/fr\/wp-json\/wp\/v2\/media\/357762"}],"wp:attachment":[{"href":"https:\/\/www.europesays.com\/fr\/wp-json\/wp\/v2\/media?parent=357761"}],"wp:term":[{"taxonomy":"category","embeddable":true,"href":"https:\/\/www.europesays.com\/fr\/wp-json\/wp\/v2\/categories?post=357761"},{"taxonomy":"post_tag","embeddable":true,"href":"https:\/\/www.europesays.com\/fr\/wp-json\/wp\/v2\/tags?post=357761"}],"curies":[{"name":"wp","href":"https:\/\/api.w.org\/{rel}","templated":true}]}}