{"id":357781,"date":"2025-09-01T06:28:15","date_gmt":"2025-09-01T06:28:15","guid":{"rendered":"https:\/\/www.europesays.com\/fr\/357781\/"},"modified":"2025-09-01T06:28:15","modified_gmt":"2025-09-01T06:28:15","slug":"un-defenseur-de-lom-debarque-dans-le-morbihan-apres-la-deculottee-contre-lille","status":"publish","type":"post","link":"https:\/\/www.europesays.com\/fr\/357781\/","title":{"rendered":"Un d\u00e9fenseur de l&rsquo;OM d\u00e9barque dans le Morbihan apr\u00e8s la d\u00e9culott\u00e9e contre Lille"},"content":{"rendered":"<p>                                            Publi\u00e9 le 01\/09\/2025 \u00e0 07h51<br \/>\n                                                                                2 minutes de lecture\n                                                                    <\/p>\n<p>F\u00e9ru de sport et plus particuli\u00e8rement de ballon rond depuis ma plus tendre enfance.<\/p>\n<p>                                            Lire la suite<\/p>\n<p>Le parcours de <strong>Bamo M\u00e9it\u00e9<\/strong> \u00e0 l\u00a0\u00bbOlympique de Marseille touche \u00e0 sa fin avec un nouveau pr\u00eat qui le ram\u00e8ne vers des terres famili\u00e8res. Le d\u00e9fenseur ivoirien de <strong>23 ans<\/strong>, arriv\u00e9 dans la cit\u00e9 phoc\u00e9enne il y a deux saisons, n&rsquo;est jamais parvenu \u00e0 confirmer les espoirs plac\u00e9s en lui malgr\u00e9 des d\u00e9buts encourageants. Son passage r\u00e9cent \u00e0 Montpellier lors du mercato hivernal s&rsquo;est sold\u00e9 par un \u00e9chec cuisant, le joueur sombrant avec l&rsquo;\u00e9quipe h\u00e9raultaise sans r\u00e9ussir \u00e0 retrouver son niveau. Cette nouvelle opportunit\u00e9 \u00e0 Lorient, son ancien club, repr\u00e9sente une chance de r\u00e9demption cruciale pour un joueur qui cherche d\u00e9sesp\u00e9r\u00e9ment \u00e0 relancer une carri\u00e8re qui semblait pourtant prometteuse. Le timing de ce transfert, intervenant dans les derni\u00e8res heures du mercato estival, souligne l&rsquo;urgence de la situation pour toutes les parties concern\u00e9es.<\/p>\n<p>                                <img decoding=\"async\" src=\"https:\/\/www.europesays.com\/fr\/wp-content\/uploads\/2025\/04\/1744123449_543_logo.png\" alt=\"Logo\"\/><\/p>\n<p>100\u20ac offerts sur ton 1er pari !<\/p>\n<p>                            <a href=\"https:\/\/bit.ly\/4j5wl4k\" class=\"headband-button\" rel=\"nofollow noopener\" target=\"_blank\">J&rsquo;en profite<\/a><\/p>\n<p>                                                                <img loading=\"lazy\" decoding=\"async\" src=\"https:\/\/www.europesays.com\/fr\/wp-content\/uploads\/2025\/09\/mercato-lorient-un-defenseur-de-l-om-debarque-dans-le-morbihan-apres-la-deculottee-contre-lille.jpg\" alt=\"Illustration : &quot;Mercato Lorient : Un d\u00e9fenseur de l'OM d\u00e9barque dans le Morbihan apr\u00e8s la d\u00e9culott\u00e9e contre Lille&quot;\" class=\"figure-img img-fluid\" width=\"780\" height=\"478\"\/><\/p>\n<p>                                    \u00a9 Site officiel du FC Lorient                                <\/p>\n<p>Un retour aux sources strat\u00e9gique<\/p>\n<p>Le choix de <strong>Lorient<\/strong> pour accueillir Bamo M\u00e9it\u00e9 n&rsquo;est pas le fruit du hasard, mais bien une d\u00e9cision m\u00fbrement r\u00e9fl\u00e9chie qui s&rsquo;appuie sur l&rsquo;histoire commune entre le joueur et le club breton. Cette familiarit\u00e9 avec l&rsquo;environnement lorientais pourrait s&rsquo;av\u00e9rer d\u00e9terminante pour permettre au d\u00e9fenseur de retrouver ses rep\u00e8res et sa confiance. Le club des Merlus, fra\u00eechement <strong>promu en Ligue 1<\/strong>, mise sur cette connaissance mutuelle pour int\u00e9grer rapidement un joueur qui conna\u00eet d\u00e9j\u00e0 les exigences et le fonctionnement de l&rsquo;institution. Cette strat\u00e9gie de recrutement s&rsquo;inscrit dans une logique de reconstruction et de stabilisation de l&rsquo;effectif lorientais, qui cherche \u00e0 s&rsquo;appuyer sur des profils \u00e9prouv\u00e9s pour affronter les d\u00e9fis de l&rsquo;\u00e9lite du football fran\u00e7ais.<\/p>\n<p>Une urgence d\u00e9fensive manifeste<\/p>\n<p>L&rsquo;arriv\u00e9e de M\u00e9it\u00e9 \u00e0 Lorient intervient dans un contexte particuli\u00e8rement pr\u00e9occupant pour la d\u00e9fense bretonne, mise \u00e0 mal lors de la r\u00e9cente d\u00e9route face au LOSC. Le club breton, qui a encaiss\u00e9 une incroyable d\u00e9culott\u00e9e au Moustoir face au LOSC ce samedi (1-7), aura bien besoin d&rsquo;un Bamo M\u00e9it\u00e9 en pleine possession de ses moyens pour retrouver une certaine solidit\u00e9. Cette humiliation \u00e0 domicile a r\u00e9v\u00e9l\u00e9 les carences criantes de l&rsquo;arri\u00e8re-garde lorientaise, incapable de r\u00e9sister aux assauts lillois. L&rsquo;exp\u00e9rience de <strong>M\u00e9it\u00e9 en Ligue 1<\/strong>, acquise notamment lors de sa premi\u00e8re saison marseillaise qualifi\u00e9e de prometteuse, pourrait apporter la maturit\u00e9 et la rigueur d\u00e9fensive n\u00e9cessaires. Le d\u00e9fi sera de taille pour le joueur ivoirien, qui devra rapidement s&rsquo;adapter aux exigences tactiques de son nouvel entra\u00eeneur tout en retrouvant la confiance perdue lors de ses derni\u00e8res exp\u00e9riences d\u00e9cevantes.<\/p>\n<p>Les enjeux d&rsquo;une renaissance sportive<\/p>\n<p>Ce pr\u00eat repr\u00e9sente bien plus qu&rsquo;un simple changement d&rsquo;air pour Bamo M\u00e9it\u00e9, il constitue une v\u00e9ritable bou\u00e9e de sauvetage pour sa carri\u00e8re professionnelle. Apr\u00e8s avoir sombr\u00e9 avec le club h\u00e9raultais lors de son passage \u00e0 Montpellier, le d\u00e9fenseur de <strong>23 ans<\/strong> doit imp\u00e9rativement saisir cette nouvelle opportunit\u00e9 pour \u00e9viter de voir sa trajectoire s&rsquo;enliser d\u00e9finitivement. Son statut de natif de <strong>Kani en C\u00f4te d&rsquo;Ivoire<\/strong> lui conf\u00e8re une dimension internationale qui pourrait s&rsquo;av\u00e9rer pr\u00e9cieuse pour Lorient dans sa qu\u00eate de maintien. La r\u00e9ussite de ce pr\u00eat conditionnera non seulement l&rsquo;avenir imm\u00e9diat du joueur, mais aussi les perspectives de transfert d\u00e9finitif ou de retour \u00e0 Marseille la saison prochaine, selon les performances r\u00e9alis\u00e9es sous les couleurs des Merlus.<\/p>\n","protected":false},"excerpt":{"rendered":"Publi\u00e9 le 01\/09\/2025 \u00e0 07h51 2 minutes de lecture F\u00e9ru de sport et plus particuli\u00e8rement de ballon rond&hellip;\n","protected":false},"author":2,"featured_media":357782,"comment_status":"","ping_status":"","sticky":false,"template":"","format":"standard","meta":{"footnotes":""},"categories":[2815],"tags":[1111,11,1777,674,1011,27,811,1307,12,25],"class_list":{"0":"post-357781","1":"post","2":"type-post","3":"status-publish","4":"format-standard","5":"has-post-thumbnail","7":"category-lille","8":"tag-actu","9":"tag-actualites","10":"tag-eu","11":"tag-europe","12":"tag-fr","13":"tag-france","14":"tag-hauts-de-france","15":"tag-lille","16":"tag-news","17":"tag-republique-francaise"},"share_on_mastodon":{"url":"","error":""},"_links":{"self":[{"href":"https:\/\/www.europesays.com\/fr\/wp-json\/wp\/v2\/posts\/357781","targetHints":{"allow":["GET"]}}],"collection":[{"href":"https:\/\/www.europesays.com\/fr\/wp-json\/wp\/v2\/posts"}],"about":[{"href":"https:\/\/www.europesays.com\/fr\/wp-json\/wp\/v2\/types\/post"}],"author":[{"embeddable":true,"href":"https:\/\/www.europesays.com\/fr\/wp-json\/wp\/v2\/users\/2"}],"replies":[{"embeddable":true,"href":"https:\/\/www.europesays.com\/fr\/wp-json\/wp\/v2\/comments?post=357781"}],"version-history":[{"count":0,"href":"https:\/\/www.europesays.com\/fr\/wp-json\/wp\/v2\/posts\/357781\/revisions"}],"wp:featuredmedia":[{"embeddable":true,"href":"https:\/\/www.europesays.com\/fr\/wp-json\/wp\/v2\/media\/357782"}],"wp:attachment":[{"href":"https:\/\/www.europesays.com\/fr\/wp-json\/wp\/v2\/media?parent=357781"}],"wp:term":[{"taxonomy":"category","embeddable":true,"href":"https:\/\/www.europesays.com\/fr\/wp-json\/wp\/v2\/categories?post=357781"},{"taxonomy":"post_tag","embeddable":true,"href":"https:\/\/www.europesays.com\/fr\/wp-json\/wp\/v2\/tags?post=357781"}],"curies":[{"name":"wp","href":"https:\/\/api.w.org\/{rel}","templated":true}]}}