{"id":357790,"date":"2025-09-01T06:37:33","date_gmt":"2025-09-01T06:37:33","guid":{"rendered":"https:\/\/www.europesays.com\/fr\/357790\/"},"modified":"2025-09-01T06:37:33","modified_gmt":"2025-09-01T06:37:33","slug":"ligue-1-lom-craque-a-dix-a-lyon-monaco-simpose-dans-la-douleur","status":"publish","type":"post","link":"https:\/\/www.europesays.com\/fr\/357790\/","title":{"rendered":"Ligue 1: l&rsquo;OM craque \u00e0 dix \u00e0 Lyon, Monaco s&rsquo;impose dans la douleur"},"content":{"rendered":"<p>Les Marseillais ont v\u00e9cu une soir\u00e9e tr\u00e8s compliqu\u00e9e et ne sont pas loin de la crise avec ce deuxi\u00e8me revers conc\u00e9d\u00e9 en inf\u00e9riorit\u00e9 num\u00e9rique. Le match a en effet bascul\u00e9 \u00e0 la 29e minute avec l&rsquo;exclusion du d\u00e9fenseur anglais CJ Egan-Riley pour une grosse faute sur Malick Fofana. Les hommes de Roberto De Zerbi ont d\u00e8s lors subi les assauts continus de leurs adversaires avant de c\u00e9der \u00e0 la 88e sur un but contre son camp de Leonardo Balerdi.<\/p>\n<p>D\u00e9j\u00e0 secou\u00e9 en coulisses par l&rsquo;affaire Rabiot, l&rsquo;OM sombre \u00e9galement sur le plan sportif, en attendant l&rsquo;issue du feuilleton autour de l&rsquo;international fran\u00e7ais. Celui-ci est  toujours en qu\u00eate d&rsquo;un point de chute apr\u00e8s avoir \u00e9t\u00e9 plac\u00e9 sur la liste des transferts en raison d&rsquo;une altercation avec l&rsquo;un de ses co\u00e9quipiers, Jonathan Rowe, \u00e0 l&rsquo;issue de la d\u00e9faite \u00e0 Rennes (1-0), le 15 ao\u00fbt.<\/p>\n<p>Lyon, qui fait pourtant un sans-faute avec trois victoires en L1, a eu de son c\u00f4t\u00e9 un premier aper\u00e7u des difficult\u00e9s qui l&rsquo;attendent avec le d\u00e9part de son attaquant Georges Mikautadze, contraint de quitter l&rsquo;OL pour soulager les finances du club et attendu lundi \u00e0 Villarreal.<\/p>\n<p>&#8211; Strasbourg fatigu\u00e9 &#8211;<\/p>\n<p>Monaco a lui enregistr\u00e9 un deuxi\u00e8me succ\u00e8s en disposant de Strasbourg (3-2) gr\u00e2ce \u00e0 un but inscrit dans les arr\u00eats de jeu par Takumi Minamino sur un service en or de la p\u00e9pite Maghnes Akliouche, appel\u00e9 pour la premi\u00e8re fois de sa carri\u00e8re en \u00e9quipe de France pour le d\u00e9but des qualifications du Mondial-2026 contre l&rsquo;Ukraine, vendredi \u00e0 Wroclaw (Pologne), et l&rsquo;Islande, le 9 septembre au Parc des Princes.<\/p>\n<p>Strasbourg, qui a obtenu son billet pour la Ligue Conference jeudi en barrages \u00e0 Brondby, a peut-\u00eatre pay\u00e9 sa fatigue en fin de match.<\/p>\n<p>La journ\u00e9e a aussi souri au Paris FC, qui a d\u00e9croch\u00e9 sa premi\u00e8re victoire face \u00e0 Metz (3-2) et a f\u00eat\u00e9 de la plus belle des mani\u00e8res ses grands d\u00e9buts sur sa nouvelle pelouse de Jean-Bouin. Dans ce duel de promus, l&rsquo;ambitieuse formation de la famille Arnault, aid\u00e9e par une enceinte \u00e0 guichets ferm\u00e9s et sous les yeux de J\u00fcrgen Klopp et Mario Gomez, les t\u00eates pensantes de Red Bull qui d\u00e9tient 15% du club, est venue \u00e0 bout des Messins en s&rsquo;appuyant sur la redoutable efficacit\u00e9 d&rsquo;Ilan Kebbal, auteur d&rsquo;un doubl\u00e9.<\/p>\n<p>Rien ne va plus en revanche pour Nice, domin\u00e9 pour la deuxi\u00e8me fois en championnat au Havre (3-1) et clairement dans le dur.<\/p>\n<p>Rennes, incapable de gagner \u00e0 Angers (1-1), une semaine apr\u00e8s avoir \u00e9t\u00e9 humili\u00e9 \u00e0 Lorient (4-0), n&rsquo;est pas mieux loti.<\/p>\n<p>Source : AFP<\/p>\n","protected":false},"excerpt":{"rendered":"Les Marseillais ont v\u00e9cu une soir\u00e9e tr\u00e8s compliqu\u00e9e et ne sont pas loin de la crise avec ce&hellip;\n","protected":false},"author":2,"featured_media":357791,"comment_status":"","ping_status":"","sticky":false,"template":"","format":"standard","meta":{"footnotes":""},"categories":[1889],"tags":[1111,11,2430,1777,674,1011,27,2428,12,25],"class_list":{"0":"post-357790","1":"post","2":"type-post","3":"status-publish","4":"format-standard","5":"has-post-thumbnail","7":"category-lyon","8":"tag-actu","9":"tag-actualites","10":"tag-auvergne-rhone-alpes","11":"tag-eu","12":"tag-europe","13":"tag-fr","14":"tag-france","15":"tag-lyon","16":"tag-news","17":"tag-republique-francaise"},"share_on_mastodon":{"url":"https:\/\/pubeurope.com\/@fr\/115127664153969240","error":""},"_links":{"self":[{"href":"https:\/\/www.europesays.com\/fr\/wp-json\/wp\/v2\/posts\/357790","targetHints":{"allow":["GET"]}}],"collection":[{"href":"https:\/\/www.europesays.com\/fr\/wp-json\/wp\/v2\/posts"}],"about":[{"href":"https:\/\/www.europesays.com\/fr\/wp-json\/wp\/v2\/types\/post"}],"author":[{"embeddable":true,"href":"https:\/\/www.europesays.com\/fr\/wp-json\/wp\/v2\/users\/2"}],"replies":[{"embeddable":true,"href":"https:\/\/www.europesays.com\/fr\/wp-json\/wp\/v2\/comments?post=357790"}],"version-history":[{"count":0,"href":"https:\/\/www.europesays.com\/fr\/wp-json\/wp\/v2\/posts\/357790\/revisions"}],"wp:featuredmedia":[{"embeddable":true,"href":"https:\/\/www.europesays.com\/fr\/wp-json\/wp\/v2\/media\/357791"}],"wp:attachment":[{"href":"https:\/\/www.europesays.com\/fr\/wp-json\/wp\/v2\/media?parent=357790"}],"wp:term":[{"taxonomy":"category","embeddable":true,"href":"https:\/\/www.europesays.com\/fr\/wp-json\/wp\/v2\/categories?post=357790"},{"taxonomy":"post_tag","embeddable":true,"href":"https:\/\/www.europesays.com\/fr\/wp-json\/wp\/v2\/tags?post=357790"}],"curies":[{"name":"wp","href":"https:\/\/api.w.org\/{rel}","templated":true}]}}