{"id":357808,"date":"2025-09-01T07:00:09","date_gmt":"2025-09-01T07:00:09","guid":{"rendered":"https:\/\/www.europesays.com\/fr\/357808\/"},"modified":"2025-09-01T07:00:09","modified_gmt":"2025-09-01T07:00:09","slug":"donald-trump-suspend-la-delivrance-de-visas-pour-les-detenteurs-de-passeports-palestiniens","status":"publish","type":"post","link":"https:\/\/www.europesays.com\/fr\/357808\/","title":{"rendered":"Donald Trump Suspend La D\u00e9livrance De Visas Pour Les D\u00e9tenteurs De Passeports Palestiniens"},"content":{"rendered":"<p class=\"\" data-is=\"component-paragraph\">L&rsquo;administration du pr\u00e9sident am\u00e9ricain Donald Trump a suspendu l&rsquo;octroi de visas aux d\u00e9tenteurs de passeports palestiniens, selon des sources am\u00e9ricaines cit\u00e9es dimanche par le New York Times. Cette mesure drastique affecte tous les types de visas, y compris ceux d\u00e9livr\u00e9s \u00e0 des fins m\u00e9dicales, d&rsquo;\u00e9tudes, de visites familiales ou de voyages d&rsquo;affaires.<\/p>\n<p>Restrictions g\u00e9n\u00e9ralis\u00e9es<\/p>\n<p class=\"\" data-is=\"component-paragraph\">Les nouvelles directives, d\u00e9taill\u00e9es dans un c\u00e2ble envoy\u00e9 le 18 ao\u00fbt par le d\u00e9partement d&rsquo;\u00c9tat \u00e0 toutes les ambassades et consulats am\u00e9ricains, limitent consid\u00e9rablement l&rsquo;entr\u00e9e aux \u00c9tats-Unis des Palestiniens de Jud\u00e9e-Samarie et de la diaspora.<\/p>\n<p><img alt=\"Video poster\" class=\"video-poster\" data-is=\"lazy-image\" data-observed-item-id=\"https:\/\/api.i24news.tv\/fr\/brightcove\/6377948518112\/poster\"\/>Les USA refusent 80 visas \u00e0 l&rsquo;Autorit\u00e9 palestinienne<\/p>\n<p class=\"\" data-is=\"component-paragraph\">Dans une d\u00e9cision exceptionnelle, Washington a \u00e9galement r\u00e9voqu\u00e9 vendredi les visas de hauts responsables palestiniens, notamment le pr\u00e9sident de l&rsquo;Autorit\u00e9 palestinienne Mahmoud Abbas, \u00e0 l&rsquo;approche de l&rsquo;Assembl\u00e9e g\u00e9n\u00e9rale de l&rsquo;ONU le mois prochain.<\/p>\n<p>D\u00e9l\u00e9gation r\u00e9duite \u00e0 l&rsquo;ONU<\/p>\n<p class=\"\" data-is=\"component-paragraph\">Si les \u00c9tats-Unis autorisent encore la d\u00e9l\u00e9gation palestinienne permanente \u00e0 l&rsquo;ONU \u00e0 participer \u00e0 l&rsquo;Assembl\u00e9e, il s&rsquo;agira de repr\u00e9sentants de rang inf\u00e9rieur, non des dirigeants de Ramallah comme esp\u00e9r\u00e9. Cette d\u00e9cision contrarie l&rsquo;initiative fran\u00e7aise visant \u00e0 faire reconna\u00eetre un \u00c9tat palestinien lors de la session onusienne.<\/p>\n<p><img alt=\"Video poster\" class=\"video-poster\" data-is=\"lazy-image\" data-observed-item-id=\"https:\/\/api.i24news.tv\/fr\/brightcove\/6377947498112\/poster\"\/>Les USA refusent 80 visas \u00e0 l&rsquo;Autorit\u00e9 palestinienneR\u00e9actions contrast\u00e9es<\/p>\n<p class=\"\" data-is=\"component-paragraph\">Isra\u00ebl a salu\u00e9 ces mesures. Le ministre des Affaires \u00e9trang\u00e8res Gideon Sa&rsquo;ar a d\u00e9clar\u00e9 : \u00ab\u00a0Cette d\u00e9cision refl\u00e8te la responsabilisation de l&rsquo;OLP et de l&rsquo;Autorit\u00e9 palestinienne pour leurs r\u00e9compenses au terrorisme, l&rsquo;incitation et la guerre juridique contre Isra\u00ebl.\u00a0\u00bb<\/p>\n<p class=\"\" data-is=\"component-paragraph\">En revanche, les ministres fran\u00e7ais et espagnol des Affaires \u00e9trang\u00e8res ont critiqu\u00e9 la d\u00e9cision am\u00e9ricaine lors d&rsquo;une r\u00e9union de l&rsquo;Union europ\u00e9enne, d\u00e9non\u00e7ant cette position alors que les \u00c9tats-Unis se positionnent comme un \u00ab\u00a0bouclier\u00a0\u00bb contre la reconnaissance europ\u00e9enne d&rsquo;un \u00c9tat palestinien.<\/p>\n","protected":false},"excerpt":{"rendered":"L&rsquo;administration du pr\u00e9sident am\u00e9ricain Donald Trump a suspendu l&rsquo;octroi de visas aux d\u00e9tenteurs de passeports palestiniens, selon des&hellip;\n","protected":false},"author":2,"featured_media":357809,"comment_status":"","ping_status":"","sticky":false,"template":"","format":"standard","meta":{"footnotes":""},"categories":[1589],"tags":[11,73,1866,12,1864,1865,1863,308],"class_list":{"0":"post-357808","1":"post","2":"type-post","3":"status-publish","4":"format-standard","5":"has-post-thumbnail","7":"category-etats-unis","8":"tag-actualites","9":"tag-etats-unis","10":"tag-etats-unis-damerique","11":"tag-news","12":"tag-united-states","13":"tag-united-states-of-america","14":"tag-us","15":"tag-usa"},"share_on_mastodon":{"url":"","error":""},"_links":{"self":[{"href":"https:\/\/www.europesays.com\/fr\/wp-json\/wp\/v2\/posts\/357808","targetHints":{"allow":["GET"]}}],"collection":[{"href":"https:\/\/www.europesays.com\/fr\/wp-json\/wp\/v2\/posts"}],"about":[{"href":"https:\/\/www.europesays.com\/fr\/wp-json\/wp\/v2\/types\/post"}],"author":[{"embeddable":true,"href":"https:\/\/www.europesays.com\/fr\/wp-json\/wp\/v2\/users\/2"}],"replies":[{"embeddable":true,"href":"https:\/\/www.europesays.com\/fr\/wp-json\/wp\/v2\/comments?post=357808"}],"version-history":[{"count":0,"href":"https:\/\/www.europesays.com\/fr\/wp-json\/wp\/v2\/posts\/357808\/revisions"}],"wp:featuredmedia":[{"embeddable":true,"href":"https:\/\/www.europesays.com\/fr\/wp-json\/wp\/v2\/media\/357809"}],"wp:attachment":[{"href":"https:\/\/www.europesays.com\/fr\/wp-json\/wp\/v2\/media?parent=357808"}],"wp:term":[{"taxonomy":"category","embeddable":true,"href":"https:\/\/www.europesays.com\/fr\/wp-json\/wp\/v2\/categories?post=357808"},{"taxonomy":"post_tag","embeddable":true,"href":"https:\/\/www.europesays.com\/fr\/wp-json\/wp\/v2\/tags?post=357808"}],"curies":[{"name":"wp","href":"https:\/\/api.w.org\/{rel}","templated":true}]}}