{"id":357813,"date":"2025-09-01T07:02:14","date_gmt":"2025-09-01T07:02:14","guid":{"rendered":"https:\/\/www.europesays.com\/fr\/357813\/"},"modified":"2025-09-01T07:02:14","modified_gmt":"2025-09-01T07:02:14","slug":"ce-que-prevoit-leurope-pour-deployer-des-troupes-en-ukraine-apres-la-guerre","status":"publish","type":"post","link":"https:\/\/www.europesays.com\/fr\/357813\/","title":{"rendered":"Ce que pr\u00e9voit l\u2019Europe pour d\u00e9ployer des troupes en Ukraine apr\u00e8s la guerre"},"content":{"rendered":"<p>\u00ab\u00a0Ce travail avance tr\u00e8s bien\u00a0\u00bb, promet-elle. L&rsquo;Europe \u00e9labore des \u00ab\u00a0plans assez pr\u00e9cis\u00a0\u00bb pour un d\u00e9ploiement de troupes multinationales en <a class=\"Link\" href=\"https:\/\/www.lepoint.fr\/tags\/ukraine\" data-gtm=\"click:capsule\" data-capsule=\"Lien\" rel=\"nofollow noopener\" target=\"_blank\">Ukraine<\/a> dans le cadre de garanties de s\u00e9curit\u00e9 post-conflit qui b\u00e9n\u00e9ficieront du soutien des capacit\u00e9s am\u00e9ricaines, a d\u00e9clar\u00e9 la <a class=\"Link\" href=\"https:\/\/www.lepoint.fr\/monde\/le-catalogue-des-bonnes-intentions-d-ursula-von-der-leyen-27-11-2024-2576506_24.php\" title=\"\" data-gtm=\"click:capsule\" data-capsule=\"Lien\" rel=\"nofollow noopener\" target=\"_blank\">pr\u00e9sidente de la Commission europ\u00e9enne, Ursula von der Leyen<\/a>, au <a class=\"Link\" href=\"https:\/\/www.ft.com\/content\/8ade14ca-7aa1-4413-887b-59712037665c\" target=\"_blank\" title=\"\" data-gtm=\"click:capsule\" data-capsule=\"Lien\" rel=\"nofollow noopener\">Financial Times<\/a> dans une interview publi\u00e9e dimanche.<\/p>\n<p>\u00ab\u00a0Le pr\u00e9sident Trump nous a assur\u00e9s qu&rsquo;il y aurait une pr\u00e9sence am\u00e9ricaine dans le cadre du filet de s\u00e9curit\u00e9\u00a0\u00bb, a d\u00e9clar\u00e9 <a class=\"Link\" href=\"https:\/\/www.lepoint.fr\/tags\/ursula-der-von-leyen\" data-gtm=\"click:capsule\" data-capsule=\"Lien\" rel=\"nofollow noopener\" target=\"_blank\">Ursula von der Leyen<\/a> au m\u00e9dia am\u00e9ricain, ajoutant que \u00ab\u00a0cela \u00e9tait tr\u00e8s clair et affirm\u00e9 \u00e0 plusieurs reprises\u00a0\u00bb. \u00ab\u00a0Bien s\u00fbr, cela n\u00e9cessite toujours une d\u00e9cision politique du pays concern\u00e9, car le d\u00e9ploiement de troupes est l&rsquo;une des d\u00e9cisions souveraines les plus importantes d&rsquo;une nation\u00a0\u00bb, a-t-elle ajout\u00e9. \u00ab\u00a0[Mais] le sentiment d&rsquo;urgence est tr\u00e8s fort\u2026 les choses avancent. Le processus prend vraiment forme.\u00a0\u00bb<\/p>\n<p>\u00c0 LIRE AUSSI <strong class=\"strong\"><a href=\"https:\/\/www.lepoint.fr\/monde\/l-adieu-a-la-souverainete-01-08-2025-2595549_24.php\" title=\"Ultime sursaut ou soumission totale\u00a0: l&#039;Europe \u00e0 l&#039;heure du choix\" style=\"text-decoration: none; color: inherit;\" data-gtm=\"click:capsule\" data-capsule=\"\u00c0 lire aussi\" rel=\"nofollow noopener\" target=\"_blank\">Ultime sursaut ou soumission totale\u00a0: l&rsquo;Europe \u00e0 l&rsquo;heure du choix<\/a><\/strong> \u00ab\u00a0Les garanties de s\u00e9curit\u00e9 sont primordiales et absolument cruciales\u00a0\u00bb, a-t-elle \u00e9galement d\u00e9clar\u00e9. Le d\u00e9ploiement devrait inclure potentiellement des dizaines de milliers de soldats dirig\u00e9s par l&rsquo;Europe, soutenus par l&rsquo;aide des \u00c9tats-Unis. Y compris des syst\u00e8mes de contr\u00f4le et de commandement et des moyens de renseignement et de surveillance, indique le rapport, ajoutant que cet arrangement a \u00e9t\u00e9 convenu lors d&rsquo;une r\u00e9union entre le pr\u00e9sident am\u00e9ricain Donald Trump, le pr\u00e9sident ukrainien Volodymyr Zelensky et de hauts dirigeants europ\u00e9ens le mois dernier.<\/p>\n<p>\u00ab\u00a0Le r\u00f4le de la Commission est primordial\u00a0\u00bb<\/p>\n<p>Ursula von der Leyen a salu\u00e9 l&rsquo;engagement de Trump \u00e0 participer \u00e0 l&rsquo;effort de paix, apr\u00e8s des mois d&rsquo;incertitude dans les capitales europ\u00e9ennes sur la position du pr\u00e9sident am\u00e9ricain. \u00ab\u00a0Poutine n&rsquo;a pas chang\u00e9, c&rsquo;est un pr\u00e9dateur\u00a0\u00bb, a-t-elle d\u00e9clar\u00e9. \u00ab\u00a0[Trump] veut la paix et Poutine refuse de s&rsquo;asseoir \u00e0 la table des n\u00e9gociations\u2026 Il a une exp\u00e9rience n\u00e9gative avec Poutine, et de plus en plus, Poutine ne fait pas ce qu&rsquo;il dit.\u00a0\u00bb<\/p>\n<p>\n\u00c0 D\u00e9couvrir<br \/>\n<strong class=\"discover-kangourou__line\"><br \/>\n<img decoding=\"async\" class=\"discover-kangourou__img\" src=\"https:\/\/static.lpnt.fr\/static\/img\/kangourou\/kangourou_filled.svg\"\/><br \/>\n<strong class=\"discover-kangourou__txt\"><br \/>\n<strong>Le Kangourou du jour<\/strong><br \/>\n<a href=\"https:\/\/kangourou.lepoint.fr\" title=\"kangourou\" data-gtm-cta=\"kangourou_article\" class=\"discover-kangourou__lnk\" rel=\"nofollow noopener\" target=\"_blank\"><br \/>\nR\u00e9pondre<br \/>\n<\/a><br \/>\n<\/strong><br \/>\n<\/strong><br \/>\n\u00ab\u00a0Le r\u00f4le de la Commission est primordial pour permettre aux \u00c9tats membres de financer un renforcement de la d\u00e9fense\u00a0\u00bb, a pr\u00e9cis\u00e9 la pr\u00e9sidente. \u00ab\u00a0Le caract\u00e8re de la guerre a compl\u00e8tement chang\u00e9\u00a0\u00bb, a-t-elle ajout\u00e9, citant la n\u00e9cessit\u00e9 pour les arm\u00e9es de l&rsquo;UE d&rsquo;investir dans les drones, la d\u00e9fense a\u00e9rienne et antimissile, l&rsquo;espace et les capacit\u00e9s cybern\u00e9tiques.<\/p>\n<p> Les dirigeants europ\u00e9ens, dont <a class=\"Link\" href=\"https:\/\/www.lepoint.fr\/monde\/friedrich-merz-l-art-de-manier-le-nein-diplomatique-21-07-2025-2594850_24.php\" title=\"\" data-gtm=\"click:capsule\" data-capsule=\"Lien\" rel=\"nofollow noopener\" target=\"_blank\">le chancelier allemand Friedrich Merz<\/a>, le Premier ministre britannique Keir Starmer, le secr\u00e9taire g\u00e9n\u00e9ral de l&rsquo;Otan Mark Rutte et Ursula von der Leyen, devraient se r\u00e9unir jeudi 4\u00a0septembre \u00e0 Paris, \u00e0 l&rsquo;invitation du pr\u00e9sident fran\u00e7ais Emmanuel Macron, pour poursuivre les discussions de haut niveau sur l&rsquo;Ukraine, a rapport\u00e9 le Financial Times, citant trois diplomates inform\u00e9s des plans.<\/p>\n<p>Toute l\u2019actualit\u00e9 \u00e0 1\u20ac le premier mois<\/p>\n<p><a href=\"https:\/\/abo.lepoint.fr\/?provenance=21EDI020098\" class=\"btn\" title=\"S&#039;abonner\" data-gtm=\"click:abo|display:abo\" data-campaign=\"paywall_maison\" rel=\"nofollow noopener\" target=\"_blank\">S&rsquo;abonner<\/a><\/p>\n<p>ou<\/p>\n","protected":false},"excerpt":{"rendered":"\u00ab\u00a0Ce travail avance tr\u00e8s bien\u00a0\u00bb, promet-elle. L&rsquo;Europe \u00e9labore des \u00ab\u00a0plans assez pr\u00e9cis\u00a0\u00bb pour un d\u00e9ploiement de troupes multinationales&hellip;\n","protected":false},"author":2,"featured_media":357814,"comment_status":"","ping_status":"","sticky":false,"template":"","format":"standard","meta":{"footnotes":""},"categories":[1586],"tags":[11,1777,674,1011,27,12,25,220,2544],"class_list":{"0":"post-357813","1":"post","2":"type-post","3":"status-publish","4":"format-standard","5":"has-post-thumbnail","7":"category-europe","8":"tag-actualites","9":"tag-eu","10":"tag-europe","11":"tag-fr","12":"tag-france","13":"tag-news","14":"tag-republique-francaise","15":"tag-ukraine","16":"tag-ursula-von-der-leyen"},"share_on_mastodon":{"url":"https:\/\/pubeurope.com\/@fr\/115127762580922857","error":""},"_links":{"self":[{"href":"https:\/\/www.europesays.com\/fr\/wp-json\/wp\/v2\/posts\/357813","targetHints":{"allow":["GET"]}}],"collection":[{"href":"https:\/\/www.europesays.com\/fr\/wp-json\/wp\/v2\/posts"}],"about":[{"href":"https:\/\/www.europesays.com\/fr\/wp-json\/wp\/v2\/types\/post"}],"author":[{"embeddable":true,"href":"https:\/\/www.europesays.com\/fr\/wp-json\/wp\/v2\/users\/2"}],"replies":[{"embeddable":true,"href":"https:\/\/www.europesays.com\/fr\/wp-json\/wp\/v2\/comments?post=357813"}],"version-history":[{"count":0,"href":"https:\/\/www.europesays.com\/fr\/wp-json\/wp\/v2\/posts\/357813\/revisions"}],"wp:featuredmedia":[{"embeddable":true,"href":"https:\/\/www.europesays.com\/fr\/wp-json\/wp\/v2\/media\/357814"}],"wp:attachment":[{"href":"https:\/\/www.europesays.com\/fr\/wp-json\/wp\/v2\/media?parent=357813"}],"wp:term":[{"taxonomy":"category","embeddable":true,"href":"https:\/\/www.europesays.com\/fr\/wp-json\/wp\/v2\/categories?post=357813"},{"taxonomy":"post_tag","embeddable":true,"href":"https:\/\/www.europesays.com\/fr\/wp-json\/wp\/v2\/tags?post=357813"}],"curies":[{"name":"wp","href":"https:\/\/api.w.org\/{rel}","templated":true}]}}