{"id":357815,"date":"2025-09-01T07:03:18","date_gmt":"2025-09-01T07:03:18","guid":{"rendered":"https:\/\/www.europesays.com\/fr\/357815\/"},"modified":"2025-09-01T07:03:18","modified_gmt":"2025-09-01T07:03:18","slug":"en-egypte-la-situation-inextricable-dun-ancien-employe-gazaoui-de-lunion-europeenne","status":"publish","type":"post","link":"https:\/\/www.europesays.com\/fr\/357815\/","title":{"rendered":"En Egypte, la situation inextricable d\u2019un ancien employ\u00e9 gazaoui de l\u2019Union europ\u00e9enne"},"content":{"rendered":"<p>                         <img loading=\"lazy\" decoding=\"async\" src=\"https:\/\/www.europesays.com\/fr\/wp-content\/uploads\/2025\/09\/5a21438_upload-1-hrmqgbjhe008-whatsapp-image-2025-08-28-at-17-46-56.jpeg\" alt=\"Mohammed Baraka (troisi\u00e8me en partant de la gauche) et des membres d\u2019une d\u00e9l\u00e9gation de l\u2019Union europ\u00e9enne en visite \u00e0 Rafah, bande de Gaza, en septembre 2023. \"   width=\"664\" height=\"443\"\/>    Mohammed Baraka (troisi\u00e8me en partant de la gauche) et des membres d\u2019une d\u00e9l\u00e9gation de l\u2019Union europ\u00e9enne en visite \u00e0 Rafah, bande de Gaza, en septembre 2023.  MOHAMMED BARAKA                 <\/p>\n<p class=\"article__paragraph  \">Vingt\u00a0ans de contrats pour l\u2019Union europ\u00e9enne (UE), une \u00e9vacuation de Gaza vers l\u2019Egypte, un contrat non renouvel\u00e9 et une situation irr\u00e9guli\u00e8re\u00a0: telle est, dans les grandes lignes, la situation de Mohammed Baraka, un Gazaoui employ\u00e9, jusqu\u2019en juin\u00a02025,<strong> <\/strong>par la mission d\u2019assistance de l\u2019UE au poste fronti\u00e8re de Rafah (Eubam Rafah). Celle-ci s\u00e9curisait et assistait l\u2019Autorit\u00e9 palestinienne dans la gestion du point de fronti\u00e8re avec l\u2019Egypte, avec l\u2019accord d\u2019Isra\u00ebl. M.\u00a0Baraka accuse l\u2019UE de l\u2019avoir \u00ab\u00a0poignard\u00e9 dans le dos et licenci\u00e9 de la mani\u00e8re la plus humiliante qui soit, sans aucun respect\u00a0\u00bb.<\/p>\n<p class=\"article__paragraph  \">L\u2019homme de 49\u00a0ans avait rejoint en\u00a02006\u00a0la mission, cr\u00e9\u00e9e un an plus t\u00f4t. Il r\u00e9digeait des rapports quotidiens sur la situation politique et \u00e9conomique de l\u2019enclave et coordonnait l\u2019entr\u00e9e des d\u00e9l\u00e9gations de l\u2019UE avec les autorit\u00e9s locales. Depuis 2007, il \u00e9tait le seul membre local du bureau, car la mission \u00e9tait \u00ab\u00a0en attente\u00a0\u00bb, l\u2019UE ne souhaitant pas travailler avec le Hamas. Ses contrats ont n\u00e9anmoins \u00e9t\u00e9 renouvel\u00e9s durant vingt\u00a0ans, avant que la fermeture du bureau de Gaza ne le pr\u00e9cipite dans une situation inextricable.<\/p>\n<p class=\"reading-mode-only \"><strong>Il vous reste 78.18% de cet article \u00e0 lire. La suite est r\u00e9serv\u00e9e aux abonn\u00e9s.<\/strong><\/p>\n","protected":false},"excerpt":{"rendered":"Mohammed Baraka (troisi\u00e8me en partant de la gauche) et des membres d\u2019une d\u00e9l\u00e9gation de l\u2019Union europ\u00e9enne en visite&hellip;\n","protected":false},"author":2,"featured_media":357816,"comment_status":"","ping_status":"","sticky":false,"template":"","format":"standard","meta":{"footnotes":""},"categories":[1586],"tags":[11,1777,674,1779,1011,27,12,25,1778,364],"class_list":{"0":"post-357815","1":"post","2":"type-post","3":"status-publish","4":"format-standard","5":"has-post-thumbnail","7":"category-europe","8":"tag-actualites","9":"tag-eu","10":"tag-europe","11":"tag-european-union","12":"tag-fr","13":"tag-france","14":"tag-news","15":"tag-republique-francaise","16":"tag-ue","17":"tag-union-europeenne"},"share_on_mastodon":{"url":"https:\/\/pubeurope.com\/@fr\/115127766570408432","error":""},"_links":{"self":[{"href":"https:\/\/www.europesays.com\/fr\/wp-json\/wp\/v2\/posts\/357815","targetHints":{"allow":["GET"]}}],"collection":[{"href":"https:\/\/www.europesays.com\/fr\/wp-json\/wp\/v2\/posts"}],"about":[{"href":"https:\/\/www.europesays.com\/fr\/wp-json\/wp\/v2\/types\/post"}],"author":[{"embeddable":true,"href":"https:\/\/www.europesays.com\/fr\/wp-json\/wp\/v2\/users\/2"}],"replies":[{"embeddable":true,"href":"https:\/\/www.europesays.com\/fr\/wp-json\/wp\/v2\/comments?post=357815"}],"version-history":[{"count":0,"href":"https:\/\/www.europesays.com\/fr\/wp-json\/wp\/v2\/posts\/357815\/revisions"}],"wp:featuredmedia":[{"embeddable":true,"href":"https:\/\/www.europesays.com\/fr\/wp-json\/wp\/v2\/media\/357816"}],"wp:attachment":[{"href":"https:\/\/www.europesays.com\/fr\/wp-json\/wp\/v2\/media?parent=357815"}],"wp:term":[{"taxonomy":"category","embeddable":true,"href":"https:\/\/www.europesays.com\/fr\/wp-json\/wp\/v2\/categories?post=357815"},{"taxonomy":"post_tag","embeddable":true,"href":"https:\/\/www.europesays.com\/fr\/wp-json\/wp\/v2\/tags?post=357815"}],"curies":[{"name":"wp","href":"https:\/\/api.w.org\/{rel}","templated":true}]}}