{"id":357821,"date":"2025-09-01T07:11:19","date_gmt":"2025-09-01T07:11:19","guid":{"rendered":"https:\/\/www.europesays.com\/fr\/357821\/"},"modified":"2025-09-01T07:11:19","modified_gmt":"2025-09-01T07:11:19","slug":"malcolm-revient-deja-sur-gulli-cette-fois-en-soiree","status":"publish","type":"post","link":"https:\/\/www.europesays.com\/fr\/357821\/","title":{"rendered":"Malcolm revient d\u00e9j\u00e0 sur Gulli, cette fois en soir\u00e9e"},"content":{"rendered":"<p>\t\t\t\t\t\tArticles<\/p>\n<p>\t\t\t\t\t lundi 1 septembre 2025<br \/>\n\t\t\t\t\t 09H00<\/p>\n<p class=\"introduction\" itemprop=\"description\">Gulli proposera d\u00e8s le 3 septembre une nouvelle diffusion de Malcolm, programm\u00e9e le mercredi soir.<\/p>\n<p>\t\t\t\t<img decoding=\"async\" src=\"https:\/\/www.europesays.com\/fr\/wp-content\/uploads\/2025\/09\/gulli_hal_lois_dr-700x394.jpg\" alt=\"La s\u00e9rie \" malcolm=\"\" diffus=\"\" sur=\"\" gulli.=\"\"\/><\/p>\n<p>\t\t\t\t\t<img decoding=\"async\" src=\"https:\/\/www.europesays.com\/fr\/wp-content\/uploads\/2025\/09\/gulli_hal_lois_dr.jpg\" alt=\"La s\u00e9rie \" malcolm=\"\" diffus=\"\" sur=\"\" gulli.=\"\" class=\"img-responsive\"\/><br \/>\n\t\t\t\t\t\u00a9 DR<\/p>\n<p>La s\u00e9rie \u00ab\u00a0Malcolm\u00a0\u00bb diffus\u00e9e sur Gulli.<\/p>\n<p class=\"p1\">On ne se d\u00e9barrasse pas de Malcolm si facilement. Apr\u00e8s\u00a0son <a href=\"https:\/\/www.malcolm-france.com\/actualites\/articles\/malcolm-revient-squatter-sur-gulli\/\" rel=\"nofollow noopener\" target=\"_blank\">passage printanier sur Gulli<\/a> puis son <a href=\"https:\/\/www.malcolm-france.com\/actualites\/articles\/w9-fait-chauffer-la-tele-avec-un-ete-100-malcolm\/\" rel=\"nofollow noopener\" target=\"_blank\">marathon estival sur W9<\/a>, la famille la plus foldingue du petit \u00e9cran revient squatter \u00a0la TNT d\u00e8s le mercredi 3 septembre.<\/p>\n<p class=\"p1\">Au menu : <b>8 \u00e9pisodes \u00e0 la suite chaque mercredi soir de 21 h 05 \u00e0 00 h 20, une nouvelle fois sur Gulli<\/b>, canal 12, en commen\u00e7ant par la saison 3, le tout en version remasteris\u00e9e 16\/9 HD.<\/p>\n<p>Le programme de la premi\u00e8re semaine<\/p>\n<p class=\"text-center\"><a class=\"btn btn-yellow\" href=\"https:\/\/www.malcolm-france.com\/diffusions\/\" rel=\"nofollow noopener\" target=\"_blank\">Voir toutes les diffusions TV<\/a><\/p>\n<p><b>Un carton d\u2019audience qui explique tout<\/b><\/p>\n<p class=\"p3\">Ce retour en force n\u2019a rien d\u2019un hasard : le marathon de l\u2019\u00e9t\u00e9 sur W9 a prouv\u00e9 que la s\u00e9rie n\u2019avait rien perdu de son attrait. Avec ses 15 \u00e9pisodes quotidiens, Malcolm a permis \u00e0 la cha\u00eene d\u2019\u00eatre r\u00e9guli\u00e8rement <a href=\"https:\/\/toutelatele.ouest-france.fr\/malcolm-le-succes-insolent-de-frankie-muniz-sur-w9-178099\" rel=\"nofollow noopener\" target=\"_blank\">leader des audiences TNT<\/a> en apr\u00e8s-midi et d\u00e9but de soir\u00e9e, et de faire d&rsquo;excellents chiffres concernant les cibles commerciales. Des performances qui donnent forc\u00e9ment des id\u00e9es \u00e0 Gulli, cha\u00eene du m\u00eame groupe, bien d\u00e9cid\u00e9e \u00e0 capitaliser elle aussi sur l\u2019engouement autour de la s\u00e9rie, \u00e0 quelques mois de son revival tr\u00e8s attendu sur Disney+.<\/p>\n<p>\t\t\t\tSur le m\u00eame sujet<br \/>\n\t\t\t\tMots cl\u00e9s : <a href=\"https:\/\/www.malcolm-france.com\/tag\/diffusion\/\" rel=\"tag nofollow noopener\" target=\"_blank\">Diffusion<\/a>, <a href=\"https:\/\/www.malcolm-france.com\/tag\/gulli\/\" rel=\"tag nofollow noopener\" target=\"_blank\">Gulli<\/a>, <a href=\"https:\/\/www.malcolm-france.com\/tag\/tnt\/\" rel=\"tag nofollow noopener\" target=\"_blank\">TNT<\/a><\/p>\n","protected":false},"excerpt":{"rendered":"Articles lundi 1 septembre 2025 09H00 Gulli proposera d\u00e8s le 3 septembre une nouvelle diffusion de Malcolm, programm\u00e9e&hellip;\n","protected":false},"author":2,"featured_media":357822,"comment_status":"","ping_status":"","sticky":false,"template":"","format":"standard","meta":{"footnotes":""},"categories":[4],"tags":[11,1011,27,12,25],"class_list":{"0":"post-357821","1":"post","2":"type-post","3":"status-publish","4":"format-standard","5":"has-post-thumbnail","7":"category-france","8":"tag-actualites","9":"tag-fr","10":"tag-france","11":"tag-news","12":"tag-republique-francaise"},"share_on_mastodon":{"url":"https:\/\/pubeurope.com\/@fr\/115127798262673474","error":""},"_links":{"self":[{"href":"https:\/\/www.europesays.com\/fr\/wp-json\/wp\/v2\/posts\/357821","targetHints":{"allow":["GET"]}}],"collection":[{"href":"https:\/\/www.europesays.com\/fr\/wp-json\/wp\/v2\/posts"}],"about":[{"href":"https:\/\/www.europesays.com\/fr\/wp-json\/wp\/v2\/types\/post"}],"author":[{"embeddable":true,"href":"https:\/\/www.europesays.com\/fr\/wp-json\/wp\/v2\/users\/2"}],"replies":[{"embeddable":true,"href":"https:\/\/www.europesays.com\/fr\/wp-json\/wp\/v2\/comments?post=357821"}],"version-history":[{"count":0,"href":"https:\/\/www.europesays.com\/fr\/wp-json\/wp\/v2\/posts\/357821\/revisions"}],"wp:featuredmedia":[{"embeddable":true,"href":"https:\/\/www.europesays.com\/fr\/wp-json\/wp\/v2\/media\/357822"}],"wp:attachment":[{"href":"https:\/\/www.europesays.com\/fr\/wp-json\/wp\/v2\/media?parent=357821"}],"wp:term":[{"taxonomy":"category","embeddable":true,"href":"https:\/\/www.europesays.com\/fr\/wp-json\/wp\/v2\/categories?post=357821"},{"taxonomy":"post_tag","embeddable":true,"href":"https:\/\/www.europesays.com\/fr\/wp-json\/wp\/v2\/tags?post=357821"}],"curies":[{"name":"wp","href":"https:\/\/api.w.org\/{rel}","templated":true}]}}