{"id":357824,"date":"2025-09-01T07:14:10","date_gmt":"2025-09-01T07:14:10","guid":{"rendered":"https:\/\/www.europesays.com\/fr\/357824\/"},"modified":"2025-09-01T07:14:10","modified_gmt":"2025-09-01T07:14:10","slug":"les-joueurs-de-top-14-se-mettront-ils-en-greve-a-la-reprise-du-championnat","status":"publish","type":"post","link":"https:\/\/www.europesays.com\/fr\/357824\/","title":{"rendered":"Les joueurs de Top 14 se mettront-ils en gr\u00e8ve \u00e0 la reprise du championnat\u00a0?"},"content":{"rendered":"\n<p>Les joueurs de Top 14 se mettront-ils en gr\u00e8ve \u00e0 la reprise du championnat\u00a0?<\/p>\n<p>D\u00e9but juillet, le syndicat des joueurs, Provale, laissait entendre qu&rsquo;une gr\u00e8ve n&rsquo;\u00e9tait pas inenvisageable pour le retour du Top 14, la corporation estimant sa vie priv\u00e9e menac\u00e9e par l&rsquo;acc\u00e8s \u00e0 certains documents accord\u00e9 au contr\u00f4leur du salary-cap. Ces derniers jours, la tendance est \u00e0 la d\u00e9tente.<\/p>\n","protected":false},"excerpt":{"rendered":"Les joueurs de Top 14 se mettront-ils en gr\u00e8ve \u00e0 la reprise du championnat\u00a0? D\u00e9but juillet, le syndicat&hellip;\n","protected":false},"author":2,"featured_media":357825,"comment_status":"","ping_status":"","sticky":false,"template":"","format":"standard","meta":{"footnotes":""},"categories":[1416],"tags":[1011,27,479,1468,60],"class_list":{"0":"post-357824","1":"post","2":"type-post","3":"status-publish","4":"format-standard","5":"has-post-thumbnail","7":"category-rugby","8":"tag-fr","9":"tag-france","10":"tag-rugby","11":"tag-rugby-football","12":"tag-sports"},"share_on_mastodon":{"url":"https:\/\/pubeurope.com\/@fr\/115127810036649853","error":""},"_links":{"self":[{"href":"https:\/\/www.europesays.com\/fr\/wp-json\/wp\/v2\/posts\/357824","targetHints":{"allow":["GET"]}}],"collection":[{"href":"https:\/\/www.europesays.com\/fr\/wp-json\/wp\/v2\/posts"}],"about":[{"href":"https:\/\/www.europesays.com\/fr\/wp-json\/wp\/v2\/types\/post"}],"author":[{"embeddable":true,"href":"https:\/\/www.europesays.com\/fr\/wp-json\/wp\/v2\/users\/2"}],"replies":[{"embeddable":true,"href":"https:\/\/www.europesays.com\/fr\/wp-json\/wp\/v2\/comments?post=357824"}],"version-history":[{"count":0,"href":"https:\/\/www.europesays.com\/fr\/wp-json\/wp\/v2\/posts\/357824\/revisions"}],"wp:featuredmedia":[{"embeddable":true,"href":"https:\/\/www.europesays.com\/fr\/wp-json\/wp\/v2\/media\/357825"}],"wp:attachment":[{"href":"https:\/\/www.europesays.com\/fr\/wp-json\/wp\/v2\/media?parent=357824"}],"wp:term":[{"taxonomy":"category","embeddable":true,"href":"https:\/\/www.europesays.com\/fr\/wp-json\/wp\/v2\/categories?post=357824"},{"taxonomy":"post_tag","embeddable":true,"href":"https:\/\/www.europesays.com\/fr\/wp-json\/wp\/v2\/tags?post=357824"}],"curies":[{"name":"wp","href":"https:\/\/api.w.org\/{rel}","templated":true}]}}