{"id":357826,"date":"2025-09-01T07:15:11","date_gmt":"2025-09-01T07:15:11","guid":{"rendered":"https:\/\/www.europesays.com\/fr\/357826\/"},"modified":"2025-09-01T07:15:11","modified_gmt":"2025-09-01T07:15:11","slug":"surclasse-rinderknech-est-admiratif-dalcaraz","status":"publish","type":"post","link":"https:\/\/www.europesays.com\/fr\/357826\/","title":{"rendered":"Surclass\u00e9, Rinderknech est \u00ab\u00a0admiratif\u00a0\u00bb d&rsquo;Alcaraz"},"content":{"rendered":"<p class=\"date\">\n                                                            Paul Rouget, Media365 : publi\u00e9 le lundi 01 septembre 2025 \u00e0 08h35\n                                                    <\/p>\n<p>Logiquement sorti par Carlos Alcaraz pour son premier huiti\u00e8me de finale en Majeur, Arthur Rinderknech a \u00e9t\u00e9 \u00e9pat\u00e9 par l&rsquo;Espagnol, et se montre satisfait de son exp\u00e9rience new-yorkaise.<\/p>\n<p>Il n&rsquo;y a d\u00e9sormais plus de Fran\u00e7ais engag\u00e9s en simple \u00e0 l&rsquo;US Open. Apr\u00e8s <a href=\"https:\/\/sports.orange.fr\/tennis\/us-open\/article\/us-open-h-mannarino-domine-par-lehecka-en-huitiemes-de-finale-CNT000002kqnBP.html\" rel=\"nofollow noopener\" target=\"_blank\">l&rsquo;\u00e9limination d&rsquo;Adrian Mannarino<\/a>, tomb\u00e9 face \u00e0 Jiri Lehecka (7-6[4], 6-4, 2-6, 6-2 en 3h14), Arthur Rinderknech a lui aussi \u00e9t\u00e9 \u00e9limin\u00e9 en huiti\u00e8mes de finale, sans surprise, <a href=\"https:\/\/sports.orange.fr\/tennis\/us-open\/article\/us-open-h-rinderknech-s-incline-face-a-alcaraz-CNT000002kqo05.html\" rel=\"nofollow noopener\" target=\"_blank\">face \u00e0 Carlos Alcaraz (7-6[3], 6-3, 6-4 en 2h12)<\/a>. Ce qui signifie qu&rsquo;il n&rsquo;y aura pas de repr\u00e9sentant tricolore en quarts \u00e0 New York, une habitude depuis 2019, quand Ga\u00ebl Monfils avait \u00e9t\u00e9 stopp\u00e9 aux portes du dernier carr\u00e9 par Matteo Berrettini.<\/p>\n<p>\u00ab\u00a0Rinder\u00a0\u00bb, <a href=\"https:\/\/sports.orange.fr\/tennis\/us-open\/article\/us-open-h-rinderknech-faire-valoir-mes-armes-contre-alcaraz-exclu-CNT000002kpHf9.html\" rel=\"nofollow noopener\" target=\"_blank\">qui n&rsquo;\u00e9tait jamais arriv\u00e9 en huiti\u00e8mes d&rsquo;un Grand Chelem<\/a>, n&rsquo;a rien pu faire contre un \u00ab\u00a0Carlitos\u00a0\u00bb en feu. Comme cela avait d\u00e9j\u00e0 \u00e9t\u00e9 le cas lors du dernier Roland-Garros face \u00e0 l&rsquo;autre cador du circuit, le num\u00e9ro un mondial Jannik Sinner. \u00ab\u00a0\u00c0 l&rsquo;heure actuelle, ils ont un petit truc en plus. Dans les moments importants, \u00e7a ne flanche pas, c&rsquo;est m\u00eame encore plus fort, encore plus rapide. \u00c9videmment que la marche est tr\u00e8s, tr\u00e8s haute contre ces deux joueurs\u00a0\u00bb, a ensuite r\u00e9agi le Fran\u00e7ais, rapporte L&rsquo;Equipe.<\/p>\n<p>\u00ab\u00a0Plus d&rsquo;une fois, j&rsquo;ai eu envie d&rsquo;applaudir\u00a0\u00bb<\/p>\n<p>Et il s&rsquo;est dit \u00ab\u00a0admiratif\u00a0\u00bb du niveau de jeu de son prestigieux adversaire, qui lui a m\u00eame fait subir un improbable coup derri\u00e8re le dos, pour le plus grand plaisir du public du stade Arthur Ashe. \u00ab\u00a0Plus d&rsquo;une fois, j&rsquo;ai eu envie d&rsquo;applaudir ou de lui dire bravo. Quand il me fait son coup dans le dos en d\u00e9but de match, heureusement qu&rsquo;il y a 40-0 parce que si c&rsquo;est balle de break pour moi, je vais aller l&rsquo;\u00e9trangler, a confi\u00e9 Rinderknech en souriant. C&rsquo;est fort ! C&rsquo;est une rigueur absolue, c&rsquo;est tr\u00e8s physique, c&rsquo;est tr\u00e8s technique et en plus c&rsquo;est tr\u00e8s talentueux.\u00a0\u00bb<\/p>\n<p>Le joueur de 30 ans, qui va se rapprocher d&rsquo;un retour dans le Top 50 du classement ATP, reste n\u00e9anmoins satisfait d&rsquo;\u00eatre \u00ab\u00a0reparti sur des bonnes bases. Et surtout sur des nouvelles bases qui, je l&rsquo;esp\u00e8re, m&#8217;emm\u00e8neront plus haut. \u00bb<\/p>\n","protected":false},"excerpt":{"rendered":"Paul Rouget, Media365 : publi\u00e9 le lundi 01 septembre 2025 \u00e0 08h35 Logiquement sorti par Carlos Alcaraz pour&hellip;\n","protected":false},"author":2,"featured_media":357827,"comment_status":"","ping_status":"","sticky":false,"template":"","format":"standard","meta":{"footnotes":""},"categories":[1415],"tags":[1011,27,60,1467],"class_list":{"0":"post-357826","1":"post","2":"type-post","3":"status-publish","4":"format-standard","5":"has-post-thumbnail","7":"category-tennis","8":"tag-fr","9":"tag-france","10":"tag-sports","11":"tag-tennis"},"share_on_mastodon":{"url":"https:\/\/pubeurope.com\/@fr\/115127813573572543","error":""},"_links":{"self":[{"href":"https:\/\/www.europesays.com\/fr\/wp-json\/wp\/v2\/posts\/357826","targetHints":{"allow":["GET"]}}],"collection":[{"href":"https:\/\/www.europesays.com\/fr\/wp-json\/wp\/v2\/posts"}],"about":[{"href":"https:\/\/www.europesays.com\/fr\/wp-json\/wp\/v2\/types\/post"}],"author":[{"embeddable":true,"href":"https:\/\/www.europesays.com\/fr\/wp-json\/wp\/v2\/users\/2"}],"replies":[{"embeddable":true,"href":"https:\/\/www.europesays.com\/fr\/wp-json\/wp\/v2\/comments?post=357826"}],"version-history":[{"count":0,"href":"https:\/\/www.europesays.com\/fr\/wp-json\/wp\/v2\/posts\/357826\/revisions"}],"wp:featuredmedia":[{"embeddable":true,"href":"https:\/\/www.europesays.com\/fr\/wp-json\/wp\/v2\/media\/357827"}],"wp:attachment":[{"href":"https:\/\/www.europesays.com\/fr\/wp-json\/wp\/v2\/media?parent=357826"}],"wp:term":[{"taxonomy":"category","embeddable":true,"href":"https:\/\/www.europesays.com\/fr\/wp-json\/wp\/v2\/categories?post=357826"},{"taxonomy":"post_tag","embeddable":true,"href":"https:\/\/www.europesays.com\/fr\/wp-json\/wp\/v2\/tags?post=357826"}],"curies":[{"name":"wp","href":"https:\/\/api.w.org\/{rel}","templated":true}]}}