{"id":357830,"date":"2025-09-01T07:18:16","date_gmt":"2025-09-01T07:18:16","guid":{"rendered":"https:\/\/www.europesays.com\/fr\/357830\/"},"modified":"2025-09-01T07:18:16","modified_gmt":"2025-09-01T07:18:16","slug":"le-look-de-star-de-la-princesse-alexia-au-grand-prix-des-pays-bas-dans-un-ensemble-sandro","status":"publish","type":"post","link":"https:\/\/www.europesays.com\/fr\/357830\/","title":{"rendered":"Le look de star de la princesse Alexia au Grand Prix des Pays-Bas dans un ensemble Sandro"},"content":{"rendered":"<p>Ce dimanche, la famille royale des Pays-Bas a assist\u00e9 au Grand Prix, depuis la tribune VIP du circuit de Zandvoort. Le roi Willem-Alexander et la reine M\u00e1xima ont vibr\u00e9 au rythme des moteurs des Formule 1, accompagn\u00e9s de leurs trois filles. La princesse Alexia, s\u0153ur de l\u2019h\u00e9riti\u00e8re du tr\u00f4ne, a particuli\u00e8rement attir\u00e9 l\u2019attention avec son look tr\u00e8s \u00e9tudi\u00e9. La jeune femme portait un mini-short, un top et un blazer sign\u00e9s de la marque parisienne Sandro et des lunettes de soleil aux verres vert pomme d\u2019une marque californienne.<\/p>\n<p><strong>Lire aussi : <a href=\"https:\/\/histoiresroyales.fr\/trois-filles-roi-willem-alexander-vedettes-paddocks-grand-prix-des-pays-bas-organise-prince-bernhard\/\" target=\"_blank\" rel=\"noopener\">Les trois filles du roi Willem-Alexander vedettes des paddocks du Grand Prix des Pays-Bas organis\u00e9 par le prince Bernhard<\/a><\/strong><\/p>\n<p>Le style remarqu\u00e9 de la princesse Alexia en Sandro au Grand Prix de F1 des Pays-Bas<\/p>\n<p>Depuis le retour du Grand Prix de Formule 1 des Pays-Bas en 2021, le roi Willem-Alexander se rend chaque ann\u00e9e au circuit de Zandvoort en famille. Cette sortie familiale est aussi une marque de soutien \u00e0 son cousin germain, le prince Bernhard d\u2019Orange-Nassau, qui a rachet\u00e9 le circuit en 2019 et a ressuscit\u00e9 ce Grand Prix dont la derni\u00e8re \u00e9dition remontait \u00e0 1985. Le Grand Prix des Pays-Bas retrouve donc sa place dans le calendrier des grandes courses de F1 et la famille royale y assiste chaque ann\u00e9e le dernier dimanche du mois d\u2019ao\u00fbt.<\/p>\n<p><img fetchpriority=\"high\" decoding=\"async\" width=\"1300\" height=\"1936\" src=\"https:\/\/www.europesays.com\/fr\/wp-content\/uploads\/2025\/09\/princesse-alexia-lunettes-vertes-grand-prix-formule-1-sandro.jpg\" alt=\"\" class=\"wp-image-217935 lazyload\" data-  \/>La princesse Alexia des Pays-Bas fait une apparition remarqu\u00e9e au Grand Prix de F1 ce 31 ao\u00fbt 2025 (Photo : Robin Utrecht\/ABACAPRESS.COM)<\/p>\n<p><img loading=\"lazy\" decoding=\"async\" width=\"1300\" height=\"867\" src=\"https:\/\/www.europesays.com\/fr\/wp-content\/uploads\/2025\/09\/famille-royale-des-pays-bas-zandvoort-grand-prix-2025.jpg\" alt=\"\" class=\"wp-image-217895 lazyload\" data-  \/>Le roi Willem-Alexander, la princesse Ariane, la reine M\u00e1xima, la princesse Alexia et la princesse Catharina-Amalia, princesse d\u2019Orange, photographi\u00e9s \u00e0 leur arriv\u00e9e \u00e0 Zandvoort (Photo : Robin Utrecht\/ABACAPRESS.COM)<\/p>\n<p><strong>Lire aussi : <a href=\"https:\/\/histoiresroyales.fr\/reine-maxima-profite-avec-sa-fille-ariane-de-vacances-sur-lile-de-spetses-sa-sortie-en-yacht-sans-le-roi-willem-alexander\/\" target=\"_blank\" rel=\"noopener\">Sortie en yacht \u00e0 Spets\u00e8s pour la reine M\u00e1xima et la princesse Ariane pendant que le roi Willem-Alexander gouverne son voilier \u00e0 Amsterdam<\/a><\/strong><\/p>\n<p>Ce 31 ao\u00fbt 2025, le roi Willem-Alexander, la reine M\u00e1xima et leurs trois filles, la princesse Catharina-Amalia, la princesse Alexia et la princesse Ariane, \u00e9taient bien au rendez-vous. Sur place, ils ont retrouv\u00e9 le prince Bernhard et son fr\u00e8re, le prince Floris, ainsi que la belle-s\u0153ur du roi, la princesse Mabel. La princesse Amalia portait \u00e0 nouveau son trench beige sur les \u00e9paules, devenu un classique pour l\u2019h\u00e9riti\u00e8re du tr\u00f4ne qui affichait un look quasi similaire \u00e0 celui de l\u2019ann\u00e9e derni\u00e8re. Sa s\u0153ur pu\u00een\u00e9e, la princesse Alexia, \u00e9tait la v\u00e9ritable star de ce dimanche, soignant son style de la t\u00eate aux pieds.<\/p>\n<p><img loading=\"lazy\" decoding=\"async\" width=\"1300\" height=\"2042\" src=\"https:\/\/www.europesays.com\/fr\/wp-content\/uploads\/2025\/09\/princesse-alexia-tenue-star-grand-prix-f1.jpg\" alt=\"\" class=\"wp-image-217937 lazyload\" data-  \/>Mini-short, blazer et top sign\u00e9s Sandro pour la princesse Alexia, photographiant ici une Formule 1 \u00e0 c\u00f4t\u00e9 de sa s\u0153ur Ariane (Photo : Robin Utrecht\/ABACAPRESS.COM)<\/p>\n<p><strong>Lire aussi : <a href=\"https:\/\/histoiresroyales.fr\/roi-willem-alexander-retrouve-camarades-marine-a-bord-voilier-mere-assiste-sail-amsterdam\/\" target=\"_blank\" rel=\"noopener\">Le roi Willem-Alexander retrouve ses camarades de la Marine \u00e0 bord du voilier de sa m\u00e8re et assiste au SAIL Amsterdam<\/a><\/strong><\/p>\n<p>Des lunettes aux verres vert pomme d\u2019une marque californienne<\/p>\n<p>La princesse Alexia, 20 ans, qui s\u2019appr\u00eate \u00e0 effectuer sa rentr\u00e9e en deuxi\u00e8me ann\u00e9e en ing\u00e9nierie civile \u00e0 l\u2019universit\u00e9 de Londres, est connue pour son go\u00fbt pour la mode. La princesse Alexia portait un top marron, un mini-short marron \u00e0 motifs et une veste de costume, trois pi\u00e8ces provenant de la marque de pr\u00eat-\u00e0-porter haut de gamme Sandro. La marque parisienne a \u00e9t\u00e9 fond\u00e9e en 1984 par Sandrine Chetrite. En 1998, sa s\u0153ur Judith Milgrom fondra Maje, une autre marque devenue incontournable dans la garde-robe des princesses. La princesse \u00c9l\u00e9onore de Belgique est notamment une inconditionnelle de la marque. <\/p>\n<p><img loading=\"lazy\" decoding=\"async\" width=\"1300\" height=\"867\" src=\"https:\/\/www.europesays.com\/fr\/wp-content\/uploads\/2025\/09\/filles-roi-des-pays-bas-posent-grand-prix.jpg\" alt=\"\" class=\"wp-image-217909 lazyload\" data-  \/>Les trois filles des souverains n\u00e9erlandais posent pour une photo souvenir avant le Grand Prix 2025 (Photo : Robin Utrecht\/ABACAPRESS.COM)<\/p>\n<p><strong>Lire aussi : <a href=\"https:\/\/histoiresroyales.fr\/plus-belles-photos-shooting-estival-famille-royale-des-pays-bas-jardin\/\" target=\"_blank\" rel=\"noopener\">Les plus belles photos du shooting estival de la famille royale des Pays-Bas dans son jardin<\/a><\/strong><\/p>\n<p>Pour parfaire son look de star, la princesse Alexia portait des bottes hautes en daim, identifi\u00e9es par Royal Fashion Daily comme provenant de chez Gianvito Rossi. L\u00e0 aussi, la marque italienne a trouv\u00e9 les faveurs de la famille royale depuis de nombreuses ann\u00e9es. La plupart des souliers et escarpins port\u00e9s par la reine M\u00e1xima sont sign\u00e9s Gianvito Rossi. Enfin, la princesse Alexia portait une paire de lunettes de soleil \u00e0 la monture \u00e9cailles de tortue et aux verres de couleur vert pomme. Ces lunettes originales ajoutaient une touche californienne au look de la princesse. Il s\u2019agit du mod\u00e8le Zed de la marque Akila bas\u00e9e \u00e0 Los Angeles.<\/p>\n<blockquote class=\"instagram-media\" data-instgrm-permalink=\"https:\/\/www.instagram.com\/p\/DOCnsG4kptq\/?utm_source=ig_embed&amp;utm_campaign=loading\" data-instgrm-version=\"14\" style=\" background:#FFF; border:0; border-radius:3px; box-shadow:0 0 1px 0 rgba(0,0,0,0.5),0 1px 10px 0 rgba(0,0,0,0.15); margin: 1px; max-width:540px; min-width:326px; padding:0; width:99.375%; width:-webkit-calc(100% - 2px); width:calc(100% - 2px);\"\/>\n<p>Ces lunettes <a href=\"https:\/\/akila.la\/en-eu\/products\/zed-1925?variant=40525846085750\" target=\"_blank\" rel=\"noopener\">vendues \u00e0 160 euros<\/a> viennent s\u2019ajouter \u00e0 la note d\u2019environ 250 euros que co\u00fbtent les trois pi\u00e8ces de chez Sandro. Le prix des bottes en daim Gianvito Rossi avoisine les 1200 euros. La princesse Amalia avait, quant \u00e0 elle, opt\u00e9 pour un ensemble noir plus discret, et portait son trench habituel de chez Mango. Elle portait une simple paire de baskets Adidas vertes aux pieds. La plus modeste des trois filles, la princesse Ariane, portait une chemise lign\u00e9e de chez MaxMara, un jeans et des baskets Adidas de couleur marron.<\/p>\n<p>\t\t\t\t<img loading=\"lazy\" alt=\"Avatar photo\" src=\"https:\/\/www.europesays.com\/fr\/wp-content\/uploads\/2025\/04\/1516945716303-164x164.jpeg\"  class=\"avatar avatar-164 photo lazyload\" height=\"164\" width=\"164\" decoding=\"async\"\/><br \/>\n\t\t<a href=\"https:\/\/histoiresroyales.fr\/author\/royaliste123\/\" target=\"_blank\" rel=\"noopener\">Nicolas Fontaine<\/a><br \/>\n\t\t\t\t\tR\u00e9dacteur en chef<\/p>\n<p>Nicolas Fontaine a \u00e9t\u00e9 concepteur-r\u00e9dacteur et auteur pour de nombreuses marques et m\u00e9dias belges et fran\u00e7ais. Sp\u00e9cialiste de l&rsquo;actualit\u00e9 des familles royales, Nicolas a fond\u00e9 le site Histoires royales dont il est le r\u00e9dacteur en chef.&#13;<br \/>\n&#13;<br \/>\nnicolas@histoiresroyales.fr<\/p>\n<p>\t\t\t\t\t\t\t<a href=\"https:\/\/twitter.com\/ActusRoyales\" class=\"boxed-icon fill twitter\" target=\"_blank\" rel=\"noopener\"><\/a><br \/>\n\t\t\t\t\t\t\t\t\t<a href=\"https:\/\/www.instagram.com\/histoiresroyales.fr\/\" class=\"boxed-icon fill instagram\" target=\"_blank\" rel=\"noopener\"><\/a><\/p>\n<p>\t\t\t\t\t\t\t\t\t\t\t\t\t<script async src=\"https:\/\/platform.twitter.com\/widgets.js\" charset=\"utf-8\"><\/script><script async src=\"\/\/www.instagram.com\/embed.js\"><\/script><\/p>\n","protected":false},"excerpt":{"rendered":"Ce dimanche, la famille royale des Pays-Bas a assist\u00e9 au Grand Prix, depuis la tribune VIP du circuit&hellip;\n","protected":false},"author":2,"featured_media":357831,"comment_status":"","ping_status":"","sticky":false,"template":"","format":"standard","meta":{"footnotes":""},"categories":[1412],"tags":[49366,49367,1451,1452,1453,1454,1455,1011,27,1982,49368,60],"class_list":{"0":"post-357830","1":"post","2":"type-post","3":"status-publish","4":"format-standard","5":"has-post-thumbnail","7":"category-f1","8":"tag-alexia-des-pays-bas","9":"tag-circuit-automobile","10":"tag-f1","11":"tag-formula-1","12":"tag-formula1","13":"tag-formule-1","14":"tag-formule1","15":"tag-fr","16":"tag-france","17":"tag-grand-prix","18":"tag-sandro","19":"tag-sports"},"share_on_mastodon":{"url":"https:\/\/pubeurope.com\/@fr\/115127825576109983","error":""},"_links":{"self":[{"href":"https:\/\/www.europesays.com\/fr\/wp-json\/wp\/v2\/posts\/357830","targetHints":{"allow":["GET"]}}],"collection":[{"href":"https:\/\/www.europesays.com\/fr\/wp-json\/wp\/v2\/posts"}],"about":[{"href":"https:\/\/www.europesays.com\/fr\/wp-json\/wp\/v2\/types\/post"}],"author":[{"embeddable":true,"href":"https:\/\/www.europesays.com\/fr\/wp-json\/wp\/v2\/users\/2"}],"replies":[{"embeddable":true,"href":"https:\/\/www.europesays.com\/fr\/wp-json\/wp\/v2\/comments?post=357830"}],"version-history":[{"count":0,"href":"https:\/\/www.europesays.com\/fr\/wp-json\/wp\/v2\/posts\/357830\/revisions"}],"wp:featuredmedia":[{"embeddable":true,"href":"https:\/\/www.europesays.com\/fr\/wp-json\/wp\/v2\/media\/357831"}],"wp:attachment":[{"href":"https:\/\/www.europesays.com\/fr\/wp-json\/wp\/v2\/media?parent=357830"}],"wp:term":[{"taxonomy":"category","embeddable":true,"href":"https:\/\/www.europesays.com\/fr\/wp-json\/wp\/v2\/categories?post=357830"},{"taxonomy":"post_tag","embeddable":true,"href":"https:\/\/www.europesays.com\/fr\/wp-json\/wp\/v2\/tags?post=357830"}],"curies":[{"name":"wp","href":"https:\/\/api.w.org\/{rel}","templated":true}]}}