{"id":357834,"date":"2025-09-01T07:20:17","date_gmt":"2025-09-01T07:20:17","guid":{"rendered":"https:\/\/www.europesays.com\/fr\/357834\/"},"modified":"2025-09-01T07:20:17","modified_gmt":"2025-09-01T07:20:17","slug":"le-declic-qui-offre-une-star-au-psg","status":"publish","type":"post","link":"https:\/\/www.europesays.com\/fr\/357834\/","title":{"rendered":"\u00abLe d\u00e9clic\u00bb qui offre une star au PSG !"},"content":{"rendered":"<p>                    Benjamin Labrousse<br \/>\n                        &#8211;<\/p>\n<p>R\u00e9dacteur<\/p>\n<p>Malgr\u00e9 un double cursus Espagnol\/Communication, j\u2019ai d\u00e9cid\u00e9 de prendre en main mes r\u00eaves en me dirigeant vers le journalisme. Dipl\u00f4m\u00e9 d\u2019un master en journalisme de sport, je couvre l\u2019actualit\u00e9 sportive et footballistique avec toujours autant d\u2019admiration pour les p\u00e9riode de mercato, o\u00f9 un club se doit de faire des choix cruciaux pour la saison prochaine.<\/p>\n<p class=\"heading\">Arriv\u00e9 au PSG en 2022, Fabian Ruiz est pass\u00e9 du statut de simple rempla\u00e7ant \u00e0 celui de titulaire indiscutable au sein de l\u2019entrejeu parisien. V\u00e9ritable d\u00e9positaire du jeu mis en place par Luis Enrique \u00e0 Paris, l\u2019international Espagnol semble avoir eu un gros d\u00e9clic depuis plusieurs mois selon Bixente Lizarazu.<\/p>\n<p>Le <a href=\"https:\/\/le10sport.com\/football\/mercato\/transfert-a-letranger-le-psg-touche-au-but-pour-cette-star-756352\" rel=\"nofollow noopener\" target=\"_blank\"><strong>PSG <\/strong><\/a>dispose d\u2019un effectif cons\u00e9quent. Avec l\u2019arriv\u00e9e de <strong>Luis Enrique<\/strong> sur le banc parisien il y a plus de deux ans d\u00e9sormais, le club de la capitale a vu certains de ses joueurs progresser \u00e9norm\u00e9ment. D\u00e9sormais titulaire indiscutable au milieu de terrain, <strong>Fabian Ruiz<\/strong> fait partie de ce cas de figure. <\/p>\n<p>                                            Fabian Ruiz en patron au PSG<\/p>\n<p>Arriv\u00e9 sur la pointe des pieds dans un <strong>PSG <\/strong>plein de stars en 2022, le milieu de terrain espagnol a peu \u00e0 peu gagn\u00e9 sa place. Sur la lanc\u00e9e d\u2019un Euro 2024 remport\u00e9 avec <strong>l\u2019Espagne <\/strong>et sensationnel \u00e0 titre individuel, <strong>Fabian Ruiz<\/strong> a profit\u00e9 de la blessure de <strong>Warren Za\u00efre-Emery<\/strong> en janvier dernier pour s\u2019imposer d\u00e9finitivement comme un rouage essentiel de la machine parisienne d\u00e9velopp\u00e9e par <strong>Luis Enrique<\/strong>. Se sentant tr\u00e8s bien \u00e0 <strong>Paris<\/strong>, le num\u00e9ro 8 semble avoir connu un v\u00e9ritable d\u00e9clic avant de s\u2019imposer au plus haut niveau comme l\u2019affirme <strong>Bixente Lizarazu<\/strong>.<\/p>\n<p>                                            \u00ab\u00a0Le d\u00e9clic, il l&rsquo;a eu avec l&rsquo;Espagne \u00e0 l&rsquo;Euro\u00a0\u00bb<\/p>\n<p>\u00ab Fabian Ruiz est indispensable, parce qu&rsquo;il est l&rsquo;\u00e9quilibre de cette \u00e9quipe. Il est le milieu de terrain qui se projette le mieux en attaque, il casse les lignes dans ses projections. Et il est capable de faire des diff\u00e9rences quand l&rsquo;\u00e9quipe est un peu bloqu\u00e9e. Et c&rsquo;est vrai que son parcours est int\u00e9ressant au PSG. Il a \u00e9t\u00e9 beaucoup critiqu\u00e9 au d\u00e9but et je pense que le d\u00e9clic, il l&rsquo;a eu avec l&rsquo;Espagne \u00e0 l&rsquo;Euro et derri\u00e8re il a encha\u00een\u00e9 avec une saison fantastique. Aujourd&rsquo;hui, c&rsquo;est un relai tr\u00e8s important pour Luis Enrique et il a un r\u00f4le encore plus important de leader. Il est indispensable \u00bb, a ainsi confi\u00e9 le champion du monde 1998 sur le plateau de T\u00e9l\u00e9foot ce dimanche.<\/p>\n","protected":false},"excerpt":{"rendered":"Benjamin Labrousse &#8211; R\u00e9dacteur Malgr\u00e9 un double cursus Espagnol\/Communication, j\u2019ai d\u00e9cid\u00e9 de prendre en main mes r\u00eaves en&hellip;\n","protected":false},"author":2,"featured_media":357835,"comment_status":"","ping_status":"","sticky":false,"template":"","format":"standard","meta":{"footnotes":""},"categories":[1410],"tags":[63,1011,27,60],"class_list":{"0":"post-357834","1":"post","2":"type-post","3":"status-publish","4":"format-standard","5":"has-post-thumbnail","7":"category-football","8":"tag-football","9":"tag-fr","10":"tag-france","11":"tag-sports"},"share_on_mastodon":{"url":"https:\/\/pubeurope.com\/@fr\/115127833387418794","error":""},"_links":{"self":[{"href":"https:\/\/www.europesays.com\/fr\/wp-json\/wp\/v2\/posts\/357834","targetHints":{"allow":["GET"]}}],"collection":[{"href":"https:\/\/www.europesays.com\/fr\/wp-json\/wp\/v2\/posts"}],"about":[{"href":"https:\/\/www.europesays.com\/fr\/wp-json\/wp\/v2\/types\/post"}],"author":[{"embeddable":true,"href":"https:\/\/www.europesays.com\/fr\/wp-json\/wp\/v2\/users\/2"}],"replies":[{"embeddable":true,"href":"https:\/\/www.europesays.com\/fr\/wp-json\/wp\/v2\/comments?post=357834"}],"version-history":[{"count":0,"href":"https:\/\/www.europesays.com\/fr\/wp-json\/wp\/v2\/posts\/357834\/revisions"}],"wp:featuredmedia":[{"embeddable":true,"href":"https:\/\/www.europesays.com\/fr\/wp-json\/wp\/v2\/media\/357835"}],"wp:attachment":[{"href":"https:\/\/www.europesays.com\/fr\/wp-json\/wp\/v2\/media?parent=357834"}],"wp:term":[{"taxonomy":"category","embeddable":true,"href":"https:\/\/www.europesays.com\/fr\/wp-json\/wp\/v2\/categories?post=357834"},{"taxonomy":"post_tag","embeddable":true,"href":"https:\/\/www.europesays.com\/fr\/wp-json\/wp\/v2\/tags?post=357834"}],"curies":[{"name":"wp","href":"https:\/\/api.w.org\/{rel}","templated":true}]}}