{"id":357836,"date":"2025-09-01T07:21:11","date_gmt":"2025-09-01T07:21:11","guid":{"rendered":"https:\/\/www.europesays.com\/fr\/357836\/"},"modified":"2025-09-01T07:21:11","modified_gmt":"2025-09-01T07:21:11","slug":"prince-william-et-kate-middleton-la-veritable-raison-de-leur-demenagement-surprise-devoilee","status":"publish","type":"post","link":"https:\/\/www.europesays.com\/fr\/357836\/","title":{"rendered":"Prince William et Kate Middleton : la v\u00e9ritable raison de leur d\u00e9m\u00e9nagement surprise d\u00e9voil\u00e9e"},"content":{"rendered":"<p>Depuis plusieurs mois, les rumeurs entourant un nouveau <a href=\"https:\/\/www.closermag.fr\/royautes\/kate-et-william-demenagent-je-detesterais-que-leurs-futurs-voisins-de-forest-lodge-tres-inquiets-3573396#:~:text=Kate%20et%20William%20ont%20d%C3%A9cid%C3%A9%20de%20d%C3%A9m%C3%A9nagera%20%C3%A0%20Forest%20Lodge,une%20installation%20pr%C3%A9vue%20fin%202025.\" rel=\"nofollow noopener\" target=\"_blank\"><br \/>\nd\u00e9m\u00e9nagement du prince et de la princesse de Galles<\/a> se<br \/>\nmultiplient. Le <a href=\"https:\/\/www.closermag.fr\/royautes\/william-et-kate-cette-regle-deducation-stricte-sur-laquelle-ils-ne-transigeront-pas-en-demenageant-3574279\" rel=\"nofollow noopener\" target=\"_blank\"><br \/>\nprince William et Kate Middleton<\/a> ont en effet confirm\u00e9 qu\u2019ils<br \/>\nquitteront prochainement leur cher Adelaide Cottage, \u00e0 Windsor,<br \/>\npour s\u2019installer \u00e0 <strong>Forest Lodge, une vaste<br \/>\ndemeure.<\/strong> Si ce choix en a surpris plus d\u2019un, le <a href=\"https:\/\/www.mirror.co.uk\/news\/royals\/kate-middleton-prince-williams-real-35808064\" target=\"_blank\" rel=\"nofollow noopener\">Mirror<\/a> r\u00e9v\u00e8le<br \/>\nen exclusivit\u00e9 la v\u00e9ritable raison qui a motiv\u00e9 le couple<br \/>\nprincier.<\/p>\n<p>Selon le m\u00e9dia britannique, <strong>cette d\u00e9cision ne doit rien<br \/>\nau hasard.<\/strong> Elle s\u2019inscrit dans une vision bien pr\u00e9cise que<br \/>\n<a href=\"https:\/\/www.closermag.fr\/royautes\/kate-et-william-leur-nouveau-demenagement-met-en-danger-la-couronne-et-fait-jaser-3572570\" rel=\"nofollow noopener\" target=\"_blank\"><br \/>\nle prince de Galles<\/a> veut donner \u00e0 sa vie de famille et, \u00e0<br \/>\nterme, \u00e0 son r\u00e8gne. L\u2019experte royale Jennie Bond, ancienne<br \/>\ncommentatrice de la BBC, a confi\u00e9 au Mirror : \u201cWilliam se<br \/>\nconcentre sur la cr\u00e9ation d&rsquo;une vie de famille stable et priv\u00e9e :<br \/>\nle genre de <strong>vie qu&rsquo;il n&rsquo;a jamais eue en<br \/>\ngrandissant<\/strong>. Il souhaite donc que sa famille reste<br \/>\nsolidement ancr\u00e9e\u201d.\u00a0<\/p>\n<p><img loading=\"lazy\" decoding=\"async\" itemprop=\"thumbnailUrl\" class=\"aligncenter size-large wp-image-3574665 img-responsive\" src=\"https:\/\/www.europesays.com\/fr\/wp-content\/uploads\/2025\/09\/bestimage_00689663_000030-1132x1024.jpg\" alt=\"\" width=\"1132\" height=\"1024\"\/> \u00a9<br \/>\nBestimage<\/p>\n<p>Ce d\u00e9m\u00e9nagement a une saveur particuli\u00e8re pour le prince<br \/>\nWilliam<\/p>\n<p>Pour le prince William, <a href=\"https:\/\/www.closermag.fr\/royautes\/kate-et-william-demenagent-et-ils-ont-deja-pris-une-decision-radicale-pour-leur-nouvelle-maison-de-luxe-3571950\" rel=\"nofollow noopener\" target=\"_blank\"><br \/>\nForest Lodge<\/a> repr\u00e9sente l\u2019id\u00e9e d\u2019une \u201cmaison pour<br \/>\ntoujours\u201d, loin du faste des palais officiels comme Buckingham<br \/>\nou Windsor. \u201cJe ne pense pas que William h\u00e9sitera \u00e0 rompre<br \/>\ncertaines traditions royales\u201d, poursuit Jennie Bond.<br \/>\n\u201c<strong>Il ne veut pas vivre dans un palais<\/strong> ou un<br \/>\nch\u00e2teau et il a d\u00e9cid\u00e9 de faire les choses diff\u00e9remment. Vivre dans<br \/>\nune maison, m\u00eame une grande maison comme Forest Lodge, offrira \u00e0 sa<br \/>\nfamille une vie beaucoup plus normale, et cela, j&rsquo;en suis s\u00fbre,<br \/>\nleur sera tr\u00e8s utile\u201d.<\/p>\n<p>Cette volont\u00e9 de rompre avec certains codes n\u2019est pas anodine.<br \/>\n<a href=\"https:\/\/www.closermag.fr\/royautes\/kate-et-william-leur-nouveau-demenagement-met-en-danger-la-couronne-et-fait-jaser-3572570\" rel=\"nofollow noopener\" target=\"_blank\"><br \/>\nLe mari de Kate Middleton<\/a>, marqu\u00e9 par l\u2019enfance surm\u00e9diatis\u00e9e,<br \/>\nsouhaite offrir \u00e0 George, Charlotte et Louis un environnement bien<br \/>\nplus apais\u00e9.\u00a0<\/p>\n<p>Kate Middleton se dit ravie de pouvoir<br \/>\nvivre \u00e0 Forest Lodge<\/p>\n<p>Ainsi, il s\u2019inscrit dans la continuit\u00e9 de Lady Diana, qui avait<br \/>\ntoujours tenu \u00e0 cr\u00e9er une atmosph\u00e8re chaleureuse et familiale dans<br \/>\nses appartements du palais de Kensington. <strong>Et Kate Middleton<br \/>\ndans tout \u00e7a ?<\/strong><\/p>\n<p>Selon Jennie Bond, ce choix est \u00e9galement un soulagement pour la<br \/>\nprincesse de Galles. \u201c<strong>Catherine a grandi dans une<br \/>\nmaison familiale<\/strong> \u2018normale\u2019 et heureuse. Elle d\u00e9testerait<br \/>\nprobablement l\u2019id\u00e9e de vivre dans un immense ch\u00e2teau ancien et<br \/>\nplein de courants d\u2019air, ou dans un palais au centre de Londres<br \/>\navec pr\u00e8s de 800 pi\u00e8ces\u201d, explique l\u2019experte au Mirror. En<br \/>\nclair, le <a href=\"https:\/\/www.closermag.fr\/royautes\/kate-et-william-a-quoi-ressemble-leur-nouvelle-maison-a-18-millions-deuros-3571531\" rel=\"nofollow noopener\" target=\"_blank\"><br \/>\ndomaine de Forest Lodge<\/a> s\u2019impose comme un v\u00e9ritable foyer<br \/>\nchaleureux dans lequel peut vivre toute la famille.<\/p>\n","protected":false},"excerpt":{"rendered":"Depuis plusieurs mois, les rumeurs entourant un nouveau d\u00e9m\u00e9nagement du prince et de la princesse de Galles se&hellip;\n","protected":false},"author":2,"featured_media":357837,"comment_status":"","ping_status":"","sticky":false,"template":"","format":"standard","meta":{"footnotes":""},"categories":[1359],"tags":[548,58,59,1011,27,5858,973,3936],"class_list":{"0":"post-357836","1":"post","2":"type-post","3":"status-publish","4":"format-standard","5":"has-post-thumbnail","7":"category-people","8":"tag-article-simple","9":"tag-divertissement","10":"tag-entertainment","11":"tag-fr","12":"tag-france","13":"tag-kate-middleton","14":"tag-people","15":"tag-prince-william"},"share_on_mastodon":{"url":"https:\/\/pubeurope.com\/@fr\/115127837209651081","error":""},"_links":{"self":[{"href":"https:\/\/www.europesays.com\/fr\/wp-json\/wp\/v2\/posts\/357836","targetHints":{"allow":["GET"]}}],"collection":[{"href":"https:\/\/www.europesays.com\/fr\/wp-json\/wp\/v2\/posts"}],"about":[{"href":"https:\/\/www.europesays.com\/fr\/wp-json\/wp\/v2\/types\/post"}],"author":[{"embeddable":true,"href":"https:\/\/www.europesays.com\/fr\/wp-json\/wp\/v2\/users\/2"}],"replies":[{"embeddable":true,"href":"https:\/\/www.europesays.com\/fr\/wp-json\/wp\/v2\/comments?post=357836"}],"version-history":[{"count":0,"href":"https:\/\/www.europesays.com\/fr\/wp-json\/wp\/v2\/posts\/357836\/revisions"}],"wp:featuredmedia":[{"embeddable":true,"href":"https:\/\/www.europesays.com\/fr\/wp-json\/wp\/v2\/media\/357837"}],"wp:attachment":[{"href":"https:\/\/www.europesays.com\/fr\/wp-json\/wp\/v2\/media?parent=357836"}],"wp:term":[{"taxonomy":"category","embeddable":true,"href":"https:\/\/www.europesays.com\/fr\/wp-json\/wp\/v2\/categories?post=357836"},{"taxonomy":"post_tag","embeddable":true,"href":"https:\/\/www.europesays.com\/fr\/wp-json\/wp\/v2\/tags?post=357836"}],"curies":[{"name":"wp","href":"https:\/\/api.w.org\/{rel}","templated":true}]}}