{"id":357838,"date":"2025-09-01T07:28:20","date_gmt":"2025-09-01T07:28:20","guid":{"rendered":"https:\/\/www.europesays.com\/fr\/357838\/"},"modified":"2025-09-01T07:28:20","modified_gmt":"2025-09-01T07:28:20","slug":"bilan-daout-et-programme-de-septembre-2025","status":"publish","type":"post","link":"https:\/\/www.europesays.com\/fr\/357838\/","title":{"rendered":"Bilan d\u2019ao\u00fbt et Programme de septembre 2025"},"content":{"rendered":"<p><img loading=\"lazy\" decoding=\"async\" class=\"aligncenter size-medium wp-image-214254\" src=\"https:\/\/www.europesays.com\/fr\/wp-content\/uploads\/2025\/09\/a96ae14c-de35-4574-ac3b-e7576b729ce7-200x164.jpeg\" alt=\"\" width=\"200\" height=\"164\"  \/><\/p>\n<p>Chaque ann\u00e9e, c\u2019est pareil. Lorsque je pr\u00e9pare le panorama par \u00e9diteur de la rentr\u00e9e litt\u00e9raire, j\u2019ai peu de r\u00e9elles tentations. Et puis, les premiers \u00e9chos de la presse, des blogueurs, les premi\u00e8res listes de s\u00e9lection pour des prix litt\u00e9raires apparaissent. Et l\u00e0, mes listes d\u2019envies s\u2019allongent dangereusement.<br \/>Alors, en ce mois d\u2019ao\u00fbt, j\u2019ai encha\u00een\u00e9 les lectures. Et parmi mes 13 lectures, il y a de beaux coups de c\u0153ur et des auteurs \u00e0 suivre.<\/p>\n<p>Livres de la rentr\u00e9e litt\u00e9raire<\/p>\n<p><a href=\"https:\/\/unidivers.fr\/lhomme-qui-lisait-livres-rachid-benzine-avis\/\" rel=\"nofollow noopener\" target=\"_blank\"><img loading=\"lazy\" decoding=\"async\" class=\"alignnone size-thumbnail wp-image-234363\" src=\"https:\/\/www.europesays.com\/fr\/wp-content\/uploads\/2025\/08\/Benzine-103x150.jpeg\" alt=\"\" width=\"103\" height=\"150\"  \/><\/a> <img loading=\"lazy\" decoding=\"async\" class=\"alignnone size-thumbnail wp-image-234361\" src=\"https:\/\/www.europesays.com\/fr\/wp-content\/uploads\/2025\/08\/Wauters-103x150.jpeg\" alt=\"\" width=\"103\" height=\"150\"  \/> <img loading=\"lazy\" decoding=\"async\" class=\"alignnone size-thumbnail wp-image-234632\" src=\"https:\/\/www.europesays.com\/fr\/wp-content\/uploads\/2025\/09\/Olafsdottir-100x150.jpeg\" alt=\"\" width=\"100\" height=\"150\"  \/> <a href=\"http:\/\/Desa\" rel=\"nofollow\"><img loading=\"lazy\" decoding=\"async\" class=\"alignnone size-thumbnail wp-image-234365\" src=\"https:\/\/www.europesays.com\/fr\/wp-content\/uploads\/2025\/08\/Desarthe-103x150.jpeg\" alt=\"\" width=\"103\" height=\"150\"  \/><\/a> <a href=\"https:\/\/surlaroutedejostein.fr\/2025\/08\/27\/jouer-le-jeu-fatima-daas\/\" rel=\"nofollow noopener\" target=\"_blank\"><img loading=\"lazy\" decoding=\"async\" class=\"alignnone size-thumbnail wp-image-234830\" src=\"https:\/\/www.europesays.com\/fr\/wp-content\/uploads\/2025\/08\/Dans-102x150.jpeg\" alt=\"\" width=\"102\" height=\"150\"  \/><\/a><br \/><img loading=\"lazy\" decoding=\"async\" class=\"alignnone size-thumbnail wp-image-234694\" src=\"https:\/\/www.europesays.com\/fr\/wp-content\/uploads\/2025\/09\/Medie-96x150.jpeg\" alt=\"\" width=\"96\" height=\"150\"  \/> <img loading=\"lazy\" decoding=\"async\" class=\"alignnone size-thumbnail wp-image-234829\" src=\"https:\/\/www.europesays.com\/fr\/wp-content\/uploads\/2025\/08\/Gaude-79x150.jpeg\" alt=\"\" width=\"79\" height=\"150\"  \/> <img loading=\"lazy\" decoding=\"async\" class=\"alignnone size-thumbnail wp-image-234827\" src=\"https:\/\/www.europesays.com\/fr\/wp-content\/uploads\/2025\/08\/Warrior-94x150.jpeg\" alt=\"\" width=\"94\" height=\"150\"  \/> <img loading=\"lazy\" decoding=\"async\" class=\"alignnone size-thumbnail wp-image-234693\" src=\"https:\/\/www.europesays.com\/fr\/wp-content\/uploads\/2025\/08\/Nicolle-102x150.jpeg\" alt=\"\" width=\"102\" height=\"150\"  \/> <a href=\"https:\/\/surlaroutedejostein.fr\/2025\/08\/14\/le-livre-de-kells-sorj-chalandon\/\" rel=\"nofollow noopener\" target=\"_blank\"><img loading=\"lazy\" decoding=\"async\" class=\"alignnone size-thumbnail wp-image-234840\" src=\"https:\/\/www.europesays.com\/fr\/wp-content\/uploads\/2025\/08\/Chalandon-102x150.jpeg\" alt=\"\" width=\"102\" height=\"150\"  \/><\/a><\/p>\n<p>Livres de ma Pile \u00c0 Lire<\/p>\n<p><a href=\"https:\/\/surlaroutedejostein.fr\/2025\/08\/11\/lile-o-peter-balko\/\" rel=\"nofollow noopener\" target=\"_blank\"><img loading=\"lazy\" decoding=\"async\" class=\"alignnone size-thumbnail wp-image-234416\" src=\"https:\/\/www.europesays.com\/fr\/wp-content\/uploads\/2025\/09\/Balto-107x150.jpeg\" alt=\"\" width=\"107\" height=\"150\"  \/><\/a><a href=\"https:\/\/surlaroutedejostein.fr\/2025\/08\/28\/hot-milk-deborah-levy\/\" rel=\"nofollow noopener\" target=\"_blank\"> <img loading=\"lazy\" decoding=\"async\" class=\"alignnone size-thumbnail wp-image-231676\" src=\"https:\/\/www.europesays.com\/fr\/wp-content\/uploads\/2025\/08\/IMG_7250-102x150.webp.webp\" alt=\"\" width=\"102\" height=\"150\"  \/><\/a> <a href=\"https:\/\/surlaroutedejostein.fr\/2025\/08\/19\/mykonos-olga-duhamel-noyer\/\" rel=\"nofollow noopener\" target=\"_blank\"><img loading=\"lazy\" decoding=\"async\" class=\"alignnone size-thumbnail wp-image-231406\" src=\"https:\/\/www.europesays.com\/fr\/wp-content\/uploads\/2025\/08\/Duhamel-108x150.jpeg\" alt=\"\" width=\"108\" height=\"150\"  \/><\/a><\/p>\n<p>Avant ce bilan, je reviens sur des lectures en avant-premi\u00e8re pour des jurys auxquels j\u2019ai particip\u00e9. Lus en juin et juillet, les chroniques n\u2019ont \u00e9t\u00e9 publi\u00e9es qu\u2019\u00e0 partir de la date de parution des ouvrages. Un coup de c\u0153ur et un titre largement recommand\u00e9.<\/p>\n<p><a href=\"https:\/\/surlaroutedejostein.fr\/2025\/08\/20\/les-elements-john-boyne\/\" rel=\"nofollow noopener\" target=\"_blank\"><img loading=\"lazy\" decoding=\"async\" class=\"alignnone size-thumbnail wp-image-234598\" src=\"https:\/\/www.europesays.com\/fr\/wp-content\/uploads\/2025\/08\/Boyne-93x150.jpeg\" alt=\"\" width=\"93\" height=\"150\"  \/><\/a>\u00a0<a href=\"https:\/\/surlaroutedejostein.fr\/2025\/08\/29\/les-certitudes-marie-semelin\/\" rel=\"nofollow noopener\" target=\"_blank\"><img loading=\"lazy\" decoding=\"async\" class=\"alignnone size-thumbnail wp-image-234559\" src=\"https:\/\/www.europesays.com\/fr\/wp-content\/uploads\/2025\/08\/Semelin-95x150.jpeg\" alt=\"\" width=\"95\" height=\"150\"  \/><\/a><\/p>\n<p>En ao\u00fbt, les articles les plus lus sur mon blog<\/p>\n<p>1 \u2013 <a href=\"https:\/\/surlaroutedejostein.fr\/2025\/05\/26\/rentree-litteraire-2025-panorama-par-editeur\/\" rel=\"nofollow noopener\" target=\"_blank\">Rentr\u00e9e litt\u00e9raire, panorama par \u00e9diteur<\/a><br \/>2 \u2013 <a href=\"https:\/\/surlaroutedejostein.fr\/2025\/04\/08\/mes-25-livres-du-xxie-siecle\/\" rel=\"nofollow noopener\" target=\"_blank\">Mes 25 livres du XXIe si\u00e8cle<\/a><br \/>3 \u2013 <a href=\"https:\/\/surlaroutedejostein.fr\/2025\/08\/14\/le-livre-de-kells-sorj-chalandon\/\" rel=\"nofollow noopener\" target=\"_blank\">Le livre de Kells<\/a> de Sorj Chalandon<br \/>4 \u2013 <a href=\"https:\/\/surlaroutedejostein.fr\/2025\/08\/20\/les-elements-john-boyne\/\" rel=\"nofollow noopener\" target=\"_blank\">Les \u00e9l\u00e9ments<\/a> de John Boyne<br \/>5 \u2013 <a href=\"https:\/\/surlaroutedejostein.fr\/2025\/08\/06\/peau-vive-gerald-tenenbaum\/\" rel=\"nofollow noopener\" target=\"_blank\">Peau vive<\/a> de G\u00e9rald Tenenbaum<\/p>\n<p>Programme de septembre<\/p>\n<p>Le mois de Septembre sera sous le signe du mois am\u00e9ricain avec une lecture commune, un titre de ma PAL et des nouveaux romans de la rentr\u00e9e<\/p>\n<p><a href=\"http:\/\/www.editionsdelolivier.fr\/catalogue\/9782823617887-trust\" rel=\"nofollow noopener\" target=\"_blank\"><img loading=\"lazy\" decoding=\"async\" class=\"alignnone size-thumbnail wp-image-230452\" src=\"https:\/\/www.europesays.com\/fr\/wp-content\/uploads\/2025\/09\/Diaz-99x150.jpg\" alt=\"\" width=\"99\" height=\"150\"  \/><\/a> <a href=\"http:\/\/www.editionsdelolivier.fr\/catalogue\/9782823619676-le-passager\" rel=\"nofollow noopener\" target=\"_blank\"><img loading=\"lazy\" decoding=\"async\" class=\"alignnone size-thumbnail wp-image-220737\" src=\"https:\/\/www.europesays.com\/fr\/wp-content\/uploads\/2025\/09\/6CE8FB2C-F124-48D4-AE1E-B9A9A4A63AC5-95x140.jpeg\" alt=\"\" width=\"95\" height=\"140\"  \/><\/a> <a href=\"https:\/\/www.albin-michel.fr\/un-monde-nouveau-9782226488466\" rel=\"nofollow noopener\" target=\"_blank\"><img loading=\"lazy\" decoding=\"async\" class=\"alignnone size-thumbnail wp-image-234629\" src=\"https:\/\/www.europesays.com\/fr\/wp-content\/uploads\/2025\/08\/Row-102x150.jpeg\" alt=\"\" width=\"102\" height=\"150\"  \/><\/a><a href=\"https:\/\/www.seuil.com\/ouvrage\/a-la-table-des-loups-adam-rapp\/9782021574524\" rel=\"nofollow noopener\" target=\"_blank\"><img loading=\"lazy\" decoding=\"async\" class=\"alignnone size-thumbnail wp-image-234370\" src=\"https:\/\/www.europesays.com\/fr\/wp-content\/uploads\/2025\/08\/Rapp-99x150.jpeg\" alt=\"\" width=\"99\" height=\"150\"  \/><\/a><\/p>\n<p>J\u2019ai aussi une lecture commune programm\u00e9e sur Instagram et une lecture pour mon challenge Voyageur ( qui me permet d\u2019ailleurs d\u2019anticiper mes lectures pour le mois africain).<\/p>\n<p><a href=\"https:\/\/www.gallimard.fr\/catalogue\/kairos\/9782073083333\" rel=\"nofollow noopener\" target=\"_blank\"><img loading=\"lazy\" decoding=\"async\" class=\"alignnone size-thumbnail wp-image-234949\" src=\"https:\/\/www.europesays.com\/fr\/wp-content\/uploads\/2025\/09\/Erpenbeck-102x150.jpeg\" alt=\"\" width=\"102\" height=\"150\"  \/><\/a> <a href=\"https:\/\/www.seuil.com\/ouvrage\/une-femme-sans-ecriture-saber-mansouri\/9782021312904\" rel=\"nofollow noopener\" target=\"_blank\"><img loading=\"lazy\" decoding=\"async\" class=\"alignnone size-thumbnail wp-image-235243\" src=\"https:\/\/www.europesays.com\/fr\/wp-content\/uploads\/2025\/09\/Mansouri-102x150.jpeg\" alt=\"\" width=\"102\" height=\"150\"  \/><\/a><\/p>\n<p>Et d\u2019autres titres de la rentr\u00e9e<\/p>\n<p><a href=\"https:\/\/www.gallimard.fr\/catalogue\/la-nuit-au-coeur\/9782073080028\" rel=\"nofollow noopener\" target=\"_blank\"><img loading=\"lazy\" decoding=\"async\" class=\"alignnone size-thumbnail wp-image-234770\" src=\"https:\/\/www.europesays.com\/fr\/wp-content\/uploads\/2025\/08\/Appanah-102x150.jpeg\" alt=\"\" width=\"102\" height=\"150\"  \/><\/a> <a href=\"https:\/\/www.denoel.fr\/catalogue\/des-inconnus-a-qui-parler\/9782207182277\" rel=\"nofollow noopener\" target=\"_blank\"><img loading=\"lazy\" decoding=\"async\" class=\"alignnone size-thumbnail wp-image-234631\" src=\"https:\/\/www.europesays.com\/fr\/wp-content\/uploads\/2025\/08\/Bordas-102x150.jpeg\" alt=\"\" width=\"102\" height=\"150\"  \/><\/a> <a href=\"https:\/\/editions-metailie.com\/livre\/les-remplacants\/\" rel=\"nofollow noopener\" target=\"_blank\"><img loading=\"lazy\" decoding=\"async\" class=\"alignnone size-thumbnail wp-image-234599\" src=\"https:\/\/www.europesays.com\/fr\/wp-content\/uploads\/2025\/09\/Carvalho-98x150.jpeg\" alt=\"\" width=\"98\" height=\"150\"  \/><\/a><\/p>\n<p>J\u2019aime \u00e7a\u00a0:<\/p>\n<p>J\u2019aime chargement\u2026<\/p>\n<p><a class=\"sd-link-color\"\/><\/p>\n<p>\n\tArticles similaires<\/p>\n","protected":false},"excerpt":{"rendered":"Chaque ann\u00e9e, c\u2019est pareil. Lorsque je pr\u00e9pare le panorama par \u00e9diteur de la rentr\u00e9e litt\u00e9raire, j\u2019ai peu de&hellip;\n","protected":false},"author":2,"featured_media":357839,"comment_status":"","ping_status":"","sticky":false,"template":"","format":"standard","meta":{"footnotes":""},"categories":[1357],"tags":[1379,58,59,1011,27,1380],"class_list":{"0":"post-357838","1":"post","2":"type-post","3":"status-publish","4":"format-standard","5":"has-post-thumbnail","7":"category-livres","8":"tag-books","9":"tag-divertissement","10":"tag-entertainment","11":"tag-fr","12":"tag-france","13":"tag-livres"},"share_on_mastodon":{"url":"https:\/\/pubeurope.com\/@fr\/115127866878220277","error":""},"_links":{"self":[{"href":"https:\/\/www.europesays.com\/fr\/wp-json\/wp\/v2\/posts\/357838","targetHints":{"allow":["GET"]}}],"collection":[{"href":"https:\/\/www.europesays.com\/fr\/wp-json\/wp\/v2\/posts"}],"about":[{"href":"https:\/\/www.europesays.com\/fr\/wp-json\/wp\/v2\/types\/post"}],"author":[{"embeddable":true,"href":"https:\/\/www.europesays.com\/fr\/wp-json\/wp\/v2\/users\/2"}],"replies":[{"embeddable":true,"href":"https:\/\/www.europesays.com\/fr\/wp-json\/wp\/v2\/comments?post=357838"}],"version-history":[{"count":0,"href":"https:\/\/www.europesays.com\/fr\/wp-json\/wp\/v2\/posts\/357838\/revisions"}],"wp:featuredmedia":[{"embeddable":true,"href":"https:\/\/www.europesays.com\/fr\/wp-json\/wp\/v2\/media\/357839"}],"wp:attachment":[{"href":"https:\/\/www.europesays.com\/fr\/wp-json\/wp\/v2\/media?parent=357838"}],"wp:term":[{"taxonomy":"category","embeddable":true,"href":"https:\/\/www.europesays.com\/fr\/wp-json\/wp\/v2\/categories?post=357838"},{"taxonomy":"post_tag","embeddable":true,"href":"https:\/\/www.europesays.com\/fr\/wp-json\/wp\/v2\/tags?post=357838"}],"curies":[{"name":"wp","href":"https:\/\/api.w.org\/{rel}","templated":true}]}}