{"id":357840,"date":"2025-09-01T07:29:48","date_gmt":"2025-09-01T07:29:48","guid":{"rendered":"https:\/\/www.europesays.com\/fr\/357840\/"},"modified":"2025-09-01T07:29:48","modified_gmt":"2025-09-01T07:29:48","slug":"cyril-hanouna-de-retour-a-la-tele-tout-beau-tout-neuf-tout-beau-tout-fun-a-quelles-heures-et-sur-quelles-chaines-retrouver-ses-nouvelles-emissions","status":"publish","type":"post","link":"https:\/\/www.europesays.com\/fr\/357840\/","title":{"rendered":"Cyril Hanouna de retour \u00e0 la t\u00e9l\u00e9\u00a0: \u00ab\u00a0Tout beau tout neuf\u00a0\u00bb, \u00ab\u00a0Tout beau tout fun\u00a0\u00bb\u2026 \u00e0 quelles heures et sur quelles chaines retrouver ses nouvelles \u00e9missions\u00a0?"},"content":{"rendered":"<p>\n                                                                Cyril Hanouna fait son retour \u00e0 la t\u00e9l\u00e9vision et \u00e0 la radio avec plus de six heures d\u2019antenne quotidienne sur W9 et Fun Radio. D\u00e8s ce lundi 1er\u00a0septembre \u00e0 18h25, il lancera \u00ab\u00a0Tout beau tout 9\u00a0\u00bb, suivi mardi de \u00ab\u00a0Tout beau tout fun\u00a0\u00bb. Entour\u00e9 d\u2019anciens et nouveaux chroniqueurs, l\u2019animateur promet divertissement et faits divers, tout en restant \u00e9loign\u00e9 des sujets politiques, \u00e0 la demande du groupe M6.\n                            <\/p>\n<p>Apr\u00e8s plusieurs mois de di\u00e8te t\u00e9l\u00e9vis\u00e9e<a href=\"https:\/\/www.midilibre.fr\/2025\/05\/13\/tout-beau-tout-9-que-sait-on-de-la-future-emission-de-cyril-hanouna-attendue-a-la-rentree-sur-w9-12693269.php\" target=\"_blank\" rel=\"nofollow noopener\">, l\u2019animateur promet du \u00ab\u00a0lourd\u00a0\u00bb tous les jours sur W9 \u00e0 18H45 pour<\/a><a href=\"https:\/\/www.midilibre.fr\/2025\/05\/13\/tout-beau-tout-9-que-sait-on-de-la-future-emission-de-cyril-hanouna-attendue-a-la-rentree-sur-w9-12693269.php\" target=\"_blank\" rel=\"nofollow noopener\"> Tout beau tout 9<\/a>. Lundi exceptionnellement, il prendra l\u2019antenne d\u00e8s 18H25 pour \u00ab\u00a0TBT9 \u2013 Ca commence\u00a0\u00bb.<\/p>\n<p>Le groupe M6, auquel appartient la cha\u00eene, lui offre une autre \u00e9mission, \u00ab\u00a0Tout beau tout fun\u00a0\u00bb, sur Fun Radio \u00e0 partir de mardi seulement de 15h \u00e0 18h. Cela fait un total de plus de six heures quotidiennes, dans des studios voisins.<\/p>\n<p>Il y aura lundi \u00ab\u00a0de la darka (rigolade, en arabe, NDLR), des happenings, du d\u00e9bat, du people et on traitera \u00e9galement des faits divers\u00a0\u00bb, met en avant l\u2019ex-star de la galaxie Bollor\u00e9, grim\u00e9e en Rambo pour promouvoir son retour.<\/p>\n<p>Une \u00e9quipe de chroniqueurs renouvel\u00e9e<\/p>\n<p>Son nouvel employeur a demand\u00e9 au roi du clash d\u2019\u00e9viter les sujets politiques et pol\u00e9miques, ses d\u00e9rapages ayant co\u00fbt\u00e9 au total 7,6\u00a0millions d\u2019euros d\u2019amende \u00e0 son ancienne cha\u00eene C8, arr\u00eat\u00e9e fin f\u00e9vrier. Aucun invit\u00e9 politique n\u2019est d\u2019ailleurs pr\u00e9vu. Par pr\u00e9caution, il est question de diffuser <a href=\"https:\/\/www.midilibre.fr\/2025\/08\/14\/chatgpt-chroniqueur-chez-cyril-hanouna-la-drole-dannonce-de-lanimateur-de-tout-beau-tout-9-12876292.php\" target=\"_blank\" rel=\"nofollow noopener\">\u00ab\u00a0TBT9\u00a0\u00bb <\/a>avec un l\u00e9ger diff\u00e9r\u00e9.<\/p>\n<p>Cyril Hanouna a renouvel\u00e9 la moiti\u00e9 de sa bande, reprenant d\u2019anciens chroniqueurs de C8 (Val\u00e9rie Bena\u00efm, Raymond Aabou, G\u00e9raldine Maillet\u2026) et recrutant de nouvelles t\u00eates sur lesquelles il entretient le myst\u00e8re. L\u2019ex-ministre Marl\u00e8ne Schiappa et le journaliste sportif Nelson Monfort sont cependant apparus dans une vid\u00e9o des r\u00e9p\u00e9titions diffus\u00e9e par W9 sur les r\u00e9seaux sociaux. Un \u00ab\u00a0chroniqueur ChatGPT\u00a0\u00bb est annonc\u00e9 en outre sur le plateau, pour une \u00ab\u00a0\u00e9mission 3.0\u00a0\u00bb.<\/p>\n","protected":false},"excerpt":{"rendered":"Cyril Hanouna fait son retour \u00e0 la t\u00e9l\u00e9vision et \u00e0 la radio avec plus de six heures d\u2019antenne&hellip;\n","protected":false},"author":2,"featured_media":357841,"comment_status":"","ping_status":"","sticky":false,"template":"","format":"standard","meta":{"footnotes":""},"categories":[1356],"tags":[58,59,1011,27,252,1364],"class_list":{"0":"post-357840","1":"post","2":"type-post","3":"status-publish","4":"format-standard","5":"has-post-thumbnail","7":"category-television","8":"tag-divertissement","9":"tag-entertainment","10":"tag-fr","11":"tag-france","12":"tag-television","13":"tag-tv"},"share_on_mastodon":{"url":"https:\/\/pubeurope.com\/@fr\/115127872664107098","error":""},"_links":{"self":[{"href":"https:\/\/www.europesays.com\/fr\/wp-json\/wp\/v2\/posts\/357840","targetHints":{"allow":["GET"]}}],"collection":[{"href":"https:\/\/www.europesays.com\/fr\/wp-json\/wp\/v2\/posts"}],"about":[{"href":"https:\/\/www.europesays.com\/fr\/wp-json\/wp\/v2\/types\/post"}],"author":[{"embeddable":true,"href":"https:\/\/www.europesays.com\/fr\/wp-json\/wp\/v2\/users\/2"}],"replies":[{"embeddable":true,"href":"https:\/\/www.europesays.com\/fr\/wp-json\/wp\/v2\/comments?post=357840"}],"version-history":[{"count":0,"href":"https:\/\/www.europesays.com\/fr\/wp-json\/wp\/v2\/posts\/357840\/revisions"}],"wp:featuredmedia":[{"embeddable":true,"href":"https:\/\/www.europesays.com\/fr\/wp-json\/wp\/v2\/media\/357841"}],"wp:attachment":[{"href":"https:\/\/www.europesays.com\/fr\/wp-json\/wp\/v2\/media?parent=357840"}],"wp:term":[{"taxonomy":"category","embeddable":true,"href":"https:\/\/www.europesays.com\/fr\/wp-json\/wp\/v2\/categories?post=357840"},{"taxonomy":"post_tag","embeddable":true,"href":"https:\/\/www.europesays.com\/fr\/wp-json\/wp\/v2\/tags?post=357840"}],"curies":[{"name":"wp","href":"https:\/\/api.w.org\/{rel}","templated":true}]}}