{"id":357842,"date":"2025-09-01T07:30:30","date_gmt":"2025-09-01T07:30:30","guid":{"rendered":"https:\/\/www.europesays.com\/fr\/357842\/"},"modified":"2025-09-01T07:30:30","modified_gmt":"2025-09-01T07:30:30","slug":"nolwenn-leroy-et-son-fils-marin-8-ans-cheveux-longs-et-dans-les-bras-de-sa-maman-face-a-un-paysage-choisi-soigneusement","status":"publish","type":"post","link":"https:\/\/www.europesays.com\/fr\/357842\/","title":{"rendered":"Nolwenn Leroy et son fils Marin (8 ans) : cheveux longs et dans les bras de sa maman, face \u00e0 un paysage choisi soigneusement"},"content":{"rendered":"<p>            <img loading=\"lazy\" decoding=\"async\" src=\"https:\/\/www.europesays.com\/fr\/wp-content\/uploads\/2025\/04\/144-64f8c016610ee-35x35-1.jpg\" class=\"author-article-picture\" width=\"35\" height=\"35\"\/><\/p>\n<p>                Par<br \/>\n                                    <a class=\"author-article-bio-link\" href=\"https:\/\/www.purepeople.com\/auteur\/louise-martin_a144\" rel=\"nofollow noopener\" target=\"_blank\">Louise Martin<\/a><br \/>\n                                                    | R\u00e9dactrice<\/p>\n<p>\n                Koh Lanta, Les Marseillais mais aussi Mari\u00e9s au Premier regards\u2026 Louise Martin est une t\u00e9l\u00e9vore qui essaye, \u00e0 ses heures perdues, de refaire les g\u00e2teaux qu\u2019elle admire devant le Meilleur P\u00e2tissier\u2026 mais elle ne risque pas de gagner le tablier bleu ! Les r\u00e9seaux sociaux n\u2019ont pas de secret pour elle, les derniers scoops, les derni\u00e8res \u00e9missions, elle les conna\u00eet tous.\n            <\/p>\n<p>\n    Alors que les vacances touchent \u00e0 leur terme pour la grande majorit\u00e9 des vedettes fran\u00e7aises, Nolwenn Leroy a partag\u00e9 l&rsquo;un des derniers instants de ses cong\u00e9s estivaux avec ses fans le dimanche 31 ao\u00fbt 2025. La chanteuse a ainsi post\u00e9 un clich\u00e9 d&rsquo;elle dans sa Bretagne natale avec son jeune fils Marin.\n<\/p>\n<p>                            <img loading=\"lazy\" decoding=\"async\" class=\"player-thumbnail\" src=\"https:\/\/www.europesays.com\/fr\/wp-content\/uploads\/2025\/09\/9fa1bfa03edf420a-580x326-1.jpg\" width=\"580\" height=\"326\"\/><\/p>\n<p>                    Nolwenn Leroy et son fils Marin (8 ans) : cheveux longs et dans les bras de sa maman, face \u00e0 un paysage choisi soigneusement<\/p>\n<p>La suite apr\u00e8s la publicit\u00e9<\/p>\n<p>N\u00e9e le 28 septembre 1982 \u00e0 Saint-Renan dans le d\u00e9partement du Finist\u00e8re en Bretagne, <a href=\"https:\/\/www.purepeople.com\/people\/nolwenn-leroy_p310\" rel=\"nofollow noopener\" target=\"_blank\">Nolwenn Leroy<\/a> est <strong>un visage incontournable de la sc\u00e8ne musicale fran\u00e7aise<\/strong> depuis d\u00e9j\u00e0 plus de 20 ans. La musicienne s&rsquo;\u00e9tait r\u00e9v\u00e9l\u00e9e au grand public lorsqu&rsquo;elle a particip\u00e9 \u00e0 la 2e \u00e9dition de la <a href=\"https:\/\/www.purepeople.com\/article\/nolwenn-leroy-et-les-20-ans-de-star-academy-il-n-y-a-rien-a-regretter-la-chanteuse-prend-la-parole_a437044\/1\" rel=\"nofollow noopener\" target=\"_blank\">Star Academy<\/a> sur TF1 en 2002. Cette ann\u00e9e-l\u00e0, la jeune apprentie chanteuse a surclass\u00e9 ses concurrents en devenant la grande gagnante de cette saison. Par la suite, elle est s&rsquo;est lanc\u00e9e dans une carri\u00e8re musicale extr\u00eamement fructueuse. Fid\u00e8le \u00e0 ses origines, elle a notamment sorti un album baptis\u00e9 <a href=\"https:\/\/www.purepeople.com\/article\/nolwenn-leroy-sublime-bretonne-dans-son-clip-juste-pour-me-souvenir_a111623\/1\" rel=\"nofollow noopener\" target=\"_blank\">Bretonne<\/a> en 2010, qui comprenait des titres \u00e9voquant <a href=\"https:\/\/www.purepeople.com\/article\/nolwenn-leroy-rarissime-coup-de-gueule-apres-une-destruction-polemique-en-bretagne_a509739\/1\" rel=\"nofollow noopener\" target=\"_blank\">la Bretagne<\/a> <strong>chant\u00e9s en breton, en fran\u00e7ais, en anglais, et m\u00eame ga\u00e9lique irlandais<\/strong>.<\/p>\n<p>C\u00f4t\u00e9 vie priv\u00e9e, Nolwenn Leroy partage la vie de l&rsquo;ancien tennisman <a href=\"https:\/\/www.purepeople.com\/people\/arnaud-clement_p1300\" rel=\"nofollow noopener\" target=\"_blank\">Arnaud Cl\u00e9ment<\/a> depuis le mois de janvier 2008. Ensemble, <strong>ils ont fond\u00e9 une famille en donnant naissance \u00e0 <\/strong><a href=\"https:\/\/www.purepeople.com\/article\/nolwenn-leroy-et-arnaud-clement-rare-photo-de-leur-fils-marin-6-ans-les-cheveux-bruns-comme-sa-maman_a522871\/1\" rel=\"nofollow noopener\" target=\"_blank\"><strong>un fils pr\u00e9nomm\u00e9 Marin<\/strong><\/a><strong> <\/strong>le 12 juillet 2017. Aujourd&rsquo;hui \u00e2g\u00e9 de 8 ans, l&rsquo;unique enfant de la chanteuse a bien grandi. Les internautes ont ainsi pu le constater le dimanche 31 ao\u00fbt 2025. Ce jour-l\u00e0, Nolwenn Leroy a post\u00e9 un clich\u00e9 de ses vacances en Bretagne. Sur la photo en question,<strong> la musicienne tenait son fils dans ses bras <\/strong>pendant qu&rsquo;elle faisait face au couch\u00e9 du soleil dans un cadre paradisiaque. \u00ab\u00a0Breizh Sunset with my Boy (Couch\u00e9e de soleil breton avec mon fils, ndlr)\u00a0\u00bb, a-t-elle \u00e9galement \u00e9crit en guise de l\u00e9gende pour ce clich\u00e9. Les fans de la musicienne ont ainsi vu que le petit Marin avait h\u00e9rit\u00e9 du parfait m\u00e9lange entre les cheveux longs de sa m\u00e8re et la couleur brune de son p\u00e8re.<\/p>\n<p>Nolwenn Leroy : ses confidences sur les liens qui l&rsquo;unissent avec sa Bretagne natale<\/p>\n<p>En parall\u00e8le de ses activit\u00e9s de chanteuse, <strong>Nolwenn Leroy s&rsquo;est aussi lanc\u00e9e r\u00e9cemment dans une carri\u00e8re d&rsquo;actrice<\/strong>. Elle fut notamment la t\u00eate d&rsquo;affiche de la s\u00e9rie Broc\u00e9liande, tourn\u00e9e en Bretagne pour TF1. La chanteuse s&rsquo;\u00e9tait justement confi\u00e9e sur ses liens avec sa r\u00e9gion natale dans Bretagne Magazine en 2022. \u00ab\u00a0J\u2019adorerais donner un concert au c\u0153ur de Broc\u00e9liande ! J\u2019ai \u00e9t\u00e9 berc\u00e9e, enfant, par les contes et les l\u00e9gendes. C\u2019est un lieu qui a du sens pour moi, je m\u2019y sens bien. J\u2019aime \u00e9galement, plus \u00e0 l\u2019ouest, la for\u00eat de Huelgoat avec ces arbres aux racines enchev\u00eatr\u00e9es. C\u2019est magique !\u00a0\u00bb. avait-elle ainsi r\u00e9v\u00e9l\u00e9. \u00ab\u00a0<strong>Je suis marraine de la Soci\u00e9t\u00e9 nationale pour le patrimoine des phares et balises (SNPB)<\/strong>. \u00c0 Penmarc\u2019h, quand on s\u2019approche \u00e0 la nuit tomb\u00e9e et que la lumi\u00e8re du phare balaie la nuit, c\u2019est tellement impressionnant. Ce sont des monuments, il faut les entretenir et faire en sorte qu\u2019ils restent l\u00e0\u00a0\u00bb, avait aussi ajout\u00e9 Nolwenn Leroy.<\/p>\n","protected":false},"excerpt":{"rendered":"Par Louise Martin | R\u00e9dactrice Koh Lanta, Les Marseillais mais aussi Mari\u00e9s au Premier regards\u2026 Louise Martin est&hellip;\n","protected":false},"author":2,"featured_media":357843,"comment_status":"","ping_status":"","sticky":false,"template":"","format":"standard","meta":{"footnotes":""},"categories":[1355],"tags":[58,59,1011,27,1361,873],"class_list":{"0":"post-357842","1":"post","2":"type-post","3":"status-publish","4":"format-standard","5":"has-post-thumbnail","7":"category-musique","8":"tag-divertissement","9":"tag-entertainment","10":"tag-fr","11":"tag-france","12":"tag-music","13":"tag-musique"},"share_on_mastodon":{"url":"https:\/\/pubeurope.com\/@fr\/115127872862910479","error":""},"_links":{"self":[{"href":"https:\/\/www.europesays.com\/fr\/wp-json\/wp\/v2\/posts\/357842","targetHints":{"allow":["GET"]}}],"collection":[{"href":"https:\/\/www.europesays.com\/fr\/wp-json\/wp\/v2\/posts"}],"about":[{"href":"https:\/\/www.europesays.com\/fr\/wp-json\/wp\/v2\/types\/post"}],"author":[{"embeddable":true,"href":"https:\/\/www.europesays.com\/fr\/wp-json\/wp\/v2\/users\/2"}],"replies":[{"embeddable":true,"href":"https:\/\/www.europesays.com\/fr\/wp-json\/wp\/v2\/comments?post=357842"}],"version-history":[{"count":0,"href":"https:\/\/www.europesays.com\/fr\/wp-json\/wp\/v2\/posts\/357842\/revisions"}],"wp:featuredmedia":[{"embeddable":true,"href":"https:\/\/www.europesays.com\/fr\/wp-json\/wp\/v2\/media\/357843"}],"wp:attachment":[{"href":"https:\/\/www.europesays.com\/fr\/wp-json\/wp\/v2\/media?parent=357842"}],"wp:term":[{"taxonomy":"category","embeddable":true,"href":"https:\/\/www.europesays.com\/fr\/wp-json\/wp\/v2\/categories?post=357842"},{"taxonomy":"post_tag","embeddable":true,"href":"https:\/\/www.europesays.com\/fr\/wp-json\/wp\/v2\/tags?post=357842"}],"curies":[{"name":"wp","href":"https:\/\/api.w.org\/{rel}","templated":true}]}}