{"id":357844,"date":"2025-09-01T07:31:24","date_gmt":"2025-09-01T07:31:24","guid":{"rendered":"https:\/\/www.europesays.com\/fr\/357844\/"},"modified":"2025-09-01T07:31:24","modified_gmt":"2025-09-01T07:31:24","slug":"certains-ennemis-de-batman-inedits-au-cinema-pourraient-apparaitre-dans-la-trilogie-avec-pattinson","status":"publish","type":"post","link":"https:\/\/www.europesays.com\/fr\/357844\/","title":{"rendered":"Certains ennemis de Batman in\u00e9dits au cin\u00e9ma pourraient appara\u00eetre dans la trilogie avec Pattinson"},"content":{"rendered":"<p class=\"chapo\">Certains ennemis embl\u00e9matiques de Batman n\u2019ont encore jamais eu droit \u00e0 une adaptation cin\u00e9matographique. La nouvelle trilogie avec Robert Pattinson pourrait enfin offrir une premi\u00e8re apparition sur grand \u00e9cran \u00e0 ces adversaires longtemps laiss\u00e9s dans l\u2019ombre.<\/p>\n<p>Tl;dr<\/p>\n<ul>\n<li>La <strong>Cour des Hiboux<\/strong> pourrait arriver dans la saga.<\/li>\n<li>The Batman Part II sortira le 1er octobre 2027.<\/li>\n<li>Le r\u00f4le du sidekick et de nouveaux ennemis en jeu.<\/li>\n<\/ul>\n<p>Un nouvel ennemi de l\u2019ombre pour Gotham ?<\/p>\n<p>Depuis sa sortie, <a href=\"https:\/\/www.24matins.fr\/un-celebre-rockeur-a-signe-la-musique-dune-serie-animee-culte-batman-1391331\" rel=\"nofollow noopener\" target=\"_blank\">The Batman<\/a> r\u00e9alis\u00e9 par Matt Reeves a plong\u00e9 le spectateur dans une version sombre et tourment\u00e9e de la ville. Le film s\u2019ouvre sur un climat de m\u00e9fiance : la police, \u00e0 cran, peine \u00e0 tol\u00e9rer l\u2019intervention du justicier masqu\u00e9 tandis qu\u2019un tueur en s\u00e9rie s\u00e8me des indices sp\u00e9cifiquement destin\u00e9s \u00e0 Batman. Si la traque men\u00e9e avec l\u2019inspecteur Jim Gordon permet au Chevalier Noir de devancer le plan du Riddler et de sauver la nouvelle mairesse, une impression demeure : chaque victoire engendre son lot de nouveaux d\u00e9fis. Tandis que le Pingouin s\u2019empare peu \u00e0 peu de la p\u00e8gre locale, le Joker ourdit d\u00e9j\u00e0 sa vengeance, enferm\u00e9 \u00e0 Arkham.<\/p>\n<p>L\u2019h\u00e9ritage trouble de Gotham et l\u2019ombre grandissante de la Cour des Hiboux<\/p>\n<p>Toutefois, cette galerie d\u2019adversaires ne serait que la surface visible d\u2019une corruption bien plus profonde. Dans les comics, l\u2019histoire bascule r\u00e9ellement avec l\u2019apparition de la <strong>Cour des Hiboux<\/strong>. Ce cercle occulte compos\u00e9 des familles les plus puissantes tire les ficelles depuis des si\u00e8cles afin que Gotham serve leurs seuls int\u00e9r\u00eats. Un secret si farouchement gard\u00e9 qu\u2019il aurait co\u00fbt\u00e9 la vie aux anc\u00eatres m\u00eame de Bruce Wayne \u2013 Alan Wayne ayant \u00e9t\u00e9 r\u00e9duit au silence par les redoutables Talons, assassins attitr\u00e9s de l\u2019organisation.<\/p>\n<p>Les connaisseurs savent que lorsque Bruce annonce son projet ambitieux pour reb\u00e2tir Gotham, il attire sur lui l\u2019attention de ces manipulateurs tapis dans l\u2019ombre. William Cobb, principal Talon et parent \u00e9loign\u00e9 du h\u00e9ros, tente alors d\u2019\u00e9liminer Bruce, mais se heurte \u00e0 toute la Bat-Family. Une lutte qui atteint son paroxysme quand la Cour lance tous ses assassins sur Gotham ; une perspective qui pourrait bien inspirer The Batman Part II, si l\u2019on en croit certaines rumeurs insistantes.<\/p>\n<p>L\u2019introduction du sidekick et des pistes in\u00e9dites pour la suite<\/p>\n<p>R\u00e9cemment, <a href=\"https:\/\/www.24matins.fr\/james-gunn-devoile-le-prochain-film-dc-en-tournage-et-annonce-une-nouvelle-serie-televisee-1394388c\" rel=\"nofollow noopener\" target=\"_blank\">James Gunn<\/a> a laiss\u00e9 planer le doute quant \u00e0 l\u2019arriv\u00e9e possible d\u2019un Robin dans le second volet pr\u00e9vu pour le 1er octobre 2027. Si un Dick Grayson devait faire son entr\u00e9e ou si une autre incarnation du c\u00e9l\u00e8bre acolyte \u00e9tait retenue, le terrain serait propice \u00e0 un duo dynamique enqu\u00eatant sur les v\u00e9ritables ma\u00eetres de Gotham. Les fans des bandes dessin\u00e9es imaginent d\u00e9j\u00e0 ce sc\u00e9nario o\u00f9 Robin infiltre secr\u00e8tement la Cour comme agent double \u2013 une intrigue que Reeves pourrait adapter avec brio.<\/p>\n<p>Concr\u00e8tement, ce d\u00e9veloppement ouvrirait plusieurs voies :<\/p>\n<ul>\n<li>Bataille contre un ennemi insaisissable op\u00e9rant depuis l\u2019int\u00e9rieur.<\/li>\n<li>Mise en lumi\u00e8re du pass\u00e9 tragique li\u00e9 aux Wayne.<\/li>\n<li>Nouveau statut pour toute la Bat-Family face aux menaces futures.<\/li>\n<\/ul>\n<p>Cap vers \u00ab The Batman Part II \u00bb et au-del\u00e0<\/p>\n<p>Le troisi\u00e8me film pourrait ainsi d\u00e9voiler comment Batman reste en avance sur cette conspiration tentaculaire tandis que Gotham d\u00e9couvre enfin qui tire r\u00e9ellement les ficelles depuis des g\u00e9n\u00e9rations. La saga initi\u00e9e par Reeves semble donc promise \u00e0 explorer non seulement les ombres ext\u00e9rieures, mais aussi celles qui gangr\u00e8nent jusqu\u2019au c\u0153ur m\u00eame de Gotham \u2013 autant dire que le justicier n\u2019a pas fini d\u2019\u00eatre mis \u00e0 rude \u00e9preuve.<\/p>\n","protected":false},"excerpt":{"rendered":"Certains ennemis embl\u00e9matiques de Batman n\u2019ont encore jamais eu droit \u00e0 une adaptation cin\u00e9matographique. La nouvelle trilogie avec&hellip;\n","protected":false},"author":2,"featured_media":357845,"comment_status":"","ping_status":"","sticky":false,"template":"","format":"standard","meta":{"footnotes":""},"categories":[1354],"tags":[58,59,1346,1011,27,1360],"class_list":{"0":"post-357844","1":"post","2":"type-post","3":"status-publish","4":"format-standard","5":"has-post-thumbnail","7":"category-films","8":"tag-divertissement","9":"tag-entertainment","10":"tag-films","11":"tag-fr","12":"tag-france","13":"tag-movies"},"share_on_mastodon":{"url":"https:\/\/pubeurope.com\/@fr\/115127876608470855","error":""},"_links":{"self":[{"href":"https:\/\/www.europesays.com\/fr\/wp-json\/wp\/v2\/posts\/357844","targetHints":{"allow":["GET"]}}],"collection":[{"href":"https:\/\/www.europesays.com\/fr\/wp-json\/wp\/v2\/posts"}],"about":[{"href":"https:\/\/www.europesays.com\/fr\/wp-json\/wp\/v2\/types\/post"}],"author":[{"embeddable":true,"href":"https:\/\/www.europesays.com\/fr\/wp-json\/wp\/v2\/users\/2"}],"replies":[{"embeddable":true,"href":"https:\/\/www.europesays.com\/fr\/wp-json\/wp\/v2\/comments?post=357844"}],"version-history":[{"count":0,"href":"https:\/\/www.europesays.com\/fr\/wp-json\/wp\/v2\/posts\/357844\/revisions"}],"wp:featuredmedia":[{"embeddable":true,"href":"https:\/\/www.europesays.com\/fr\/wp-json\/wp\/v2\/media\/357845"}],"wp:attachment":[{"href":"https:\/\/www.europesays.com\/fr\/wp-json\/wp\/v2\/media?parent=357844"}],"wp:term":[{"taxonomy":"category","embeddable":true,"href":"https:\/\/www.europesays.com\/fr\/wp-json\/wp\/v2\/categories?post=357844"},{"taxonomy":"post_tag","embeddable":true,"href":"https:\/\/www.europesays.com\/fr\/wp-json\/wp\/v2\/tags?post=357844"}],"curies":[{"name":"wp","href":"https:\/\/api.w.org\/{rel}","templated":true}]}}