{"id":357846,"date":"2025-09-01T07:32:11","date_gmt":"2025-09-01T07:32:11","guid":{"rendered":"https:\/\/www.europesays.com\/fr\/357846\/"},"modified":"2025-09-01T07:32:11","modified_gmt":"2025-09-01T07:32:11","slug":"vos-medicaments-seront-bientot-adaptes-a-votre-adn-ce-que-cela-va-vraiment-changer-pour-votre-sante","status":"publish","type":"post","link":"https:\/\/www.europesays.com\/fr\/357846\/","title":{"rendered":"Vos m\u00e9dicaments seront bient\u00f4t adapt\u00e9s \u00e0 votre ADN : ce que cela va vraiment changer pour votre sant\u00e9"},"content":{"rendered":"<p>Imaginez que la prochaine bo\u00eete de m\u00e9dicament que vous retirez \u00e0 la pharmacie ne soit plus la m\u00eame que celle de vos voisins. En 2025, c&rsquo;est une r\u00e9alit\u00e9 : chaque traitement peut d\u00e9sormais \u00eatre adapt\u00e9 \u00e0 votre ADN, pour un parcours de soin taill\u00e9 sur mesure. Fini le temps des prescriptions universelles et des effets secondaires en cascade. Cette avanc\u00e9e soul\u00e8ve autant d&rsquo;espoirs que de questions : que va-t-elle r\u00e9ellement changer pour notre sant\u00e9 ? Et surtout, sommes-nous pr\u00eats \u00e0 entrer dans l&rsquo;\u00e8re de la m\u00e9decine personnalis\u00e9e ?<\/p>\n<p>2025 : quand l&rsquo;ADN fa\u00e7onne d\u00e9sormais vos ordonnances<br \/>\n De la m\u00e9decine standardis\u00e9e \u00e0 l&rsquo;\u00e8re du sur-mesure<\/p>\n<p>Pendant des d\u00e9cennies, les m\u00e9dicaments \u00e9taient con\u00e7us pour convenir au plus grand nombre. Pourtant, chacun de nous poss\u00e8de un code g\u00e9n\u00e9tique unique, influen\u00e7ant la mani\u00e8re dont notre corps r\u00e9agit \u00e0 la moindre mol\u00e9cule. Aujourd&rsquo;hui, cette <strong>singularit\u00e9 devient le c\u0153ur de votre prise en charge<\/strong> : c&rsquo;est la g\u00e9n\u00e9ralisation des traitements m\u00e9dicaux adapt\u00e9s \u00e0 chaque patient. Cette transition marque un bouleversement silencieux, mais profond, du syst\u00e8me de sant\u00e9 fran\u00e7ais.<\/p>\n<p>Les coulisses scientifiques : quand la g\u00e9n\u00e9tique rencontre la pharmacie<\/p>\n<p>L&rsquo;analyse g\u00e9n\u00e9tique, d\u00e9sormais accessible en quelques jours, permet d&rsquo;identifier les enzymes sp\u00e9cifiques qui d\u00e9gradent les m\u00e9dicaments, ou encore la sensibilit\u00e9 aux effets secondaires. Les pharmaciens et m\u00e9decins disposent ainsi <strong>d&rsquo;outils in\u00e9dits pour s\u00e9lectionner<\/strong> non seulement la bonne mol\u00e9cule, mais aussi le dosage id\u00e9al, en tenant compte de votre profil g\u00e9n\u00e9tique. Une alliance subtile de science de pointe et d&#8217;empathie : la m\u00e9decine commence \u00e0 mieux vous ressembler.<\/p>\n<p> Fini les effets secondaires \u00e0 la cha\u00eene ?<br \/>\n Adapter les dosages et les mol\u00e9cules pour limiter les risques<\/p>\n<p>Qui n&rsquo;a jamais connu la frustration d&rsquo;essayer un traitement qui \u00ab\u00a0ne marche pas\u00a0\u00bb ou qui provoque plus de maux que de mieux ? L&rsquo;ajustement des prescriptions \u00e0 l&rsquo;ADN vise pr\u00e9cis\u00e9ment \u00e0 limiter ces exp\u00e9riences d\u00e9sagr\u00e9ables. <strong>En adaptant la posologie et la s\u00e9lection des m\u00e9dicaments, le risque d&rsquo;effets ind\u00e9sirables diminue nettement<\/strong>. Les patients, notamment les plus fragiles, voient ainsi leur quotidien soulag\u00e9, mais aussi leur confiance retrouv\u00e9e.<\/p>\n<p>Prendre le bon m\u00e9dicament, au bon moment\u2026 pour de vrai<\/p>\n<p>L&rsquo;optimisation ne s&rsquo;arr\u00eate pas au choix du traitement : elle s&rsquo;\u00e9tend au rythme et au moment de la prise, en fonction de votre m\u00e9tabolisme. Fini les essais successifs laborieux, les traitements inadapt\u00e9s ou le sentiment d&rsquo;\u00eatre un \u00ab cobaye \u00bb m\u00e9dical. La promesse : plus d&rsquo;efficacit\u00e9, moins d&rsquo;incertitude. <strong>Cette approche chronobiologique permet d&rsquo;am\u00e9liorer l&rsquo;absorption des m\u00e9dicaments<\/strong> et de r\u00e9duire les interactions m\u00e9dicamenteuses ind\u00e9sirables.<\/p>\n<p> Des patients plus autonomes face \u00e0 leur sant\u00e9<br \/>\nComprendre son profil g\u00e9n\u00e9tique : un atout pour tous ?<\/p>\n<p>Avec ce nouveau mod\u00e8le, comprendre son ADN devient un vrai levier de pr\u00e9vention. Chacun peut d\u00e9sormais conna\u00eetre ses particularit\u00e9s, anticiper certains risques et mieux comprendre pourquoi il r\u00e9agit diff\u00e9remment \u00e0 un m\u00e9dicament. <strong>S&rsquo;informer sur soi, c&rsquo;est d\u00e9j\u00e0 reprendre le pouvoir sur sa sant\u00e9<\/strong>. Cette connaissance permet \u00e9galement d&rsquo;adopter des comportements pr\u00e9ventifs adapt\u00e9s \u00e0 ses pr\u00e9dispositions g\u00e9n\u00e9tiques.<\/p>\n<p>D\u00e9cider ensemble : une nouvelle relation avec le m\u00e9decin<\/p>\n<p>La m\u00e9decine personnalis\u00e9e transforme \u00e9galement les \u00e9changes entre patients et m\u00e9decins. L&rsquo;heure est \u00e0 la co-construction du parcours de soin. Le dialogue s&rsquo;enrichit, les choix sont \u00e9clair\u00e9s et d\u00e9cid\u00e9s conjointement. Cette <strong>implication mutuelle ouvre la voie<\/strong> \u00e0 plus de confiance et \u00e0 un rapport apais\u00e9, o\u00f9 chaque voix compte. C&rsquo;est une r\u00e9volution douce, mais d\u00e9j\u00e0 perceptible dans les cabinets m\u00e9dicaux.<\/p>\n<p> Ces maladies qui vont basculer gr\u00e2ce aux traitements personnalis\u00e9s<br \/>\nCancer, d\u00e9pression, hypertension\u2026 des exemples qui bouleversent les pronostics<\/p>\n<p>Certains domaines font office de pr\u00e9curseurs. En oncologie, les th\u00e9rapies cibl\u00e9es r\u00e9volutionnent la prise en charge : les patients re\u00e7oivent la mol\u00e9cule la plus adapt\u00e9e au type de cancer et \u00e0 leur ADN, <strong>r\u00e9duisant consid\u00e9rablement les \u00e9checs th\u00e9rapeutiques<\/strong> et les effets secondaires. La d\u00e9pression aussi conna\u00eet des avanc\u00e9es : les antid\u00e9presseurs s\u00e9lectionn\u00e9s selon les profils g\u00e9n\u00e9tiques offrent un meilleur taux de r\u00e9mission et moins de t\u00e2tonnements. Enfin, des maladies chroniques comme l&rsquo;hypertension ou le diab\u00e8te b\u00e9n\u00e9ficient d&rsquo;un ajustement plus fin des traitements, limitant complications et hospitalisations.<\/p>\n<p>Vers la fin du \u00ab\u00a0one size fits all\u00a0\u00bb : des chiffres qui parlent<\/p>\n<p>En France, plus de <strong>30 % des \u00e9checs th\u00e9rapeutiques seraient dus \u00e0 une mauvaise adaptation des m\u00e9dicaments aux patients<\/strong>. La personnalisation des traitements ambitionne de r\u00e9duire ce chiffre de moiti\u00e9 d&rsquo;ici 2030. Ce n&rsquo;est plus une simple mode ou un luxe : il s&rsquo;agit d&rsquo;un imp\u00e9ratif de <a href=\"https:\/\/journaldesseniors.20minutes.fr\/sante\/allo-docteur-10-signes-mauvaise-sante\/\" target=\"_blank\" rel=\"noopener\">sant\u00e9 publique<\/a> qui pourrait concerner, \u00e0 terme, pr\u00e8s de 20 millions de personnes dans l&rsquo;Hexagone.<\/p>\n<p>Un acc\u00e8s encore in\u00e9gal : les d\u00e9fis de la d\u00e9mocratisation<br \/>\nPrix, donn\u00e9es, formations : le casse-t\u00eate de l&rsquo;int\u00e9gration \u00e0 grande \u00e9chelle<\/p>\n<p>Cette mutation s&rsquo;accompagne de nouveaux d\u00e9fis. Le co\u00fbt des analyses g\u00e9n\u00e9tiques n&rsquo;est pas encore n\u00e9gligeable, m\u00eame si leur remboursement progresse ann\u00e9e apr\u00e8s ann\u00e9e. La gestion des donn\u00e9es, leur s\u00e9curisation et l&rsquo;accompagnement des patients n\u00e9cessitent de former les \u00e9quipes m\u00e9dicales, du g\u00e9n\u00e9raliste au pharmacien de quartier. <strong>L&rsquo;int\u00e9gration de ces innovations reste un chantier ouvert dans de nombreux territoires<\/strong>, avec des disparit\u00e9s d&rsquo;acc\u00e8s qui pourraient accentuer les in\u00e9galit\u00e9s de sant\u00e9 existantes.<\/p>\n<p> Les questions \u00e9thiques et les craintes qui persistent<\/p>\n<p>La personnalisation m\u00e9dicale soul\u00e8ve \u00e9galement des interrogations fondamentales. Faut-il craindre une m\u00e9decine \u00e0 deux vitesses, o\u00f9 l&rsquo;acc\u00e8s aux derni\u00e8res innovations serait r\u00e9serv\u00e9 \u00e0 quelques-uns ? Quid du respect de la vie priv\u00e9e et de la s\u00e9curit\u00e9 des donn\u00e9es g\u00e9n\u00e9tiques ? Ces <strong>enjeux \u00e9thiques majeurs<\/strong> font l&rsquo;objet d&rsquo;une vigilance constante de la part des autorit\u00e9s, pour que le progr\u00e8s <a href=\"https:\/\/journaldesseniors.20minutes.fr\/sante\/les-champignons-sont-ils-aussi-sains-et-bons-pour-la-sante-quon-le-dit\/\" target=\"_blank\" rel=\"noopener\">b\u00e9n\u00e9ficie \u00e0 tous<\/a>, sans compromis sur l&rsquo;\u00e9thique ni la confiance.<\/p>\n<p> Ce qui attend patients et m\u00e9decins d\u00e8s 2025<br \/>\n Les imp\u00e9ratifs pour tirer le meilleur parti de la m\u00e9decine personnalis\u00e9e<\/p>\n<p>Pour que ces avanc\u00e9es profitent \u00e0 chacun, les autorit\u00e9s sanitaires fixent des priorit\u00e9s : renforcer la formation des soignants, faciliter l&rsquo;acc\u00e8s aux tests g\u00e9n\u00e9tiques en ville comme \u00e0 l&rsquo;h\u00f4pital, et assurer un accompagnement humain tout au long du parcours. L&rsquo;enjeu : pr\u00e9server un \u00e9quilibre entre progr\u00e8s technologique et relation humaine. <strong>L&rsquo;interpr\u00e9tation des donn\u00e9es g\u00e9n\u00e9tiques requiert \u00e9galement une expertise sp\u00e9cifique<\/strong> que les professionnels de sant\u00e9 devront d\u00e9velopper rapidement.<\/p>\n<p> Comment pr\u00e9parer aujourd&rsquo;hui la sant\u00e9 de demain<\/p>\n<p>Anticiper ces bouleversements implique aussi d&rsquo;adapter nos habitudes. Garder un dossier m\u00e9dical \u00e0 jour, dialoguer ouvertement avec son m\u00e9decin sur ses r\u00e9actions aux traitements, s&rsquo;informer sur les nouveaut\u00e9s\u2026 autant de gestes simples pour rester acteur de sa <a href=\"https:\/\/journaldesseniors.20minutes.fr\/actualite\/ou-vieillit-on-mieux-europe-pays-champions-sante-longue-duree\/\" target=\"_blank\" rel=\"noopener\">sant\u00e9<\/a> dans un monde en \u00e9volution. La cl\u00e9 ? <strong>Oser poser des questions et rester curieux<\/strong> face aux nouvelles possibilit\u00e9s offertes par la m\u00e9decine personnalis\u00e9e.<\/p>\n<p>Bilan : une r\u00e9volution en marche, et apr\u00e8s ?<br \/>\n Les avanc\u00e9es d\u00e9j\u00e0 palpables et les promesses pour demain<\/p>\n<p>Les premiers effets de la personnalisation des traitements sont d\u00e9j\u00e0 tangibles : taux de r\u00e9ussite en hausse pour certains cancers, r\u00e9duction des hospitalisations, satisfaction accrue des patients. Mais l&rsquo;histoire ne fait que commencer. D&rsquo;ici quelques ann\u00e9es, ces <strong>innovations pourraient transformer radicalement<\/strong> de nombreux domaines m\u00e9dicaux, bouleversant en profondeur notre mani\u00e8re de soigner et de vivre avec la maladie.<\/p>\n<p> Conseils pour anticiper ce nouveau visage de la m\u00e9decine<\/p>\n<p>Se renseigner, questionner les professionnels de sant\u00e9, rester vigilant sur la provenance de ses donn\u00e9es\u2026 Chacun peut, d\u00e8s aujourd&rsquo;hui, se pr\u00e9parer \u00e0 accueillir cette r\u00e9volution m\u00e9dicale. La m\u00e9decine de 2025 s&rsquo;annonce r\u00e9solument humaine, personnalis\u00e9e et prometteuse. <strong>L&rsquo;implication active des patients<\/strong> dans leur parcours de soins devient un facteur d\u00e9terminant pour tirer pleinement parti de cette nouvelle \u00e8re de traitements sur mesure, plus efficaces et moins contraignants.<\/p>\n","protected":false},"excerpt":{"rendered":"Imaginez que la prochaine bo\u00eete de m\u00e9dicament que vous retirez \u00e0 la pharmacie ne soit plus la m\u00eame&hellip;\n","protected":false},"author":2,"featured_media":357847,"comment_status":"","ping_status":"","sticky":false,"template":"","format":"standard","meta":{"footnotes":""},"categories":[10],"tags":[1011,27,72,56,71],"class_list":{"0":"post-357846","1":"post","2":"type-post","3":"status-publish","4":"format-standard","5":"has-post-thumbnail","7":"category-sante","8":"tag-fr","9":"tag-france","10":"tag-health","11":"tag-push","12":"tag-sante"},"share_on_mastodon":{"url":"https:\/\/pubeurope.com\/@fr\/115127880495340348","error":""},"_links":{"self":[{"href":"https:\/\/www.europesays.com\/fr\/wp-json\/wp\/v2\/posts\/357846","targetHints":{"allow":["GET"]}}],"collection":[{"href":"https:\/\/www.europesays.com\/fr\/wp-json\/wp\/v2\/posts"}],"about":[{"href":"https:\/\/www.europesays.com\/fr\/wp-json\/wp\/v2\/types\/post"}],"author":[{"embeddable":true,"href":"https:\/\/www.europesays.com\/fr\/wp-json\/wp\/v2\/users\/2"}],"replies":[{"embeddable":true,"href":"https:\/\/www.europesays.com\/fr\/wp-json\/wp\/v2\/comments?post=357846"}],"version-history":[{"count":0,"href":"https:\/\/www.europesays.com\/fr\/wp-json\/wp\/v2\/posts\/357846\/revisions"}],"wp:featuredmedia":[{"embeddable":true,"href":"https:\/\/www.europesays.com\/fr\/wp-json\/wp\/v2\/media\/357847"}],"wp:attachment":[{"href":"https:\/\/www.europesays.com\/fr\/wp-json\/wp\/v2\/media?parent=357846"}],"wp:term":[{"taxonomy":"category","embeddable":true,"href":"https:\/\/www.europesays.com\/fr\/wp-json\/wp\/v2\/categories?post=357846"},{"taxonomy":"post_tag","embeddable":true,"href":"https:\/\/www.europesays.com\/fr\/wp-json\/wp\/v2\/tags?post=357846"}],"curies":[{"name":"wp","href":"https:\/\/api.w.org\/{rel}","templated":true}]}}