{"id":357849,"date":"2025-09-01T07:34:09","date_gmt":"2025-09-01T07:34:09","guid":{"rendered":"https:\/\/www.europesays.com\/fr\/357849\/"},"modified":"2025-09-01T07:34:09","modified_gmt":"2025-09-01T07:34:09","slug":"karine-le-marchand-celibataire-ce-nouveau-projet-qui-pourrait-lui-permettre-de-trouver-lamour","status":"publish","type":"post","link":"https:\/\/www.europesays.com\/fr\/357849\/","title":{"rendered":"Karine Le Marchand c\u00e9libataire : ce nouveau projet qui pourrait lui permettre de trouver l\u2019amour"},"content":{"rendered":"<p>Karine Le Marchand n\u2019a pas fini de surprendre. Alors qu\u2019elle<br \/>\nanime actuellement la <a href=\"https:\/\/www.closermag.fr\/people\/plus-fideles-que-certains-de-mes-ex-une-bonne-nouvelle-tombe-pour-karine-le-marchand-elle-sen-rejouit-a-sa-maniere-3573780\" target=\"_blank\" rel=\"noopener\"><br \/>\n20\u1d49 saison de L\u2019Amour est dans le pr\u00e9<\/a> sur M6, l\u2019animatrice de<br \/>\n57 ans se lance dans une aventure in\u00e9dite, directement inspir\u00e9e par<br \/>\nson exp\u00e9rience aupr\u00e8s des agriculteurs en qu\u00eate de romance.<\/p>\n<p>Mais cette fois, ce n\u2019est pas sur un plateau t\u00e9l\u00e9 qu\u2019elle joue<br \/>\nles entremetteuses : elle a d\u00e9cid\u00e9 de <strong>cr\u00e9er sa propre<br \/>\nagence matrimoniale<\/strong>, \u201cLe Club des Belles \u00e2mes\u201d. Un projet<br \/>\nqui lui tient \u00e0 c\u0153ur depuis longtemps. Interrog\u00e9e par <a href=\"https:\/\/www.leparisien.fr\/culture-loisirs\/tv\/karine-le-marchand-lance-son-club-de-celibataires-je-ne-minterdis-pas-de-regarder-dans-les-donnees-31-08-2025-7DZKNFSBXZBY7EJXGHQVTJGP24.php\" target=\"_blank\" rel=\"nofollow noopener\">Le Parisien,<\/a><br \/>\nl\u2019animatrice de M6 explique : \u201cC\u2019est li\u00e9 \u00e0 L\u2019Amour est dans le<br \/>\npr\u00e9. L\u2019id\u00e9e est toujours la m\u00eame : trouver l\u2019amour sinc\u00e8re et<br \/>\ndurable dans une soci\u00e9t\u00e9 o\u00f9 c\u2019est extr\u00eamement<br \/>\ncompliqu\u00e9\u201d.\u00a0<\/p>\n<p>Karine Le Marchand ouvre sa premi\u00e8re agence matrimoniale<\/p>\n<p>L\u2019inscription se fait sur le site<br \/>\n<strong>clubdesbellesames.com<\/strong>, et elle n\u2019a rien d\u2019un<br \/>\nsimple clic. Plus de 100 questions, un questionnaire d\u00e9taill\u00e9 qui<br \/>\nprend 30 \u00e0 40 minutes. \u201cVous signez une charte d\u2019engagement<br \/>\nmoral, notamment sur le fait que vous ne pouvez pas ghoster<br \/>\nquelqu\u2019un\u201d, pr\u00e9cise <a href=\"https:\/\/www.closermag.fr\/people\/karine-le-marchand-jetais-en-couple-elle-devoile-ce-qui-la-poussee-a-se-separer-de-lilian-thuram-3571623\" target=\"_blank\" rel=\"noopener\"><br \/>\nl\u2019animatrice d\u2019Une ambition intime.<\/a><\/p>\n<p>En clair : impossible de dispara\u00eetre du jour au lendemain sans<br \/>\nexplication. Les membres devront aussi prouver leur identit\u00e9, leurs<br \/>\nrevenus et leur lieu de r\u00e9sidence. Objectif : z\u00e9ro faux compte et<br \/>\nun maximum de transparence. <strong>L\u2019abonnement, fix\u00e9 \u00e0 150<br \/>\neuros<\/strong> par an pour le lancement, donne acc\u00e8s \u00e0 une base de<br \/>\nprofils tri\u00e9s selon les affinit\u00e9s, les centres d\u2019int\u00e9r\u00eat et m\u00eame le<br \/>\nstyle de vie.\u00a0<\/p>\n<p>L&rsquo;animatrice de M6 se confie sur son<br \/>\nc\u00e9libat<\/p>\n<p>Car <a href=\"https:\/\/www.closermag.fr\/people\/cest-pas-la-taille-qui-compte-lhumour-grivois-de-karine-le-marchand-nest-pas-en-vacances-3570440\" target=\"_blank\" rel=\"noopener\"><br \/>\nKarine Le Marchand<\/a> assume vouloir matcher des personnes<br \/>\nr\u00e9ellement compatibles. \u201cUne personne \u00e9changiste n\u2019a aucune<br \/>\nchance avec quelqu\u2019un pour qui le sexe n\u2019est pas important. \u00c7a fait<br \/>\npartie des questions qu\u2019on pose\u201d, confie-t-elle. Mais le c\u0153ur<br \/>\ndu projet r\u00e9side dans les rencontres physiques. Fini les<br \/>\nt\u00eates-\u00e0-t\u00eates angoissants, <strong>place au \u201cslow dating\u201d<\/strong><br \/>\nen grand format. Lors d\u2019\u00e9v\u00e9nements organis\u00e9s par <a href=\"https:\/\/www.closermag.fr\/people\/mort-de-thierry-ardisson-karine-le-marchand-ne-mache-pas-ses-mots-sur-son-couple-avec-audrey-crespo-mara-3563924\" target=\"_blank\" rel=\"noopener\"><br \/>\nl&rsquo;animatrice de M6<\/a> r\u00e9unissant 50 \u00e0 100 c\u00e9libataires, les<br \/>\nparticipants seront plac\u00e9s autour de tables de 6 \u00e0 10 convives et<br \/>\ndevront discuter de th\u00e9matiques li\u00e9es \u00e0 la vie de couple.<\/p>\n<p>Toutes les 45 minutes, ils changeront de table, l\u2019occasion de<br \/>\ncroiser un maximum de personnes. \u00c0 la fin, libre \u00e0 chacun de<br \/>\nprolonger la soir\u00e9e autour d\u2019un verre. Ces demi-journ\u00e9es, factur\u00e9es<br \/>\n200 euros, d\u00e9buteront \u00e0 Paris avant de s\u2019\u00e9tendre \u00e0 d\u2019autres villes.<br \/>\nPour <a href=\"https:\/\/www.closermag.fr\/people\/karine-le-marchand-prete-a-retrouver-lamour-mais-a-une-condition-stricte-pas-quelquun-qui-mette-en-danger-3570785#:~:text=Karine%20Le%20Marchand%20tr%C3%A8s%20cash%20sur%20sa%20vie%20sentimentale&amp;text=L&#039;animatrice%20confirme%20qu&#039;elle,%2C%20affirme%2Dt%2Delle.\" target=\"_blank\" rel=\"noopener\"><br \/>\nKarine Le Marchand, c\u00e9libataire,<\/a> il ne s\u2019agit pas seulement<br \/>\nd\u2019aider les autres \u00e0 trouver l\u2019amour. Sans compagnon elle-m\u00eame,<br \/>\nelle reconna\u00eet \u00e0 demi-mot que ce nouveau projet pourrait bien lui<br \/>\ndonner un petit coup de pouce, \u00e0 elle aussi : \u201cMaintenant, si<br \/>\ndemain, je rencontre une personne qui me correspond, j\u2019irai.<br \/>\n<strong>Je n\u2019ai rien contre le couple\u201d<\/strong>,<br \/>\nconclut-elle.<\/p>\n","protected":false},"excerpt":{"rendered":"Karine Le Marchand n\u2019a pas fini de surprendre. Alors qu\u2019elle anime actuellement la 20\u1d49 saison de L\u2019Amour est&hellip;\n","protected":false},"author":2,"featured_media":357850,"comment_status":"","ping_status":"","sticky":false,"template":"","format":"standard","meta":{"footnotes":""},"categories":[8],"tags":[548,58,59,1011,27,5413],"class_list":{"0":"post-357849","1":"post","2":"type-post","3":"status-publish","4":"format-standard","5":"has-post-thumbnail","7":"category-divertissement","8":"tag-article-simple","9":"tag-divertissement","10":"tag-entertainment","11":"tag-fr","12":"tag-france","13":"tag-karine-le-marchand"},"share_on_mastodon":{"url":"https:\/\/pubeurope.com\/@fr\/115127888459875164","error":""},"_links":{"self":[{"href":"https:\/\/www.europesays.com\/fr\/wp-json\/wp\/v2\/posts\/357849","targetHints":{"allow":["GET"]}}],"collection":[{"href":"https:\/\/www.europesays.com\/fr\/wp-json\/wp\/v2\/posts"}],"about":[{"href":"https:\/\/www.europesays.com\/fr\/wp-json\/wp\/v2\/types\/post"}],"author":[{"embeddable":true,"href":"https:\/\/www.europesays.com\/fr\/wp-json\/wp\/v2\/users\/2"}],"replies":[{"embeddable":true,"href":"https:\/\/www.europesays.com\/fr\/wp-json\/wp\/v2\/comments?post=357849"}],"version-history":[{"count":0,"href":"https:\/\/www.europesays.com\/fr\/wp-json\/wp\/v2\/posts\/357849\/revisions"}],"wp:featuredmedia":[{"embeddable":true,"href":"https:\/\/www.europesays.com\/fr\/wp-json\/wp\/v2\/media\/357850"}],"wp:attachment":[{"href":"https:\/\/www.europesays.com\/fr\/wp-json\/wp\/v2\/media?parent=357849"}],"wp:term":[{"taxonomy":"category","embeddable":true,"href":"https:\/\/www.europesays.com\/fr\/wp-json\/wp\/v2\/categories?post=357849"},{"taxonomy":"post_tag","embeddable":true,"href":"https:\/\/www.europesays.com\/fr\/wp-json\/wp\/v2\/tags?post=357849"}],"curies":[{"name":"wp","href":"https:\/\/api.w.org\/{rel}","templated":true}]}}