{"id":35785,"date":"2025-04-19T06:06:10","date_gmt":"2025-04-19T06:06:10","guid":{"rendered":"https:\/\/www.europesays.com\/fr\/35785\/"},"modified":"2025-04-19T06:06:10","modified_gmt":"2025-04-19T06:06:10","slug":"football-au-terme-dune-performance-scandaleuse-le-sm-caen-descend-en-national","status":"publish","type":"post","link":"https:\/\/www.europesays.com\/fr\/35785\/","title":{"rendered":"Football. Au terme d&rsquo;une performance scandaleuse, le SM Caen descend en National"},"content":{"rendered":"<p>            Par<br \/>\n        <strong><br \/>\n            <a href=\"https:\/\/actu.fr\/auteur\/alexandre-gourlaouen\" title=\"Consulter tous les articles de Alexandre Gourlaouen\" target=\"_blank\" rel=\"noopener\">Alexandre Gourlaouen<\/a><br \/>\n        <\/strong><\/p>\n<p>        Publi\u00e9 le<\/p>\n<p>            18 avr. 2025 \u00e0 21h55        <\/p>\n<p>Malgr\u00e9 la pr\u00e9sence de 18 000 spectateurs dans les tribunes, le stade Michel d\u2019Ornano a \u00e9t\u00e9 le th\u00e9\u00e2tre de la mort c\u00e9r\u00e9brale du Stade Malherbe Caen. Face \u00e0 Martigues vendredi 18 avril 2025, les Rouge et Bleu avaient la possibilit\u00e9 de se donner une semaine suppl\u00e9mentaire d\u2019espoir. Mais men\u00e9 au score d\u00e8s la cinqui\u00e8me minute, Caen n\u2019a jamais sembl\u00e9 capable de r\u00e9agir et a sombr\u00e9 sous la col\u00e8re de ses supporters (3-0).<\/p>\n<p>Un d\u00e9but de match catastrophique<\/p>\n<p class=\" wall-content\">Tout a tr\u00e8s mal commenc\u00e9 pour le Stade Malherbe qui encaisse l\u2019ouverture du score sur le premier corner mart\u00e9gual. Yann M\u2019Vila est lob\u00e9 et Steve Solvet trouve la faille en touchant le poteau droit d\u2019Anthony Mandrea (0-1, 5\u2032). Les premiers sifflets descendent des trav\u00e9es de d\u2019Ornano, mais Caen tente de r\u00e9agir. Sur un quatre contre trois, Kyeremeh tente de trouver Benrahou mais son centre est d\u00e9tourn\u00e9 par un d\u00e9fenseur (9\u2032).<\/p>\n<p class=\" wall-content\">Le coup de gr\u00e2ce arrive apr\u00e8s le quart d\u2019heure de jeu quand Oucasse Mendy, plus prompt que Lamine Sy au second poteau, reprend d\u2019une t\u00eate plongeante un centre de Mouya Ipiele (0-2, 16\u2032). Ce but sonne la r\u00e9volte du MNK 96 qui d\u00e9voile alors une banderole qui se passe de commentaire : \u00ab\u00a0Direction, joueurs : tous coupables, tous dehors\u00a0\u00bb. Le reste du stade applaudit le message et les chants moqueurs et les sifflets se font de plus en plus nombreux. Sur le terrain, la premi\u00e8re frappe cadr\u00e9e caennaise est l\u2019\u0153uvre de Samuel Grandsir qui reprend un centre de Kyermeh, mais Etile d\u00e9tourne en corner (26\u2032). Yassine Benrahou bute encore sur le gardien de Martigues (32\u2032), mais la v\u00e9rit\u00e9 est l\u00e0. Caen est d\u00e9pass\u00e9 et ne semble pas en mesure de changer le court des choses.\u00a0<\/p>\n<p>      <img   decoding=\"async\" loading=\"lazy\" class=\"size-large\" src=\"https:\/\/www.europesays.com\/fr\/wp-content\/uploads\/2025\/04\/f11955cba2086061955cba208e9195v-960x640.jpeg\" alt=\"Le public du stade Michel d'Ornano n'a pas \u00e9t\u00e9 r\u00e9compens\u00e9 de sa mobilisation spectaculaire contre Martigues vendredi 18 avril 2025.\" width=\"960\" height=\"640\"\/><br \/>\n    Le public du stade Michel d\u2019Ornano n\u2019a pas \u00e9t\u00e9 r\u00e9compens\u00e9 de sa mobilisation spectaculaire contre Martigues vendredi 18 avril 2025. \u00a9Nicolas CLAICHToujours pas de r\u00e9action<\/p>\n<p class=\" wall-content\">Malheureusement pour les supporters caennais, rien n\u2019a chang\u00e9 en seconde p\u00e9riode et Martigues en profite. Sur une action scandaleuse o\u00f9 aucun joueur caennais ne d\u00e9fend. Les Mart\u00e9gaux approchent tranquillement de la surface et Mahame Siby est dans un fauteuil pour ajuster un centre sur la t\u00eate de Robin, seul sur la ligne des six m\u00e8tres, qui trompe Mandrea (0-3, 50\u2032). Malherbe est coul\u00e9 et les actions se succ\u00e8dent pour Martigues.\u00a0<\/p>\n<p>Vid\u00e9os : en ce moment sur Actu<\/p>\n<p class=\" wall-content\">Mis \u00e0 part un centre de Benrahou dans le dos d\u2019Alexandre Mendy et Godson Kyeremeh, \u00e0 aucun moment Caen ne parvient \u00e0 apporter le danger sur le but deYannick Etile. Tout espoir a disparu et les insultes pleuvent depuis les tribunes de d\u2019Ornano. La cr\u00e9ativit\u00e9, il faut la chercher chez les spectateurs de ce d\u00e9sastre. Une seconde banderole, \u00e0 nouveau d\u00e9ploy\u00e9e par le MNK 96, s\u2019offre un tour de stade. Bloqu\u00e9 par l\u2019absence de supporters dans le parcage visiteur, le public de d\u2019Ornano passe \u00e0 l\u2019\u00e9tage sup\u00e9rieur pour continuer sa course. Sur le terrain, Malherbe s\u2019offre bien quelques occasions, notamment gr\u00e2ce \u00e0 l\u2019entr\u00e9e de Coulibaly, mais ne trouve jamais le cadre.<\/p>\n<p class=\" wall-content\">C\u2019est sous les cris de col\u00e8re de tout le peuple caennais que le Stade Malherbe descend donc officiellement en National, \u00e0 trois journ\u00e9es de la fin du championnat. Sauf surprise, la place de lanterne rouge lui semble promise \u00e9galement.\u00a0<\/p>\n<p class=\" wall-content\">Suivez toute l\u2019actualit\u00e9 de vos villes et m\u00e9dias favoris en vous inscrivant \u00e0 <a href=\"https:\/\/moncompte.actu.fr\" title=\"D\u00e9couvez Mon Actu\" rel=\"nofollow noopener\" data-trk=\"{&quot;cta&quot;:{&quot;action&quot;:&quot;https:\\\/\\\/moncompte.actu.fr&quot;,&quot;category&quot;:&quot;mon compte&quot;,&quot;from&quot;:&quot;article footer&quot;,&quot;name&quot;:&quot;Mon actu&quot;,&quot;type&quot;:&quot;cta&quot;}}\" target=\"_blank\">Mon Actu<\/a>.<\/p>\n","protected":false},"excerpt":{"rendered":"Par Alexandre Gourlaouen Publi\u00e9 le 18 avr. 2025 \u00e0 21h55 Malgr\u00e9 la pr\u00e9sence de 18 000 spectateurs dans&hellip;\n","protected":false},"author":2,"featured_media":35786,"comment_status":"","ping_status":"","sticky":false,"template":"","format":"standard","meta":{"footnotes":""},"categories":[9],"tags":[63,1011,27,1745,60,266,1746],"class_list":{"0":"post-35785","1":"post","2":"type-post","3":"status-publish","4":"format-standard","5":"has-post-thumbnail","7":"category-sports","8":"tag-football","9":"tag-fr","10":"tag-france","11":"tag-sport-caen","12":"tag-sports","13":"tag-stade-malherbe-de-caen","14":"tag-stade-michel-dornano"},"share_on_mastodon":{"url":"https:\/\/pubeurope.com\/@fr\/114363130400755612","error":""},"_links":{"self":[{"href":"https:\/\/www.europesays.com\/fr\/wp-json\/wp\/v2\/posts\/35785","targetHints":{"allow":["GET"]}}],"collection":[{"href":"https:\/\/www.europesays.com\/fr\/wp-json\/wp\/v2\/posts"}],"about":[{"href":"https:\/\/www.europesays.com\/fr\/wp-json\/wp\/v2\/types\/post"}],"author":[{"embeddable":true,"href":"https:\/\/www.europesays.com\/fr\/wp-json\/wp\/v2\/users\/2"}],"replies":[{"embeddable":true,"href":"https:\/\/www.europesays.com\/fr\/wp-json\/wp\/v2\/comments?post=35785"}],"version-history":[{"count":0,"href":"https:\/\/www.europesays.com\/fr\/wp-json\/wp\/v2\/posts\/35785\/revisions"}],"wp:featuredmedia":[{"embeddable":true,"href":"https:\/\/www.europesays.com\/fr\/wp-json\/wp\/v2\/media\/35786"}],"wp:attachment":[{"href":"https:\/\/www.europesays.com\/fr\/wp-json\/wp\/v2\/media?parent=35785"}],"wp:term":[{"taxonomy":"category","embeddable":true,"href":"https:\/\/www.europesays.com\/fr\/wp-json\/wp\/v2\/categories?post=35785"},{"taxonomy":"post_tag","embeddable":true,"href":"https:\/\/www.europesays.com\/fr\/wp-json\/wp\/v2\/tags?post=35785"}],"curies":[{"name":"wp","href":"https:\/\/api.w.org\/{rel}","templated":true}]}}