{"id":357857,"date":"2025-09-01T07:48:12","date_gmt":"2025-09-01T07:48:12","guid":{"rendered":"https:\/\/www.europesays.com\/fr\/357857\/"},"modified":"2025-09-01T07:48:12","modified_gmt":"2025-09-01T07:48:12","slug":"quel-est-le-calendrier-des-vacances-scolaires-2025-2026-zone-par-zone","status":"publish","type":"post","link":"https:\/\/www.europesays.com\/fr\/357857\/","title":{"rendered":"Quel est le calendrier des vacances scolaires 2025-2026, zone par zone\u00a0?"},"content":{"rendered":"\n<p class=\"article__paragraph  \">Retour aux cartables, cahiers et cours de r\u00e9cr\u00e9\u00a0: 12\u00a0millions d\u2019\u00e9coliers, de coll\u00e9giens et de lyc\u00e9ens font leur rentr\u00e9e, lundi 1er\u00a0septembre. Mais beaucoup ont s\u00fbrement d\u00e9j\u00e0 en t\u00eate les prochaines vacances scolaires.<\/p>\n<p class=\"article__paragraph  \">Voici <a href=\"https:\/\/www.education.gouv.fr\/calendrier-scolaire-2025-2026-100148\" target=\"_blank\" rel=\"noopener nofollow\" title=\"Nouvelle fen\u00eatre\">le calendrier des vacances scolaires<\/a> pour l\u2019ann\u00e9e 2025-2026 pour la zone\u00a0A, la zone\u00a0B et la zone\u00a0C, de la Toussaint aux vacances d\u2019\u00e9t\u00e9.<\/p>\n<ul class=\"article__unordered-list\">\n<li><strong>Zone\u00a0A\u00a0: <\/strong>acad\u00e9mies de Besan\u00e7on, Bordeaux, Clermont-Ferrand, Dijon, Grenoble, Limoges, Lyon, Poitiers.<\/li>\n<li><strong>Zone\u00a0B\u00a0: <\/strong>acad\u00e9mies d\u2019Aix-Marseille, Amiens, Caen, Lille, Nancy-Metz, Nantes, Nice, Orl\u00e9ans-Tours, Reims, Rennes, Rouen, Strasbourg.<\/li>\n<li><strong>Zone\u00a0C\u00a0:<\/strong> acad\u00e9mies de Cr\u00e9teil, Montpellier, Paris, Toulouse, Versailles.<\/li>\n<\/ul>\n<p>Calendrier des vacances scolaires 2025-2026<\/p>\n<p class=\"article__paragraph  \">Enfin, les jours f\u00e9ri\u00e9s hors vacances scolaires sont les suivants\u00a0:<\/p>\n<ul class=\"article__unordered-list\">\n<li>Samedi\u00a01er\u00a0novembre\u00a02025 (Toussaint)<\/li>\n<li>Mardi\u00a011\u00a0novembre\u00a02025 (Armistice de la premi\u00e8re guerre mondiale)<\/li>\n<li>Lundi\u00a06\u00a0avril\u00a02026 (lundi de P\u00e2ques)<\/li>\n<li>Vendredi\u00a01er\u00a0mai\u00a02026 (F\u00eate du travail)<\/li>\n<li>Vendredi\u00a08\u00a0mai\u00a02026 (fin de la seconde guerre mondiale en Europe)<\/li>\n<li>Jeudi\u00a014\u00a0mai\u00a02026 (Ascension). Le minist\u00e8re pr\u00e9cise par ailleurs qu\u2019il n\u2019y aura pas cours les vendredi\u00a015\u00a0et samedi\u00a016\u00a0mai\u00a02026, qui suivent le jeudi de l\u2019Ascension.<\/li>\n<li>Lundi\u00a025\u00a0mai\u00a02026 (Pentec\u00f4te)<\/li>\n<\/ul>\n<p class=\"author__detail\">  Le Monde  <\/p>\n<p>L\u2019espace des contributions est r\u00e9serv\u00e9 aux abonn\u00e9s.<\/p>\n<p>Abonnez-vous pour acc\u00e9der \u00e0 cet espace d\u2019\u00e9change et contribuer \u00e0 la discussion.<\/p>\n<p>    <a href=\"https:\/\/abo.lemonde.fr\/?lmd_medium=BOUTONS_LMFR&amp;lmd_campaign=CONTRIBUTION_ARTICLE\" class=\"btn btn--premium js-btn-premium\" rel=\"nofollow noopener\" target=\"_blank\">S\u2019abonner<\/a>          <\/p>\n<p class=\"comments__active comments__tooltip\">Contribuer<\/p>\n<p>      <a href=\"https:\/\/www.lemonde.fr\/syndication\/\" class=\"reuse__content\" title=\"R\u00e9utiliser ce contenu\" target=\"_blank\" rel=\"nofollow noopener\">R\u00e9utiliser ce contenu<\/a>      <\/p>\n","protected":false},"excerpt":{"rendered":"Retour aux cartables, cahiers et cours de r\u00e9cr\u00e9\u00a0: 12\u00a0millions d\u2019\u00e9coliers, de coll\u00e9giens et de lyc\u00e9ens font leur rentr\u00e9e,&hellip;\n","protected":false},"author":2,"featured_media":357858,"comment_status":"","ping_status":"","sticky":false,"template":"","format":"standard","meta":{"footnotes":""},"categories":[4],"tags":[11,1011,27,12,25],"class_list":{"0":"post-357857","1":"post","2":"type-post","3":"status-publish","4":"format-standard","5":"has-post-thumbnail","7":"category-france","8":"tag-actualites","9":"tag-fr","10":"tag-france","11":"tag-news","12":"tag-republique-francaise"},"share_on_mastodon":{"url":"https:\/\/pubeurope.com\/@fr\/115127943385777903","error":""},"_links":{"self":[{"href":"https:\/\/www.europesays.com\/fr\/wp-json\/wp\/v2\/posts\/357857","targetHints":{"allow":["GET"]}}],"collection":[{"href":"https:\/\/www.europesays.com\/fr\/wp-json\/wp\/v2\/posts"}],"about":[{"href":"https:\/\/www.europesays.com\/fr\/wp-json\/wp\/v2\/types\/post"}],"author":[{"embeddable":true,"href":"https:\/\/www.europesays.com\/fr\/wp-json\/wp\/v2\/users\/2"}],"replies":[{"embeddable":true,"href":"https:\/\/www.europesays.com\/fr\/wp-json\/wp\/v2\/comments?post=357857"}],"version-history":[{"count":0,"href":"https:\/\/www.europesays.com\/fr\/wp-json\/wp\/v2\/posts\/357857\/revisions"}],"wp:featuredmedia":[{"embeddable":true,"href":"https:\/\/www.europesays.com\/fr\/wp-json\/wp\/v2\/media\/357858"}],"wp:attachment":[{"href":"https:\/\/www.europesays.com\/fr\/wp-json\/wp\/v2\/media?parent=357857"}],"wp:term":[{"taxonomy":"category","embeddable":true,"href":"https:\/\/www.europesays.com\/fr\/wp-json\/wp\/v2\/categories?post=357857"},{"taxonomy":"post_tag","embeddable":true,"href":"https:\/\/www.europesays.com\/fr\/wp-json\/wp\/v2\/tags?post=357857"}],"curies":[{"name":"wp","href":"https:\/\/api.w.org\/{rel}","templated":true}]}}