{"id":357861,"date":"2025-09-01T07:50:25","date_gmt":"2025-09-01T07:50:25","guid":{"rendered":"https:\/\/www.europesays.com\/fr\/357861\/"},"modified":"2025-09-01T07:50:25","modified_gmt":"2025-09-01T07:50:25","slug":"loire-deux-hommes-interpelles-avec-une-carabine-et-un-couteau-pres-du-stade-geoffroy-guichard","status":"publish","type":"post","link":"https:\/\/www.europesays.com\/fr\/357861\/","title":{"rendered":"Loire. Deux hommes interpell\u00e9s avec une carabine et un couteau pr\u00e8s du stade Geoffroy-Guichard"},"content":{"rendered":"<p>C\u2019est une bien \u00e9trange saisie qu\u2019ont effectu\u00e9e les forces de police \u00e0 Saint-Etienne dans le quartier de Bergson, quelques instants apr\u00e8s le d\u00e9but du <a href=\"https:\/\/www.leprogres.fr\/faits-divers-justice\/2025\/08\/31\/Majeur et mineur, ils ont \u00e9t\u00e9 plac\u00e9s en garde \u00e0 vue o\u00f9 ils devront expliquer la provenance de leurs armes.\" target=\"_blank\" rel=\"noopener\">match opposant l\u2019AS Saint-Etienne au Grenoble Foot 38<\/a> \u00e0 Geoffroy-Guichard.<\/p>\n<p>Au cours d\u2019un banal contr\u00f4le de s\u00e9curit\u00e9, les fonctionnaires ont d\u00e9couvert un fusil de chasse sur un premier individu et un couteau sur un second.<\/p>\n<p>  Plusieurs hypoth\u00e8ses \u00e9voqu\u00e9es sur la provenance<\/p>\n<p>Majeur et mineur, originaires de Saint-Etienne, tous deux ont \u00e9t\u00e9 interpell\u00e9s puis plac\u00e9s en garde \u00e0 vue afin d\u2019\u00eatre auditionn\u00e9s. De nombreuses questions se posent d\u00e9sormais sur la mani\u00e8re selon laquelle ils ont pu prendre possession de ces armes et surtout quels objectifs ils comptaient poursuivre avec.<\/p>\n<p>Les hypoth\u00e8ses d\u2019un vol \u00e0 la roulotte dans un v\u00e9hicule en stationnement ou d\u2019un cambriolage sont \u00e9voqu\u00e9es, mais les investigations se poursuivent.<\/p>\n","protected":false},"excerpt":{"rendered":"C\u2019est une bien \u00e9trange saisie qu\u2019ont effectu\u00e9e les forces de police \u00e0 Saint-Etienne dans le quartier de Bergson,&hellip;\n","protected":false},"author":2,"featured_media":357862,"comment_status":"","ping_status":"","sticky":false,"template":"","format":"standard","meta":{"footnotes":""},"categories":[9653],"tags":[1111,11,2430,271,272,7539,1777,674,274,107,1011,27,3367,12,25,4001,7538,104],"class_list":{"0":"post-357861","1":"post","2":"type-post","3":"status-publish","4":"format-standard","5":"has-post-thumbnail","7":"category-saint-etienne","8":"tag-actu","9":"tag-actualites","10":"tag-auvergne-rhone-alpes","11":"tag-crime","12":"tag-delit-et-contravention","13":"tag-edition-loire-sud","14":"tag-eu","15":"tag-europe","16":"tag-faits-divers-justice","17":"tag-fil-info","18":"tag-fr","19":"tag-france","20":"tag-loire","21":"tag-news","22":"tag-republique-francaise","23":"tag-saint-etienne","24":"tag-saint-etienne-ville","25":"tag-societe"},"share_on_mastodon":{"url":"https:\/\/pubeurope.com\/@fr\/115127951248440618","error":""},"_links":{"self":[{"href":"https:\/\/www.europesays.com\/fr\/wp-json\/wp\/v2\/posts\/357861","targetHints":{"allow":["GET"]}}],"collection":[{"href":"https:\/\/www.europesays.com\/fr\/wp-json\/wp\/v2\/posts"}],"about":[{"href":"https:\/\/www.europesays.com\/fr\/wp-json\/wp\/v2\/types\/post"}],"author":[{"embeddable":true,"href":"https:\/\/www.europesays.com\/fr\/wp-json\/wp\/v2\/users\/2"}],"replies":[{"embeddable":true,"href":"https:\/\/www.europesays.com\/fr\/wp-json\/wp\/v2\/comments?post=357861"}],"version-history":[{"count":0,"href":"https:\/\/www.europesays.com\/fr\/wp-json\/wp\/v2\/posts\/357861\/revisions"}],"wp:featuredmedia":[{"embeddable":true,"href":"https:\/\/www.europesays.com\/fr\/wp-json\/wp\/v2\/media\/357862"}],"wp:attachment":[{"href":"https:\/\/www.europesays.com\/fr\/wp-json\/wp\/v2\/media?parent=357861"}],"wp:term":[{"taxonomy":"category","embeddable":true,"href":"https:\/\/www.europesays.com\/fr\/wp-json\/wp\/v2\/categories?post=357861"},{"taxonomy":"post_tag","embeddable":true,"href":"https:\/\/www.europesays.com\/fr\/wp-json\/wp\/v2\/tags?post=357861"}],"curies":[{"name":"wp","href":"https:\/\/api.w.org\/{rel}","templated":true}]}}