{"id":357863,"date":"2025-09-01T07:51:15","date_gmt":"2025-09-01T07:51:15","guid":{"rendered":"https:\/\/www.europesays.com\/fr\/357863\/"},"modified":"2025-09-01T07:51:15","modified_gmt":"2025-09-01T07:51:15","slug":"cest-ce-qui-fait-la-beaute-de-saint-etienne","status":"publish","type":"post","link":"https:\/\/www.europesays.com\/fr\/357863\/","title":{"rendered":"C&rsquo;est ce qui fait la beaut\u00e9 de Saint-\u00c9tienne"},"content":{"rendered":"<p>L&rsquo;AS Saint-\u00c9tienne \u00e9volue avec le costume de favorite cette saison en Ligue 2. De plus, l&rsquo;engouement autour du club fait que les Verts n&rsquo;ont pas le droit \u00e0 l&rsquo;erreur. C&rsquo;est ce qui fait la beaut\u00e9 du club selon son coach.\u00a0<\/p>\n<p>L&rsquo;AS Saint-\u00c9tienne n&rsquo;a pas le droit \u00e0 l&rsquo;erreur cette saison. Au vu des investissements effectu\u00e9s cet \u00e9t\u00e9, \u00e0 la fois dans l&rsquo;effectif mais aussi dans le staff et les infrastructures ce qui n&rsquo;est d&rsquo;ailleurs pas termin\u00e9, l&rsquo;ASSE endosse le costume d&rsquo;ultra-favorite du championnat de France de Ligue 2. De plus, l&rsquo;engouement autour des Verts avec des supporters qui ont battu le record d&rsquo;abonn\u00e9s du club malgr\u00e9 la redescente en Ligue 2, donne de la pression suppl\u00e9mentaire.\u00a0<\/p>\n<p><strong>Eirik Horneland<\/strong> confie qu&rsquo;il faut \u00eatre arm\u00e9 pour \u00e7a, comme l&rsquo;est par exemple <strong>Chico Lamba<\/strong> qui a suivi le coach en conf\u00e9rence de presse jeudi dernier : \u00ab\u00a0Il faut \u00eatre capable de g\u00e9rer la pression. Il y a beaucoup de pression \u00e0 Saint-\u00c9tienne. Le stade Geoffroy-Guichard est magnifique. Le caract\u00e8re est une donn\u00e9e importante quand on joue \u00e0 l\u2019ASSE, on joue r\u00e9guli\u00e8rement devant un stade plein, on a cet objectif de gagner les matchs pour remonter en Ligue 1. C\u2019est important d\u2019avoir une personnalit\u00e9 forte.\u00a0\u00bb<\/p>\n<p>Cette pression et cet engouement autour de l&rsquo;ASSE, c&rsquo;est ce qui fait la beaut\u00e9 du club selon <strong>Horneland<\/strong> : \u00ab\u00a0L\u2019ASSE est un club \u00e0 part, avec des supporters \u00e0 part. C\u2019est vraiment beau de travailler ici. C\u2019est ce qui fait toute la beaut\u00e9 de Saint-\u00c9tienne, un vrai club avec de vrais fans, avec des supporters qui portent le club dans leur c\u0153ur. Cet engouement, c&rsquo;est un message tr\u00e8s fort pour le club, les joueurs, la direction, c\u2019est ce qui fait la beaut\u00e9 de travailler pour l\u2019ASSE.\u00a0\u00bb<\/p>\n<p>                  <a href=\"https:\/\/media.unibet.fr\/redirect.aspx?pid=274690&amp;bid=4442\" rel=\"nofollow noopener\" target=\"_blank\"><img decoding=\"async\" src=\"https:\/\/www.europesays.com\/fr\/wp-content\/uploads\/2025\/06\/EVECT10_560x100_V2.gif\" class=\"img-fluid\" alt=\"Pariez sur l'ASSE avec Unibet\" style=\"max-width: auto !important;margin-left: 0 !important;width: 100%;\"\/><\/a><\/p>\n","protected":false},"excerpt":{"rendered":"L&rsquo;AS Saint-\u00c9tienne \u00e9volue avec le costume de favorite cette saison en Ligue 2. De plus, l&rsquo;engouement autour du&hellip;\n","protected":false},"author":2,"featured_media":356053,"comment_status":"","ping_status":"","sticky":false,"template":"","format":"standard","meta":{"footnotes":""},"categories":[9653],"tags":[1111,11,2430,1777,674,1011,27,12,25,4001],"class_list":{"0":"post-357863","1":"post","2":"type-post","3":"status-publish","4":"format-standard","5":"has-post-thumbnail","7":"category-saint-etienne","8":"tag-actu","9":"tag-actualites","10":"tag-auvergne-rhone-alpes","11":"tag-eu","12":"tag-europe","13":"tag-fr","14":"tag-france","15":"tag-news","16":"tag-republique-francaise","17":"tag-saint-etienne"},"share_on_mastodon":{"url":"https:\/\/pubeurope.com\/@fr\/115127955253711762","error":""},"_links":{"self":[{"href":"https:\/\/www.europesays.com\/fr\/wp-json\/wp\/v2\/posts\/357863","targetHints":{"allow":["GET"]}}],"collection":[{"href":"https:\/\/www.europesays.com\/fr\/wp-json\/wp\/v2\/posts"}],"about":[{"href":"https:\/\/www.europesays.com\/fr\/wp-json\/wp\/v2\/types\/post"}],"author":[{"embeddable":true,"href":"https:\/\/www.europesays.com\/fr\/wp-json\/wp\/v2\/users\/2"}],"replies":[{"embeddable":true,"href":"https:\/\/www.europesays.com\/fr\/wp-json\/wp\/v2\/comments?post=357863"}],"version-history":[{"count":0,"href":"https:\/\/www.europesays.com\/fr\/wp-json\/wp\/v2\/posts\/357863\/revisions"}],"wp:featuredmedia":[{"embeddable":true,"href":"https:\/\/www.europesays.com\/fr\/wp-json\/wp\/v2\/media\/356053"}],"wp:attachment":[{"href":"https:\/\/www.europesays.com\/fr\/wp-json\/wp\/v2\/media?parent=357863"}],"wp:term":[{"taxonomy":"category","embeddable":true,"href":"https:\/\/www.europesays.com\/fr\/wp-json\/wp\/v2\/categories?post=357863"},{"taxonomy":"post_tag","embeddable":true,"href":"https:\/\/www.europesays.com\/fr\/wp-json\/wp\/v2\/tags?post=357863"}],"curies":[{"name":"wp","href":"https:\/\/api.w.org\/{rel}","templated":true}]}}