{"id":357866,"date":"2025-09-01T07:57:40","date_gmt":"2025-09-01T07:57:40","guid":{"rendered":"https:\/\/www.europesays.com\/fr\/357866\/"},"modified":"2025-09-01T07:57:40","modified_gmt":"2025-09-01T07:57:40","slug":"la-nature-et-lart-en-harmonie","status":"publish","type":"post","link":"https:\/\/www.europesays.com\/fr\/357866\/","title":{"rendered":"La Nature et l\u2019Art en Harmonie"},"content":{"rendered":"<p>                        <a class=\"author\" href=\"https:\/\/www.parismatch.com\/auteurs\/la-redaction\" rel=\"nofollow noopener\" target=\"_blank\">La R\u00e9daction<\/a><br \/>\n        28\/08\/2025 \u00e0 17:39, Mis \u00e0 jour le 29\/08\/2025 \u00e0 00:58<\/p>\n<p>            Contenu propos\u00e9 par<br \/>\n                                            Domaine de Chaumont-sur-Loire <\/p>\n<p class=\"intro\">Nouvel \u00e9pisode de notre webs\u00e9rie \u00ab\u00a0Les Incontournables\u00a0\u00bb au Domaine de Chaumont-sur Loire.<\/p>\n<p>Dans le cadre de la Saison d\u2019art 2025, cet \u00e9pisode met en lumi\u00e8re le travail de Claire Trotignon dans la Galerie basse du Fenil. A travers des fragments de gravures anciennes, d\u00e9coup\u00e9s et recompos\u00e9s, l\u2019artiste d\u00e9ploie une recherche sur l\u2019\u00e9tirement du temps et de la perception de l\u2019espace, donnant naissance \u00e0 des \u0153uvres o\u00f9 pass\u00e9 et pr\u00e9sent dialoguent. <\/p>\n<p><strong>Retrouvez nos deux premiers \u00e9pisodes<\/strong><\/p>\n<p><a href=\"https:\/\/www.parismatch.com\/Vivre\/Art-de-vivre\/la-nature-et-lart-en-harmonie-254826\" rel=\"nofollow noopener\" target=\"_blank\">\u00c9pisode 1<\/a><\/p>\n<p><a href=\"https:\/\/www.parismatch.com\/Vivre\/Art-de-vivre\/la-nature-et-lart-en-harmonie-253358\" rel=\"nofollow noopener\" target=\"_blank\">\u00c9pisode 2\u00a0<\/a><\/p>\n","protected":false},"excerpt":{"rendered":"La R\u00e9daction 28\/08\/2025 \u00e0 17:39, Mis \u00e0 jour le 29\/08\/2025 \u00e0 00:58 Contenu propos\u00e9 par Domaine de Chaumont-sur-Loire&hellip;\n","protected":false},"author":2,"featured_media":357867,"comment_status":"","ping_status":"","sticky":false,"template":"","format":"standard","meta":{"footnotes":""},"categories":[1358],"tags":[1348,1384,1385,1386,58,59,1011,27],"class_list":{"0":"post-357866","1":"post","2":"type-post","3":"status-publish","4":"format-standard","5":"has-post-thumbnail","7":"category-arts-et-design","8":"tag-arts","9":"tag-arts-and-design","10":"tag-arts-et-design","11":"tag-design","12":"tag-divertissement","13":"tag-entertainment","14":"tag-fr","15":"tag-france"},"share_on_mastodon":{"url":"https:\/\/pubeurope.com\/@fr\/115127978741325913","error":""},"_links":{"self":[{"href":"https:\/\/www.europesays.com\/fr\/wp-json\/wp\/v2\/posts\/357866","targetHints":{"allow":["GET"]}}],"collection":[{"href":"https:\/\/www.europesays.com\/fr\/wp-json\/wp\/v2\/posts"}],"about":[{"href":"https:\/\/www.europesays.com\/fr\/wp-json\/wp\/v2\/types\/post"}],"author":[{"embeddable":true,"href":"https:\/\/www.europesays.com\/fr\/wp-json\/wp\/v2\/users\/2"}],"replies":[{"embeddable":true,"href":"https:\/\/www.europesays.com\/fr\/wp-json\/wp\/v2\/comments?post=357866"}],"version-history":[{"count":0,"href":"https:\/\/www.europesays.com\/fr\/wp-json\/wp\/v2\/posts\/357866\/revisions"}],"wp:featuredmedia":[{"embeddable":true,"href":"https:\/\/www.europesays.com\/fr\/wp-json\/wp\/v2\/media\/357867"}],"wp:attachment":[{"href":"https:\/\/www.europesays.com\/fr\/wp-json\/wp\/v2\/media?parent=357866"}],"wp:term":[{"taxonomy":"category","embeddable":true,"href":"https:\/\/www.europesays.com\/fr\/wp-json\/wp\/v2\/categories?post=357866"},{"taxonomy":"post_tag","embeddable":true,"href":"https:\/\/www.europesays.com\/fr\/wp-json\/wp\/v2\/tags?post=357866"}],"curies":[{"name":"wp","href":"https:\/\/api.w.org\/{rel}","templated":true}]}}