{"id":357872,"date":"2025-09-01T08:00:12","date_gmt":"2025-09-01T08:00:12","guid":{"rendered":"https:\/\/www.europesays.com\/fr\/357872\/"},"modified":"2025-09-01T08:00:12","modified_gmt":"2025-09-01T08:00:12","slug":"de-nouveaux-marches-de-collecte-pour-baisser-le-volume-des-dechets","status":"publish","type":"post","link":"https:\/\/www.europesays.com\/fr\/357872\/","title":{"rendered":"de nouveaux march\u00e9s de collecte pour baisser le volume des d\u00e9chets"},"content":{"rendered":"<p>            Par<br \/>\n        <strong><br \/>\n            <a href=\"https:\/\/actu.fr\/auteur\/metropoop\" title=\"Consulter tous les articles de R\u00e9daction M\u00e9tropolitain\" target=\"_blank\" rel=\"noopener\">R\u00e9daction M\u00e9tropolitain<\/a><br \/>\n        <\/strong><\/p>\n<p>        Publi\u00e9 le<\/p>\n<p>            1 sept. 2025 \u00e0 9h14        <\/p>\n<p><strong>La M\u00e9tropole de Montpellier<\/strong> a renouvel\u00e9 en juillet dernier <strong>les march\u00e9s de collecte et de nettoiement<\/strong> pour une dur\u00e9e de huit ans et un montant maximum de <strong>847M\u20ac<\/strong>. <strong>La Soci\u00e9t\u00e9 M\u00e9diterran\u00e9enne de Nettoiement<\/strong>, du groupe Nicollin, obtient cinq lots tandis que <strong>le groupe Paprec<\/strong> aura la charge de la collecte de seize communes du nord. Des prestataires qui voient d\u00e9sormais <strong>leur r\u00e9mun\u00e9ration li\u00e9e \u00e0 des objectifs<\/strong> notamment de diminution des volumes des ordures m\u00e9nag\u00e8res.<\/p>\n<p>Bonus\/malus<\/p>\n<p class=\" wall-content\">Au terme d\u2019un an de proc\u00e9dure durant lequel six acteurs du secteur, d\u2019envergure nationale et internationale ont \u00e9t\u00e9 mis en concurrence, la M\u00e9tropole de Montpellier a d\u00e9voil\u00e9 le nom des entreprises ayant remport\u00e9 le 10 juillet l\u2019ensemble des six lots attribu\u00e9s pour une dur\u00e9e de huit ans et pour un montant de 574M\u20ac \u00e0 847M\u20ac au maximum. Dans ce nouveau march\u00e9, le cahier des charges comporte en effet un syst\u00e8me de performance avec un impact financier bonus\/malus sur la r\u00e9mun\u00e9ration des prestataires en fonction de la baisse des tonnages des ordures m\u00e9nag\u00e8res, la hausse des tonnages d\u2019emballages m\u00e9nagers recyclables, l\u2019am\u00e9lioration de la qualit\u00e9 des collectes de bio d\u00e9chets, d\u2019emballages m\u00e9nagers, de verre et la r\u00e9duction du verre dans les ordures m\u00e9nag\u00e8res. Pour parvenir \u00e0 ces objectifs, les prestataires mettront notamment en place 22 ambassadeurs du tri, des agents de terrain form\u00e9s et d\u00e9di\u00e9s \u00e0 cette mission afin de porter des messages cibl\u00e9s selon les publics (\u00e2ge, th\u00e9matique, type d\u2019habitat\u2026).<\/p>\n<p><a class=\"jo-module-caroussel__img-container\" href=\"https:\/\/static.actu.fr\/uploads\/2025\/08\/carte-collecte-dechets-metropole-montpellier.jpg\" title=\"Agrandir la photo La r\u00e9partition des six lots du march\u00e9 de la collecte des d\u00e9chets. (\u00a9 M3M)\" data-idx=\"1\" target=\"_blank\" rel=\"noopener\"><br \/>\n    <img decoding=\"async\" class=\"jo-module-caroussel__img\" loading=\"lazy\" src=\"https:\/\/static.actu.fr\/uploads\/2025\/08\/carte-collecte-dechets-metropole-montpellier-640x427.jpg\" alt=\"La r\u00e9partition des six lots du march\u00e9 de la collecte des d\u00e9chets. (\u00a9 M3M)\" width=\"640\" height=\"427\"\/><\/a><\/p>\n<p class=\" wall-content\">Avec cinq lots (Centre, nord-ouest, sud-ouest, sud-est et est), la Soci\u00e9t\u00e9 M\u00e9diterran\u00e9enne de Nettoiement du <strong>groupe Nicollin<\/strong> aura la charge de la collecte et du nettoiement de quinze communes dont Montpellier soient 401 062 habitants. Le dernier lot est attribu\u00e9 au groupe Paprec qui obtient la collecte des seize communes du nord de la m\u00e9tropole (Castelnau-le-Lez, Prades-le-Lez, Montaud, Saint-Br\u00e8s\u2026) comprenant 90 341 habitants. <a href=\"https:\/\/actu.fr\/occitanie\/montpellier_34172\/metropole-de-montpellier-ametyst-passe-de-suez-a-urbaser-et-file-vers-le-csr_62918811.html\" target=\"_blank\" rel=\"noopener\">Apr\u00e8s avoir chip\u00e9 \u00e0 la barbe de Suez la d\u00e9l\u00e9gation de service publique de la gestion de l\u2019usine Ametyst incluant l\u2019implantation d\u2019une unit\u00e9 CSR<\/a>, le groupe espagnol Urbaser, qui avait la charge d\u2019une partie du nord, se voit \u00e9cart\u00e9 de la collecte.<\/p>\n<p>Une flotte d\u00e9carbon\u00e9e<\/p>\n<p class=\" wall-content\">Le cahier des charge pr\u00e9voit \u00e9galement des volets ambitieux sur la d\u00e9carbonation et la r\u00e9duction des \u00e9missions polluantes avec 60% de la flotte de v\u00e9hicules techniques devant \u00eatre neuve dans les 36 mois et 99% de v\u00e9hicules \u00e0 faibles \u00e9missions dont 70% de v\u00e9hicules \u00e9lectriques, 23% en gaz naturel vert et le reste en bio-carburants. Un march\u00e9 qui repr\u00e9sente 703 emplois, soit une augmentation des effectifs de 18%, dont 56 emplois d\u2019insertion.<\/p>\n<p>Vid\u00e9os : en ce moment sur Actu<\/p>\n<p class=\" wall-content\">Par ailleurs, la continuit\u00e9 du service, les fr\u00e9quences, jours et horaires de collecte des diff\u00e9rents types de d\u00e9chets, lors de la mise en \u0153uvre des nouveaux march\u00e9s le 6 octobre prochain, seront inchang\u00e9es. \u00ab\u00a0Ce march\u00e9, l\u2019un des plus important au niveau national, va permettre de renforcer le service public de la collecte et du nettoiement pour les usagers de la M\u00e9tropole\u00a0\u00bb ambitionne ainsi la collectivit\u00e9.<\/p>\n<p class=\" wall-content\">Personnalisez votre actualit\u00e9 en ajoutant vos villes et m\u00e9dias en favori avec <a href=\"https:\/\/moncompte.actu.fr\" title=\"D\u00e9couvez Mon Actu\" rel=\"nofollow noopener\" data-trk=\"{&quot;cta&quot;:{&quot;action&quot;:&quot;https:\\\/\\\/moncompte.actu.fr&quot;,&quot;category&quot;:&quot;mon compte&quot;,&quot;from&quot;:&quot;article footer&quot;,&quot;name&quot;:&quot;Mon actu&quot;,&quot;type&quot;:&quot;cta&quot;}}\" target=\"_blank\">Mon Actu<\/a>.<\/p>\n","protected":false},"excerpt":{"rendered":"Par R\u00e9daction M\u00e9tropolitain Publi\u00e9 le 1 sept. 2025 \u00e0 9h14 La M\u00e9tropole de Montpellier a renouvel\u00e9 en juillet&hellip;\n","protected":false},"author":2,"featured_media":357873,"comment_status":"","ping_status":"","sticky":false,"template":"","format":"standard","meta":{"footnotes":""},"categories":[9599],"tags":[1111,11,3008,436,1777,674,1011,27,2208,12,2680,25,104],"class_list":{"0":"post-357872","1":"post","2":"type-post","3":"status-publish","4":"format-standard","5":"has-post-thumbnail","7":"category-montpellier","8":"tag-actu","9":"tag-actualites","10":"tag-dechets","11":"tag-environnement","12":"tag-eu","13":"tag-europe","14":"tag-fr","15":"tag-france","16":"tag-montpellier","17":"tag-news","18":"tag-occitanie","19":"tag-republique-francaise","20":"tag-societe"},"share_on_mastodon":{"url":"https:\/\/pubeurope.com\/@fr\/115127990590075676","error":""},"_links":{"self":[{"href":"https:\/\/www.europesays.com\/fr\/wp-json\/wp\/v2\/posts\/357872","targetHints":{"allow":["GET"]}}],"collection":[{"href":"https:\/\/www.europesays.com\/fr\/wp-json\/wp\/v2\/posts"}],"about":[{"href":"https:\/\/www.europesays.com\/fr\/wp-json\/wp\/v2\/types\/post"}],"author":[{"embeddable":true,"href":"https:\/\/www.europesays.com\/fr\/wp-json\/wp\/v2\/users\/2"}],"replies":[{"embeddable":true,"href":"https:\/\/www.europesays.com\/fr\/wp-json\/wp\/v2\/comments?post=357872"}],"version-history":[{"count":0,"href":"https:\/\/www.europesays.com\/fr\/wp-json\/wp\/v2\/posts\/357872\/revisions"}],"wp:featuredmedia":[{"embeddable":true,"href":"https:\/\/www.europesays.com\/fr\/wp-json\/wp\/v2\/media\/357873"}],"wp:attachment":[{"href":"https:\/\/www.europesays.com\/fr\/wp-json\/wp\/v2\/media?parent=357872"}],"wp:term":[{"taxonomy":"category","embeddable":true,"href":"https:\/\/www.europesays.com\/fr\/wp-json\/wp\/v2\/categories?post=357872"},{"taxonomy":"post_tag","embeddable":true,"href":"https:\/\/www.europesays.com\/fr\/wp-json\/wp\/v2\/tags?post=357872"}],"curies":[{"name":"wp","href":"https:\/\/api.w.org\/{rel}","templated":true}]}}