{"id":357874,"date":"2025-09-01T08:01:16","date_gmt":"2025-09-01T08:01:16","guid":{"rendered":"https:\/\/www.europesays.com\/fr\/357874\/"},"modified":"2025-09-01T08:01:16","modified_gmt":"2025-09-01T08:01:16","slug":"elle-avait-brise-une-bouteille-de-rhum-et-frappe-violemment-la-tete-dune-femme-dans-le-tramway-a-montpellier-juste-apres-sa-cure-de-desintoxication","status":"publish","type":"post","link":"https:\/\/www.europesays.com\/fr\/357874\/","title":{"rendered":"Elle avait bris\u00e9 une bouteille de rhum et frapp\u00e9 violemment la t\u00eate d\u2019une femme dans le tramway \u00e0 Montpellier juste apr\u00e8s sa cure de d\u00e9sintoxication"},"content":{"rendered":"<p>\n                                                                Une Montpelli\u00e9raine \u00e2g\u00e9e de 25 ans a \u00e9t\u00e9 condamn\u00e9e pour avoir gravement bless\u00e9 une autre femme, le soir de la F\u00eate de la musique.\n                            <\/p>\n<p>Le 21\u00a0juin, soir de la f\u00eate de la musique, la place de la Com\u00e9die \u00e9tait bond\u00e9e. C\u2019\u00e9tait aussi le cas de la rame de tramway de la ligne 1 qui y a fait halte, vers 21\u00a0h\u00a025.<\/p>\n<p>Kenza, une Montpelli\u00e9raine \u00e2g\u00e9e de 25 ans se trouvait \u00e0 l\u2019int\u00e9rieur, avec une bouteille de rhum \u00e0 la main. Selon des t\u00e9moins, elle a bouscul\u00e9 une dame \u00e2g\u00e9e avant de barrer la route \u00e0 un couple de retrait\u00e9s qui cherchait \u00e0 s\u2019asseoir. Une autre passag\u00e8re a tent\u00e9 de lui faire comprendre qu\u2019elle g\u00eanait le passage, ce qui n\u2019a pas plu \u00e0 Kenza. Insultes (\u00ab\u00a0grosse pute\u00a0\u00bb\u2026), gifle, coups sur la t\u00eate avec un t\u00e9l\u00e9phone puis avec la bouteille de rhum.<\/p>\n<p>\u00ab\u00a0Les excuses n\u2019enl\u00e8vent pas la douleur et les s\u00e9quelles\u00a0\u00bb<\/p>\n<p>Un t\u00e9moin pr\u00e9cisera que la femme violente avait d\u2019abord bris\u00e9 la bouteille sur une barre de s\u00e9curit\u00e9 de la rame, avant de frapper la victime \u00e0 la t\u00eate.<\/p>\n<p>Lorsque cette derni\u00e8re est sortie du tramway \u00e0 la station Corum, elle souffrait d\u2019une plaie de huit centim\u00e8tres. Elle saignait abondamment, au point d\u2019\u00eatre recousue sur place par les pompiers. Victime d\u2019un traumatisme cr\u00e2nien, elle \u00e9tait \u00e9vacu\u00e9e vers le CHU.<\/p>\n<p>\u00ab\u00a0Ma cliente sortait de son travail lorsqu\u2019elle a \u00e9t\u00e9 victime d\u2019ultra-violence, s\u2019est insurg\u00e9e son avocate lors du proc\u00e8s, ce mercredi 27\u00a0ao\u00fbt. Les excuses n\u2019enl\u00e8vent pas la douleur et les s\u00e9quelles. Ma cliente a toujours peur d\u2019\u00eatre agress\u00e9e.\u00a0\u00bb<\/p>\n<p>L\u2019agresseuse sortait d\u2019une cure de d\u00e9sintoxication<\/p>\n<p>Le 21\u00a0juin, des t\u00e9moins avaient d\u00e9sign\u00e9 l\u2019agresseuse aux policiers. Porteuse d\u2019un couteau dans sa poche, Kenza \u00e9tait interpell\u00e9e avec difficult\u00e9 et plac\u00e9e en cellule de d\u00e9grisement. \u00c0 sa sortie, elle d\u00e9clarait avoir m\u00e9lang\u00e9 alcool et m\u00e9dicaments dans l\u2019apr\u00e8s-midi, et n\u2019avoir aucun souvenir de sa soir\u00e9e.<\/p>\n<p>Souffrant d\u2019une addiction \u00e0 l\u2019alcool, Kenza \u00e9tait sevr\u00e9e depuis cinq mois, et venait de sortir de post-cure, le 14\u00a0juin, lorsqu\u2019elle a violemment rechut\u00e9.<\/p>\n<p>Dans son rapport de dix-huit pages, l\u2019expert psychiatre mentionne que le m\u00e9lange alcool-m\u00e9dicaments a pu entra\u00eener une alt\u00e9ration du discernement au moment des faits. Mais il estime aussi que la pr\u00e9venue en connaissait les effets et est accessible \u00e0 une sanction p\u00e9nale.<\/p>\n<p>Plac\u00e9e \u00e0 16 ans en raison de violences commises par ses parents, Kenza souffre d\u2019une addiction \u00e0 l\u2019alcool \u00ab\u00a0depuis une agression sexuelle\u00a0\u00bb. Elle a fait plusieurs tentatives de suicide et vit de l\u2019allocation adulte handicap\u00e9e.<\/p>\n<p>Neuf mois de prison<\/p>\n<p>\u00ab\u00a0Sa vie, c\u2019est une alternance de cures et d\u2019hospitalisations en psychiatrie\u00a0\u00bb, a r\u00e9sum\u00e9 son avocate. Kenza \u00e9tait d\u2019ailleurs hospitalis\u00e9e le jour du proc\u00e8s.<\/p>\n<p>Son casier porte la trace de trois condamnations, dont l\u2019une \u00e0 18mois de prison avec sursis pour participation \u00e0 une association de malfaiteurs.<\/p>\n<p>\u00ab\u00a0Les faits sont inqui\u00e9tants mais la personnalit\u00e9 de l\u2019auteur encore plus\u00a0\u00bb, a lanc\u00e9 le procureur. Il a requis 12 mois ferme dont 9 avec sursis, ainsi que la r\u00e9vocation d\u2019un sursis de 6 mois.<\/p>\n<p>Les juges ont finalement condamn\u00e9 Kenza \u00e0 6 mois d\u2019emprisonnements, tout en pronon\u00e7ant la r\u00e9vocation d\u2019un sursis de 3 mois datant d\u2019avril dernier. Soit 9 mois ferme au total.<\/p>\n<p>Elle devra suivre des soins d\u2019addictologie et de psychiatrie, r\u00e9parer les dommages et indemniser le Tr\u00e9sor public. Elle s\u2019est vu interdire la fr\u00e9quentation des d\u00e9bits de boissons, ainsi que la d\u00e9tention d\u2019une arme.<\/p>\n","protected":false},"excerpt":{"rendered":"Une Montpelli\u00e9raine \u00e2g\u00e9e de 25 ans a \u00e9t\u00e9 condamn\u00e9e pour avoir gravement bless\u00e9 une autre femme, le soir&hellip;\n","protected":false},"author":2,"featured_media":357875,"comment_status":"","ping_status":"","sticky":false,"template":"","format":"standard","meta":{"footnotes":""},"categories":[9599],"tags":[1111,11,1777,674,1011,27,2208,12,2680,25],"class_list":{"0":"post-357874","1":"post","2":"type-post","3":"status-publish","4":"format-standard","5":"has-post-thumbnail","7":"category-montpellier","8":"tag-actu","9":"tag-actualites","10":"tag-eu","11":"tag-europe","12":"tag-fr","13":"tag-france","14":"tag-montpellier","15":"tag-news","16":"tag-occitanie","17":"tag-republique-francaise"},"share_on_mastodon":{"url":"https:\/\/pubeurope.com\/@fr\/115127994442798672","error":""},"_links":{"self":[{"href":"https:\/\/www.europesays.com\/fr\/wp-json\/wp\/v2\/posts\/357874","targetHints":{"allow":["GET"]}}],"collection":[{"href":"https:\/\/www.europesays.com\/fr\/wp-json\/wp\/v2\/posts"}],"about":[{"href":"https:\/\/www.europesays.com\/fr\/wp-json\/wp\/v2\/types\/post"}],"author":[{"embeddable":true,"href":"https:\/\/www.europesays.com\/fr\/wp-json\/wp\/v2\/users\/2"}],"replies":[{"embeddable":true,"href":"https:\/\/www.europesays.com\/fr\/wp-json\/wp\/v2\/comments?post=357874"}],"version-history":[{"count":0,"href":"https:\/\/www.europesays.com\/fr\/wp-json\/wp\/v2\/posts\/357874\/revisions"}],"wp:featuredmedia":[{"embeddable":true,"href":"https:\/\/www.europesays.com\/fr\/wp-json\/wp\/v2\/media\/357875"}],"wp:attachment":[{"href":"https:\/\/www.europesays.com\/fr\/wp-json\/wp\/v2\/media?parent=357874"}],"wp:term":[{"taxonomy":"category","embeddable":true,"href":"https:\/\/www.europesays.com\/fr\/wp-json\/wp\/v2\/categories?post=357874"},{"taxonomy":"post_tag","embeddable":true,"href":"https:\/\/www.europesays.com\/fr\/wp-json\/wp\/v2\/tags?post=357874"}],"curies":[{"name":"wp","href":"https:\/\/api.w.org\/{rel}","templated":true}]}}