{"id":357878,"date":"2025-09-01T08:08:12","date_gmt":"2025-09-01T08:08:12","guid":{"rendered":"https:\/\/www.europesays.com\/fr\/357878\/"},"modified":"2025-09-01T08:08:12","modified_gmt":"2025-09-01T08:08:12","slug":"grenoble-un-jeune-boulanger-gravement-blesse-de-coups-de-couteau-au-thorax","status":"publish","type":"post","link":"https:\/\/www.europesays.com\/fr\/357878\/","title":{"rendered":"Grenoble. Un jeune boulanger gravement bless\u00e9 de coups de couteau au thorax"},"content":{"rendered":"<p class=\"xsm-p\">Un boulanger de 24 ans a \u00e9t\u00e9 tr\u00e8s gravement bless\u00e9 \u00e0 l\u2019arme blanche, ce lundi matin \u00e0 proximit\u00e9 imm\u00e9diate de son lieu de travail, la boulangerie Lenoir situ\u00e9e au num\u00e9ro\u00a05 de la rue Amp\u00e8re, quasiment en face du square des Fusill\u00e9s qui fait l\u2019angle avec le cours Berriat, \u00e0 Grenoble.<\/p>\n<p class=\"xsm-p\">Vers 4\u00a0h\u00a030, alors que la boutique ouvre \u00e0 6 heures, trois hommes auraient \u00e9t\u00e9 surpris en train de voler du pain entrepos\u00e9 devant une fen\u00eatre laiss\u00e9e ouverte pour faire courant d\u2019air.<\/p>\n<p class=\"xsm-p\">L\u2019un des quatre employ\u00e9s qui s\u2019activaient dans l\u2019arri\u00e8re-boutique est imm\u00e9diatement all\u00e9 \u00e0 leur rencontre.<\/p>\n<p>\u00ab On le voit sur les images vid\u00e9o s\u2019emparer d\u2019une pelle \u00e0 pain avant de sortir dans la rue \u00bb<\/p>\n<p class=\"xsm-p\">\u00ab\u00a0On le voit sur les images vid\u00e9o s\u2019emparer d\u2019une pelle \u00e0 pain avant de sortir dans la rue. Apr\u00e8s, on ne s\u2019est pas ce qui s\u2019est pass\u00e9\u00a0\u00bb, a indiqu\u00e9 au Dauphin\u00e9 Lib\u00e9r\u00e9 la responsable de la boulangerie, contact\u00e9e par t\u00e9l\u00e9phone ce lundi matin.<\/p>\n<p class=\"xsm-p\">Une altercation a vraisemblablement \u00e9clat\u00e9 sur le trottoir, quelques m\u00e8tres plus loin, au cours de laquelle le malheureux boulanger a re\u00e7u deux coups de couteau au niveau du torse. Les agresseurs ont pris la fuite tandis que les secours \u00e9taient alert\u00e9s.<\/p>\n<p class=\"xsm-p\">Secouru par les sapeurs-pompiers et m\u00e9dicalis\u00e9 par une \u00e9quipe du Samu 38, il a \u00e9t\u00e9 class\u00e9 en urgence absolue et transport\u00e9 au CHU Grenoble Alpes o\u00f9 il a \u00e9t\u00e9 admis au service de d\u00e9chocage. Son pronostic vital \u00e9tait alors engag\u00e9 selon la Direction interd\u00e9partementale de la police nationale de l\u2019Is\u00e8re.<\/p>\n<p class=\"xsm-p\">Encore sous le choc apr\u00e8s le d\u00e9part des policiers grenoblois qui avaient proc\u00e9d\u00e9 aux premi\u00e8res constatations, la patronne de la victime attendait des nouvelles et ignorait si les jours de son employ\u00e9 encore en danger mais elle ne cachait pas sa col\u00e8re face \u00e0 cette violence gratuite \u00ab\u00a0dans un quartier dont on sait qu\u2019il est \u201csensible\u201d, avec du trafic dans le square des Fusill\u00e9s et un \u00e9clairage public insuffisant\u00a0\u00bb.<\/p>\n","protected":false},"excerpt":{"rendered":"Un boulanger de 24 ans a \u00e9t\u00e9 tr\u00e8s gravement bless\u00e9 \u00e0 l\u2019arme blanche, ce lundi matin \u00e0 proximit\u00e9&hellip;\n","protected":false},"author":2,"featured_media":357879,"comment_status":"","ping_status":"","sticky":false,"template":"","format":"standard","meta":{"footnotes":""},"categories":[9566],"tags":[1111,11,2430,271,272,112,1777,674,274,107,1795,1011,27,2731,2732,108,12,25],"class_list":{"0":"post-357878","1":"post","2":"type-post","3":"status-publish","4":"format-standard","5":"has-post-thumbnail","7":"category-grenoble","8":"tag-actu","9":"tag-actualites","10":"tag-auvergne-rhone-alpes","11":"tag-crime","12":"tag-delit-et-contravention","13":"tag-edition-grenoble-agglomeration","14":"tag-eu","15":"tag-europe","16":"tag-faits-divers-justice","17":"tag-fil-info","18":"tag-fil-web","19":"tag-fr","20":"tag-france","21":"tag-grenoble","22":"tag-grenoble-bassin","23":"tag-isere","24":"tag-news","25":"tag-republique-francaise"},"share_on_mastodon":{"url":"https:\/\/pubeurope.com\/@fr\/115128022142900310","error":""},"_links":{"self":[{"href":"https:\/\/www.europesays.com\/fr\/wp-json\/wp\/v2\/posts\/357878","targetHints":{"allow":["GET"]}}],"collection":[{"href":"https:\/\/www.europesays.com\/fr\/wp-json\/wp\/v2\/posts"}],"about":[{"href":"https:\/\/www.europesays.com\/fr\/wp-json\/wp\/v2\/types\/post"}],"author":[{"embeddable":true,"href":"https:\/\/www.europesays.com\/fr\/wp-json\/wp\/v2\/users\/2"}],"replies":[{"embeddable":true,"href":"https:\/\/www.europesays.com\/fr\/wp-json\/wp\/v2\/comments?post=357878"}],"version-history":[{"count":0,"href":"https:\/\/www.europesays.com\/fr\/wp-json\/wp\/v2\/posts\/357878\/revisions"}],"wp:featuredmedia":[{"embeddable":true,"href":"https:\/\/www.europesays.com\/fr\/wp-json\/wp\/v2\/media\/357879"}],"wp:attachment":[{"href":"https:\/\/www.europesays.com\/fr\/wp-json\/wp\/v2\/media?parent=357878"}],"wp:term":[{"taxonomy":"category","embeddable":true,"href":"https:\/\/www.europesays.com\/fr\/wp-json\/wp\/v2\/categories?post=357878"},{"taxonomy":"post_tag","embeddable":true,"href":"https:\/\/www.europesays.com\/fr\/wp-json\/wp\/v2\/tags?post=357878"}],"curies":[{"name":"wp","href":"https:\/\/api.w.org\/{rel}","templated":true}]}}