{"id":357880,"date":"2025-09-01T08:09:10","date_gmt":"2025-09-01T08:09:10","guid":{"rendered":"https:\/\/www.europesays.com\/fr\/357880\/"},"modified":"2025-09-01T08:09:10","modified_gmt":"2025-09-01T08:09:10","slug":"un-boulanger-agresse-au-couteau-pour-un-vol-de-pain-a-grenoble-son-pronostic-vital-engage","status":"publish","type":"post","link":"https:\/\/www.europesays.com\/fr\/357880\/","title":{"rendered":"Un boulanger agress\u00e9 au couteau pour un vol de pain \u00e0 Grenoble, son pronostic vital engag\u00e9"},"content":{"rendered":"<p class=\"article__intro\">Un boulanger \u00e2g\u00e9 de 24 ans a \u00e9t\u00e9 attaqu\u00e9 au couteau cette nuit devant la boulangerie Lenoir \u00e0 Grenoble, o\u00f9 il travaille, apr\u00e8s une altercation avec trois individus. L\u2019homme a \u00e9t\u00e9 transport\u00e9, dans un \u00e9tat grave, au CHU de Grenoble, son pronostic vital est engag\u00e9.<\/p>\n<p>\n      L\u2019actu des r\u00e9gions\n    <\/p>\n<p>\n      Chaque jour, un tour d\u2019horizon des principales infos de toutes les r\u00e9gions.\n    <\/p>\n<p>    France T\u00e9l\u00e9visions utilise votre adresse e-mail afin de vous envoyer la newsletter \u00ab\u00a0L\u2019actu des r\u00e9gions\u00a0\u00bb. Vous pouvez vous d\u00e9sinscrire \u00e0 tout moment via le lien en bas de cette newsletter. <a target=\"_blank\" href=\"https:\/\/www.francetelevisions.fr\/groupe\/confidentialite\/politique-de-confidentialite\/politique-de-confidentialite-de-france-televisions-6503\" rel=\"nofollow noopener\">Notre politique de confidentialit\u00e9<\/a><\/p>\n<p>Les faits se sont d\u00e9roul\u00e9s dans la nuit de dimanche \u00e0 lundi 1\u1d49\u02b3 septembre, aux alentours de 4h30, rue Amp\u00e8re \u00e0 Grenoble, devant la boulangerie de la Maison Lenoir. Un boulanger \u00e2g\u00e9 de 24 ans a \u00e9t\u00e9 attaqu\u00e9 au couteau apr\u00e8s une altercation avec trois personnes.\u00a0<\/p>\n<p>Selon la police de Grenoble, la boulangerie \u00e9tait ferm\u00e9e, mais trois employ\u00e9s \u00e9taient pr\u00e9sents pour pr\u00e9parer le pain et l&rsquo;une des fen\u00eatres de la boulangerie \u00e9tait ouverte.\u00a0<\/p>\n<p>\u00ab\u00a0Des individus auraient tent\u00e9 de voler des morceaux de pain par la fen\u00eatre, le boulanger sort pour s&rsquo;expliquer, un des individus lui ass\u00e8ne deux coups de couteau au thorax\u00a0\u00bb, indique la police de Grenoble.<\/p>\n<\/p>\n<p>Le boulanger a \u00e9t\u00e9 pris en charge par le SAMU et transport\u00e9 au CHU de Grenoble dans un \u00e9tat grave. Selon la police, son pronostic vital est engag\u00e9.<\/p>\n<p>Les auteurs de coups de couteau ont, quant \u00e0 eux, pris la fuite avant l&rsquo;arriv\u00e9e des secours. Une enqu\u00eate est en cours pour tenter de les retrouver.\u00a0<\/p>\n","protected":false},"excerpt":{"rendered":"Un boulanger \u00e2g\u00e9 de 24 ans a \u00e9t\u00e9 attaqu\u00e9 au couteau cette nuit devant la boulangerie Lenoir \u00e0&hellip;\n","protected":false},"author":2,"featured_media":357881,"comment_status":"","ping_status":"","sticky":false,"template":"","format":"standard","meta":{"footnotes":""},"categories":[9566],"tags":[1111,11,2430,1777,674,1011,27,2731,12,25],"class_list":{"0":"post-357880","1":"post","2":"type-post","3":"status-publish","4":"format-standard","5":"has-post-thumbnail","7":"category-grenoble","8":"tag-actu","9":"tag-actualites","10":"tag-auvergne-rhone-alpes","11":"tag-eu","12":"tag-europe","13":"tag-fr","14":"tag-france","15":"tag-grenoble","16":"tag-news","17":"tag-republique-francaise"},"share_on_mastodon":{"url":"https:\/\/pubeurope.com\/@fr\/115128025917920579","error":""},"_links":{"self":[{"href":"https:\/\/www.europesays.com\/fr\/wp-json\/wp\/v2\/posts\/357880","targetHints":{"allow":["GET"]}}],"collection":[{"href":"https:\/\/www.europesays.com\/fr\/wp-json\/wp\/v2\/posts"}],"about":[{"href":"https:\/\/www.europesays.com\/fr\/wp-json\/wp\/v2\/types\/post"}],"author":[{"embeddable":true,"href":"https:\/\/www.europesays.com\/fr\/wp-json\/wp\/v2\/users\/2"}],"replies":[{"embeddable":true,"href":"https:\/\/www.europesays.com\/fr\/wp-json\/wp\/v2\/comments?post=357880"}],"version-history":[{"count":0,"href":"https:\/\/www.europesays.com\/fr\/wp-json\/wp\/v2\/posts\/357880\/revisions"}],"wp:featuredmedia":[{"embeddable":true,"href":"https:\/\/www.europesays.com\/fr\/wp-json\/wp\/v2\/media\/357881"}],"wp:attachment":[{"href":"https:\/\/www.europesays.com\/fr\/wp-json\/wp\/v2\/media?parent=357880"}],"wp:term":[{"taxonomy":"category","embeddable":true,"href":"https:\/\/www.europesays.com\/fr\/wp-json\/wp\/v2\/categories?post=357880"},{"taxonomy":"post_tag","embeddable":true,"href":"https:\/\/www.europesays.com\/fr\/wp-json\/wp\/v2\/tags?post=357880"}],"curies":[{"name":"wp","href":"https:\/\/api.w.org\/{rel}","templated":true}]}}