{"id":357882,"date":"2025-09-01T08:11:29","date_gmt":"2025-09-01T08:11:29","guid":{"rendered":"https:\/\/www.europesays.com\/fr\/357882\/"},"modified":"2025-09-01T08:11:29","modified_gmt":"2025-09-01T08:11:29","slug":"production-du-c5-aircross-pres-de-rennes-des-recrutements-dinterimaires-a-venir-maville","status":"publish","type":"post","link":"https:\/\/www.europesays.com\/fr\/357882\/","title":{"rendered":"Production du C5 Aircross pr\u00e8s de Rennes : des recrutements d\u2019int\u00e9rimaires \u00e0 venir &#8211; Maville"},"content":{"rendered":"<ol>\n<li><a href=\"https:\/\/news.google.com\/rss\/articles\/CBMi2gFBVV95cUxPMzdzQzFhdEVzZnFQZ2xwQkhQclpUcjVDQUo3MUYtdUZVQ3poWHRNM0JiVzlCRnNrQXhkX3BHUXhxdDJkMk5ZTlV5YXhPMEZLUy1HeU5XSmpPTEktaUNYNjg1MXFjN2dRZjIwdjdLMXdCNnFpb0pKQkVzbGRXVzlXbFpMWmpqWVpfQWJtenJUQWVuS2dFalZlN2RCdGJnNGEwUm92TVRDYmZhWXpYTU95NlRFWDN2RjFVbHhIRVFrT2EtYnFMV29PT0YtaU16S1dHZ3ZDUUNEU3pndw?oc=5\" target=\"_blank\" rel=\"nofollow noopener\">Production du C5 Aircross pr\u00e8s de Rennes : des recrutements d\u2019int\u00e9rimaires \u00e0 venir<\/a>&nbsp;&nbsp;Maville<\/li>\n<li><a href=\"https:\/\/news.google.com\/rss\/articles\/CBMi2wFBVV95cUxOU3BPaGtUZ1NyWVFmTlh0OFRacmRlOUttR1ZoU0t6RkVrZXk3eVZ4d1VSazZxQldUcnFMYlFqa1Z0VVhoYzY5LUduLXQ4RmVhUzZHWmI3VVczUUd6NEI0ejB1UXlYQmxmb3BvZFpvbE5nMnp6RHhDQ29HdFlxZGNySVRzbkwzSlhZSG84UVJZNjNWekpjZ2dKX3hNSUgyMGMwNm5nMXhPSFJMeVRGczN6cGhrUlhLQnNqaHhVWXNFMEdHMEtYdXBaaFRmaU8tMnM4MTl6VWtKUlAwRm8?oc=5\" target=\"_blank\" rel=\"nofollow noopener\">Citro\u00ebn C5 Aircross vs Dacia Bigster : le roi du confort d\u00e9fie le champion de l&rsquo;\u00e9conomie<\/a>&nbsp;&nbsp;L&rsquo;Argus<\/li>\n<li><a href=\"https:\/\/news.google.com\/rss\/articles\/CBMi3gFBVV95cUxPY0tlaUdaVGkwNWk3dFJUNkRxdWtQdmlldWZyTjk1RTUyVXBKb0tScng4UXJ6ajlWUkRLdGtYeW5hWG4yalRCZG1TY2NEZkVWbFVFc2xzZHR5d2N6TG91QzFEbW5ad1hIbmxUb1AwWVJ6Qm5RbzlucUlubUo5ZGFxRkFJeW03cWdfdXFGOG84R3FBSDRQaW5aejdpaWdicFd2bHdkeXJyMlVKaVFzZ2Q0SGlGTFh2Q0JjU2htMU9CNl9qMXFTV3Q2dHJaNzBscHhNSm14NC00M0tweDN6Zmc?oc=5\" target=\"_blank\" rel=\"nofollow noopener\">Le nouveau Citro\u00ebn C5 Aircross affronte pour la premi\u00e8re fois le Peugeot 3008 et le Renault Austral restyl\u00e9<\/a>&nbsp;&nbsp;Caradisiac<\/li>\n<li><a href=\"https:\/\/news.google.com\/rss\/articles\/CBMi5gFBVV95cUxOdThXcFNWcGN3cmNQcnlxa01xUVYzbzBZdEU2NlRKa0xSQXZZbW1VNDhvQ3JucXFHTS1YQ3JwVDk5UnJXcXNYMVlnT2tmSmpMWEZ2Znc5VGZXQjJEbjV4cGtYZzY0eWRuNkJqUm8ySHVBWUhZWFdNVnAySFpab2phWXdydXFpcFI4N3AxVl9aQzNNa1Noc1ROWDJGT09YMkQ3QlVlSHgwYkdBSG5fYncwSDljb0ZIOXRla3ZlZUFMQ25GNEdQMnJrOHpVN2NoNGlhMDNSWnI5QWRCUlJqZ2ttc0R6OGRLQQ?oc=5\" target=\"_blank\" rel=\"nofollow noopener\">Rennes : Stellantis a besoin de 200 salari\u00e9s suppl\u00e9mentaires pour produire le nouveau C5 Aircross &#8211; ici<\/a>&nbsp;&nbsp;francebleu.fr<\/li>\n<li><a href=\"https:\/\/news.google.com\/rss\/articles\/CBMigAJBVV95cUxPNjVOM3RxVk4zd3hFeEEwdWZlWENUTmdsaGlTWUpUaThIU1RzeC1UcE5OYVRsUEhDTDZocl82ZkVUeVl5MXIzcUV6OUlaYWFTa2t1S05BTG1uREFBeGRKVE9fLUg0MXZMZlNfcElpTG4waFBvMjdhMkV1OHl0M0pDZWItX3BfZ2NlUl9ndlg4Ym9kV2ZqODJUMTRMcTBEODJtTHFIbktQX2hha2JhVHM2SFFfZnUtNF8zNVZxOEJ6WjVIMTFGdm5uVTRpbkhBM2NPVTI2Ym00MU9SZ1lvTjJlX3Zob1d1dEh6NnN6dnNnQzRFMS0xNTBCVjFzRndsV0tF?oc=5\" target=\"_blank\" rel=\"nofollow noopener\">Pr\u00e8s de Rennes, l\u2019usine Stellantis va recruter 70 int\u00e9rimaires pour la production du nouveau C5 Aircross<\/a>&nbsp;&nbsp;Le T\u00e9l\u00e9gramme<\/li>\n<\/ol>\n","protected":false},"excerpt":{"rendered":"Production du C5 Aircross pr\u00e8s de Rennes : des recrutements d\u2019int\u00e9rimaires \u00e0 venir&nbsp;&nbsp;Maville Citro\u00ebn C5 Aircross vs Dacia&hellip;\n","protected":false},"author":2,"featured_media":357883,"comment_status":"","ping_status":"","sticky":false,"template":"","format":"standard","meta":{"footnotes":""},"categories":[2821],"tags":[1111,11,49369,829,18430,1777,674,1011,27,49370,12,3762,8131,37533,3086,584,25,13129],"class_list":{"0":"post-357882","1":"post","2":"type-post","3":"status-publish","4":"format-standard","5":"has-post-thumbnail","7":"category-rennes","8":"tag-actu","9":"tag-actualites","10":"tag-aircross","11":"tag-bretagne","12":"tag-c5","13":"tag-eu","14":"tag-europe","15":"tag-fr","16":"tag-france","17":"tag-interimaires","18":"tag-news","19":"tag-pres","20":"tag-production","21":"tag-recrutements","22":"tag-redon","23":"tag-rennes","24":"tag-republique-francaise","25":"tag-venir"},"share_on_mastodon":{"url":"https:\/\/pubeurope.com\/@fr\/115128033793852158","error":""},"_links":{"self":[{"href":"https:\/\/www.europesays.com\/fr\/wp-json\/wp\/v2\/posts\/357882","targetHints":{"allow":["GET"]}}],"collection":[{"href":"https:\/\/www.europesays.com\/fr\/wp-json\/wp\/v2\/posts"}],"about":[{"href":"https:\/\/www.europesays.com\/fr\/wp-json\/wp\/v2\/types\/post"}],"author":[{"embeddable":true,"href":"https:\/\/www.europesays.com\/fr\/wp-json\/wp\/v2\/users\/2"}],"replies":[{"embeddable":true,"href":"https:\/\/www.europesays.com\/fr\/wp-json\/wp\/v2\/comments?post=357882"}],"version-history":[{"count":0,"href":"https:\/\/www.europesays.com\/fr\/wp-json\/wp\/v2\/posts\/357882\/revisions"}],"wp:featuredmedia":[{"embeddable":true,"href":"https:\/\/www.europesays.com\/fr\/wp-json\/wp\/v2\/media\/357883"}],"wp:attachment":[{"href":"https:\/\/www.europesays.com\/fr\/wp-json\/wp\/v2\/media?parent=357882"}],"wp:term":[{"taxonomy":"category","embeddable":true,"href":"https:\/\/www.europesays.com\/fr\/wp-json\/wp\/v2\/categories?post=357882"},{"taxonomy":"post_tag","embeddable":true,"href":"https:\/\/www.europesays.com\/fr\/wp-json\/wp\/v2\/tags?post=357882"}],"curies":[{"name":"wp","href":"https:\/\/api.w.org\/{rel}","templated":true}]}}