{"id":357884,"date":"2025-09-01T08:12:41","date_gmt":"2025-09-01T08:12:41","guid":{"rendered":"https:\/\/www.europesays.com\/fr\/357884\/"},"modified":"2025-09-01T08:12:41","modified_gmt":"2025-09-01T08:12:41","slug":"cest-du-jamais-vu-la-technique-bien-rodee-des-delinquants-pour-introduire-des-armes-en-prison-a-rennes","status":"publish","type":"post","link":"https:\/\/www.europesays.com\/fr\/357884\/","title":{"rendered":"\u00ab\u00a0C\u2019est du jamais vu\u00a0\u00bb\u00a0: la technique bien rod\u00e9e des d\u00e9linquants pour introduire des armes en prison \u00e0 Rennes"},"content":{"rendered":"<p>Des consoles de jeux, des chichas, des appareils \u00e0 raclettes, des t\u00e9l\u00e9phones, de la drogue et m\u00eame\u2026 des armes. Au sein de la prison pour hommes de Rennes-Vezin, les d\u00e9tenus parviennent \u00e0 faire rentrer tout type d\u2019objets depuis l\u2019ext\u00e9rieur. Et ce, de plus en plus facilement.<\/p>\n<p>Presque chaque jour, des dizaines de colis exp\u00e9di\u00e9s par des complices volent par-dessus les murs et atterrissent au pied des b\u00e2timents. Ils sont ensuite directement r\u00e9cup\u00e9r\u00e9s par les d\u00e9tenus en cellule \u00e0 l\u2019aide de petits grappins. \u00ab Avant, c\u2019\u00e9tait seulement la nuit, maintenant, ils n\u2019h\u00e9sitent m\u00eame plus \u00e0 le faire en plein jour \u00bb, confie Florian Adam, d\u00e9l\u00e9gu\u00e9 syndical FO Justice. \u00ab \u00c7a n\u2019arr\u00eate pas, c\u2019est du jamais vu. On arrive \u00e0 en intercepter une partie, mais c\u2019est une tache immense. On ne sait plus o\u00f9 donner de la t\u00eate \u00bb.<\/p>\n<p>Perche catapulte<\/p>\n<p>Il faut dire que la technique est bien rod\u00e9e. Pour r\u00e9ussir \u00e0 tirer par-del\u00e0 les murs d\u2019enceinte, les d\u00e9linquants utilisent d\u00e9sormais des perches catapultes. Un outil destin\u00e9 aux \u00e9lagueurs professionnels qui permet de lancer avec pr\u00e9cision des petits sacs jusqu\u2018\u00e0 35 m\u00e8tres de haut.<\/p>\n<\/p>\n<p>\u00ab Certains lanceurs sont particuli\u00e8rement pr\u00e9cis car ils arrivent \u00e0 viser exactement au pied du mur des cellules \u00bb, poursuit Florian Adam. \u00ab Ils profitent d\u2019un espace o\u00f9 il n\u2019y a pas de filets de protection entre les deux maisons d\u2019arr\u00eats \u00bb.<\/p>\n<p>Pour tenter de contrer ce ph\u00e9nom\u00e8ne, des interpellations ont parfois lieu \u00e0 l\u2019ext\u00e9rieur de la prison. \u00ab C\u2019est encore trop rare \u00bb, regrette le syndicaliste. Des fouilles en cellule sont aussi r\u00e9guli\u00e8rement organis\u00e9es pour essayer de mettre la main sur les objets r\u00e9cup\u00e9r\u00e9s par les d\u00e9tenus.<\/p>\n<blockquote><p>On y a r\u00e9cup\u00e9r\u00e9 une lame de 20 centim\u00e8tres<\/p><\/blockquote>\n<p>Un nouveau cap semble toutefois avoir \u00e9t\u00e9 franchi r\u00e9cemment. D\u2019apr\u00e8s FO, une pluie de projections de colis s\u2019est abattue sur le toit du quartier d\u2019isolement jeudi 21 ao\u00fbt. \u00ab C\u2019est l\u00e0 que sont enferm\u00e9s les d\u00e9tenus les plus dangereux. On a r\u00e9cup\u00e9r\u00e9 une lame de 20 centim\u00e8tres, c\u2019est d\u00e9lirant. S\u2019ils peuvent se procurer des armes par ce biais, c\u2019est un vrai danger pour le personnel. Il faut r\u00e9agir avant que quelque chose de grave se produise \u00bb.<\/p>\n<p>La direction cherche des solutions<\/p>\n<p>Contact\u00e9e par Le T\u00e9l\u00e9gramme, la direction interr\u00e9gionale des services p\u00e9nitentiaires Grand-Ouest confirme que le ph\u00e9nom\u00e8ne des projections est bien identifi\u00e9. \u00ab Cela concerne la plupart des \u00e9tablissements p\u00e9nitentiaires notamment ceux situ\u00e9s dans les centres urbains ou p\u00e9ri urbains. L\u2019entr\u00e9e de produits interdits (dangereux ou non) est une br\u00e8che s\u00e9curitaire (pour les personnels comme pour les personnes d\u00e9tenues, les partenaires et les intervenants ext\u00e9rieurs), car elle nourrit aussi les trafics en d\u00e9tention \u00bb.<\/p>\n<p>L\u2019administration p\u00e9nitentiaire indique s\u2019adapter \u00e0 ces nouvelles menaces s\u00e9curitaires en agissant sur des leviers multiples et compl\u00e9mentaires. \u00ab La lutte contre les projections n\u00e9cessite une approche globale int\u00e9grant pr\u00e9vention et sanctions (pour les personnes d\u00e9tenues, comme pour les auteurs de ces projections ext\u00e9rieures), s\u00e9curit\u00e9 passive (avec l\u2019acquisition de mat\u00e9riels de s\u00e9curit\u00e9), mais aussi dynamique (fouilles de cellules, cr\u00e9ation d\u2019une \u00e9quipe locale de s\u00e9curit\u00e9 p\u00e9nitentiaire au centre p\u00e9nitentiaire de Rennes Vezin-le-Coquet).<\/p>\n<p>Elle rappelle \u00e9galement l\u2019important de la collaboration avec les forces de s\u00e9curit\u00e9 int\u00e9rieures \u00ab qui interviennent r\u00e9guli\u00e8rement aux abords de l\u2019\u00e9tablissement pour proc\u00e9der, sous le contr\u00f4le du procureur de la R\u00e9publique \u00e0 des interpellations des auteurs de ces projections ext\u00e9rieures \u00bb. Pas suffisant pour le syndicat FO Justice qui demande des mesures concr\u00e8tes. \u00ab Et rapidement, avant que des vies soient bris\u00e9es \u00bb.<\/p>\n","protected":false},"excerpt":{"rendered":"Des consoles de jeux, des chichas, des appareils \u00e0 raclettes, des t\u00e9l\u00e9phones, de la drogue et m\u00eame\u2026 des&hellip;\n","protected":false},"author":2,"featured_media":357885,"comment_status":"","ping_status":"","sticky":false,"template":"","format":"standard","meta":{"footnotes":""},"categories":[2821],"tags":[1111,11,829,765,1777,674,1011,27,848,12,584,25],"class_list":{"0":"post-357884","1":"post","2":"type-post","3":"status-publish","4":"format-standard","5":"has-post-thumbnail","7":"category-rennes","8":"tag-actu","9":"tag-actualites","10":"tag-bretagne","11":"tag-en-continu","12":"tag-eu","13":"tag-europe","14":"tag-fr","15":"tag-france","16":"tag-ille-et-vilaine","17":"tag-news","18":"tag-rennes","19":"tag-republique-francaise"},"share_on_mastodon":{"url":"https:\/\/pubeurope.com\/@fr\/115128037732581193","error":""},"_links":{"self":[{"href":"https:\/\/www.europesays.com\/fr\/wp-json\/wp\/v2\/posts\/357884","targetHints":{"allow":["GET"]}}],"collection":[{"href":"https:\/\/www.europesays.com\/fr\/wp-json\/wp\/v2\/posts"}],"about":[{"href":"https:\/\/www.europesays.com\/fr\/wp-json\/wp\/v2\/types\/post"}],"author":[{"embeddable":true,"href":"https:\/\/www.europesays.com\/fr\/wp-json\/wp\/v2\/users\/2"}],"replies":[{"embeddable":true,"href":"https:\/\/www.europesays.com\/fr\/wp-json\/wp\/v2\/comments?post=357884"}],"version-history":[{"count":0,"href":"https:\/\/www.europesays.com\/fr\/wp-json\/wp\/v2\/posts\/357884\/revisions"}],"wp:featuredmedia":[{"embeddable":true,"href":"https:\/\/www.europesays.com\/fr\/wp-json\/wp\/v2\/media\/357885"}],"wp:attachment":[{"href":"https:\/\/www.europesays.com\/fr\/wp-json\/wp\/v2\/media?parent=357884"}],"wp:term":[{"taxonomy":"category","embeddable":true,"href":"https:\/\/www.europesays.com\/fr\/wp-json\/wp\/v2\/categories?post=357884"},{"taxonomy":"post_tag","embeddable":true,"href":"https:\/\/www.europesays.com\/fr\/wp-json\/wp\/v2\/tags?post=357884"}],"curies":[{"name":"wp","href":"https:\/\/api.w.org\/{rel}","templated":true}]}}