{"id":357888,"date":"2025-09-01T08:25:12","date_gmt":"2025-09-01T08:25:12","guid":{"rendered":"https:\/\/www.europesays.com\/fr\/357888\/"},"modified":"2025-09-01T08:25:12","modified_gmt":"2025-09-01T08:25:12","slug":"nice-interdit-la-vente-de-protoxyde-dazote-aux-particuliers-majeurs-des-le","status":"publish","type":"post","link":"https:\/\/www.europesays.com\/fr\/357888\/","title":{"rendered":"Nice interdit la vente de protoxyde d\u2019azote aux particuliers majeurs d\u00e8s le (\u2026)"},"content":{"rendered":"<p>                    <img loading=\"lazy\" decoding=\"async\" src=\"https:\/\/www.europesays.com\/fr\/wp-content\/uploads\/2025\/09\/897bcba38574867148a2b20a6a4066.png\" class=\"img-responsive post-image\" width=\"680\" height=\"510\" alt=\"Nice interdit la vente de\" title=\"Nice interdit la vente de protoxyde d'azote aux particuliers majeurs d\u00e8s le 1er octobre\"\/><\/p>\n<p class=\"chapo\">\u00c0 partir du 1er octobre 2025, la vente de protoxyde d\u2019azote sera interdite aux particuliers majeurs \u00e0 Nice. Jusqu\u2019ici, seuls les mineurs ne pouvaient en acheter. D\u00e9sormais, seuls les professionnels pourront en acqu\u00e9rir, sur pr\u00e9sentation d\u2019une justification.<\/p>\n<p>Cette d\u00e9cision fait suite \u00e0 l\u2019augmentation inqui\u00e9tante de l\u2019usage d\u00e9tourn\u00e9 de ce gaz hilarant, dont la consommation entra\u00eene de graves risques neurologiques, cardiovasculaires et psychologiques.<\/p>\n<p>Le maire <strong>Christian Estrosi <\/strong> rappelle que, malgr\u00e9 l\u2019arr\u00eat\u00e9 municipal de cet \u00e9t\u00e9 interdisant consommation et d\u00e9tention sur la voie publique, les services constatent toujours une prolif\u00e9ration de cartouches et bouteilles abandonn\u00e9es. \u00ab\u00a0Apr\u00e8s l\u2019interdiction de consommation cet \u00e9t\u00e9, l\u2019interdiction de vente en octobre marque un pas d\u00e9cisif. Mais seule une loi nationale permettra d\u2019endiguer durablement ce fl\u00e9au\u00a0\u00bb, insiste le maire, qui appelle l\u2019\u00c9tat \u00e0 l\u00e9gif\u00e9rer.<\/p>\n<p>Outre la d\u00e9gradation de l\u2019espace public, le protoxyde d\u2019azote peut provoquer des troubles neurologiques, cardiovasculaires et psychologiques, et engendrer des incidents dans les installations de traitement des d\u00e9chets.<\/p>\n<p>Lire aussi\u00a0: <a href=\"https:\/\/www.petitesaffiches.fr\/politique,104\/cannes-renforce-l-interdiction-du,36703.html\" rel=\"nofollow noopener\" target=\"_blank\">Cannes renforce l\u2019interdiction du protoxyde d\u2019azote<\/a><\/p>\n<p>Visuel de une\u00a0: illustration \u00a9DR<\/p>\n","protected":false},"excerpt":{"rendered":"\u00c0 partir du 1er octobre 2025, la vente de protoxyde d\u2019azote sera interdite aux particuliers majeurs \u00e0 Nice.&hellip;\n","protected":false},"author":2,"featured_media":357889,"comment_status":"","ping_status":"","sticky":false,"template":"","format":"standard","meta":{"footnotes":""},"categories":[2819],"tags":[1111,11,2408,1777,674,1011,27,12,2401,882,25],"class_list":{"0":"post-357888","1":"post","2":"type-post","3":"status-publish","4":"format-standard","5":"has-post-thumbnail","7":"category-nice","8":"tag-actu","9":"tag-actualites","10":"tag-appels-d","11":"tag-eu","12":"tag-europe","13":"tag-fr","14":"tag-france","15":"tag-news","16":"tag-nice","17":"tag-provence-alpes-cote-dazur","18":"tag-republique-francaise"},"share_on_mastodon":{"url":"https:\/\/pubeurope.com\/@fr\/115128089216862819","error":""},"_links":{"self":[{"href":"https:\/\/www.europesays.com\/fr\/wp-json\/wp\/v2\/posts\/357888","targetHints":{"allow":["GET"]}}],"collection":[{"href":"https:\/\/www.europesays.com\/fr\/wp-json\/wp\/v2\/posts"}],"about":[{"href":"https:\/\/www.europesays.com\/fr\/wp-json\/wp\/v2\/types\/post"}],"author":[{"embeddable":true,"href":"https:\/\/www.europesays.com\/fr\/wp-json\/wp\/v2\/users\/2"}],"replies":[{"embeddable":true,"href":"https:\/\/www.europesays.com\/fr\/wp-json\/wp\/v2\/comments?post=357888"}],"version-history":[{"count":0,"href":"https:\/\/www.europesays.com\/fr\/wp-json\/wp\/v2\/posts\/357888\/revisions"}],"wp:featuredmedia":[{"embeddable":true,"href":"https:\/\/www.europesays.com\/fr\/wp-json\/wp\/v2\/media\/357889"}],"wp:attachment":[{"href":"https:\/\/www.europesays.com\/fr\/wp-json\/wp\/v2\/media?parent=357888"}],"wp:term":[{"taxonomy":"category","embeddable":true,"href":"https:\/\/www.europesays.com\/fr\/wp-json\/wp\/v2\/categories?post=357888"},{"taxonomy":"post_tag","embeddable":true,"href":"https:\/\/www.europesays.com\/fr\/wp-json\/wp\/v2\/tags?post=357888"}],"curies":[{"name":"wp","href":"https:\/\/api.w.org\/{rel}","templated":true}]}}