{"id":35789,"date":"2025-04-19T06:08:13","date_gmt":"2025-04-19T06:08:13","guid":{"rendered":"https:\/\/www.europesays.com\/fr\/35789\/"},"modified":"2025-04-19T06:08:13","modified_gmt":"2025-04-19T06:08:13","slug":"amazon-lance-une-nouvelle-camera-blink-avec-une-autonomie-de-4-ans","status":"publish","type":"post","link":"https:\/\/www.europesays.com\/fr\/35789\/","title":{"rendered":"Amazon lance une nouvelle camera Blink avec une autonomie de\u2026 4 ans\u00a0!"},"content":{"rendered":"<p>                    <b>\u2028Amazon lance en France la Blink Outdoor 4, une cam\u00e9ra de s\u00e9curit\u00e9 connect\u00e9e int\u00e9grant la d\u00e9tection de personnes via vision par ordinateur. Avec une autonomie pouvant atteindre quatre ans, elle combine flexibilit\u00e9, performance et stockage dans le cloud \u00e0 partir de 79,99\u00a0\u20ac.<\/b><\/p>\n<p>                                                                                                                                                        <img decoding=\"async\" src=\"https:\/\/www.europesays.com\/fr\/wp-content\/uploads\/2025\/04\/aa7540e8cf_amazon-lance-une-nouvelle-camera-blink-avec-une-autonomie-de-4-ans.webp.webp\" alt=\"Amazon lance une nouvelle camera Blink avec une autonomie de\u2026 4 ans\u00a0!\" width=\"1200\" height=\"838\" loading=\"lazy\"\/>        <\/p>\n<p>Une nouvelle g\u00e9n\u00e9ration de cam\u00e9ra connect\u00e9e pour la s\u00e9curit\u00e9 ext\u00e9rieure<\/p>\n<p>Amazon a officialis\u00e9 le lancement en France de la cam\u00e9ra Blink Outdoor 4, nouvelle version de sa cam\u00e9ra de surveillance ext\u00e9rieure. <b>Ce mod\u00e8le se distingue par l\u2019int\u00e9gration d\u2019une technologie qui permet, via un abonnement (entre 3 et 10 euros par mois selon la formule), de d\u00e9tecter sp\u00e9cifiquement les personnes<\/b>. Dot\u00e9e d\u2019une puce propri\u00e9taire, la cam\u00e9ra am\u00e9liore la d\u00e9tection des mouvements et limite les alertes inutiles gr\u00e2ce \u00e0 une reconnaissance plus pr\u00e9cise.<\/p>\n<p>Selon la marque, en conditions de faible luminosit\u00e9, la sensibilit\u00e9 accrue du capteur assure une meilleure qualit\u00e9 d\u2019image. <b>Son champ de vision a \u00e9t\u00e9 \u00e9largi pour couvrir une zone plus importante<\/b>, tout en conservant une autonomie pouvant atteindre deux ans avec deux piles AA.<\/p>\n<p>                                                                                                                                                        <img decoding=\"async\" src=\"https:\/\/www.europesays.com\/fr\/wp-content\/uploads\/2025\/04\/cd4f77b91c_amazon-lance-une-nouvelle-camera-blink-avec-une-autonomie-de-4-ans.webp.webp\" alt=\"Amazon lance une nouvelle camera Blink avec une autonomie de\u2026 4 ans\u00a0!\" width=\"1000\" height=\"1000\" loading=\"lazy\"\/>        <\/p>\n<p>Un syst\u00e8me \u00e9volutif avec une autonomie doubl\u00e9e<\/p>\n<p>Blink propose \u00e9galement un module d\u2019extension de piles, vendu s\u00e9par\u00e9ment ou en pack, <b>qui permet de doubler l\u2019autonomie de la cam\u00e9ra pour atteindre jusqu\u2019\u00e0 quatre ans sans changement de batterie<\/b>. Ce module est propos\u00e9 au prix de 29,99\u00a0\u20ac, ou inclus dans un ensemble \u00e0 99,99\u00a0\u20ac. <\/p>\n<p>Le mod\u00e8le est compatible avec le nouveau module de synchronisation Blink Sync Module Core, qui permet le stockage vid\u00e9o dans le cloud. <b>Il est possible de connecter jusqu\u2019\u00e0 dix cam\u00e9ras \u00e0 ce syst\u00e8me<\/b>, histoire de centraliser la gestion des images et alertes.<\/p>\n<p>Int\u00e9gration avec Alexa<\/p>\n<p>La cam\u00e9ra Blink Outdoor 4 a \u00e9t\u00e9 con\u00e7ue pour une installation flexible gr\u00e2ce \u00e0 un bo\u00eetier compact et r\u00e9sistant aux intemp\u00e9ries. <b>Via l\u2019application Blink, les utilisateurs peuvent d\u00e9finir des zones de confidentialit\u00e9 pour limiter les enregistrements \u00e0 certaines zones sp\u00e9cifiques<\/b>, comme leur propri\u00e9t\u00e9, en excluant les alentours.<\/p>\n<p>L\u2019appareil est compatible avec Alexa, pour permettre un pilotage vocal, <b>la consultation du flux en direct ou encore l\u2019activation de routines via les appareils Echo<\/b>. Cette int\u00e9gration doit faciliter l\u2019utilisation au quotidien sans n\u00e9cessiter d\u2019intervention manuelle.<\/p>\n<p>                                                                                                                                                        <img decoding=\"async\" src=\"https:\/\/www.europesays.com\/fr\/wp-content\/uploads\/2025\/04\/2a50502170_amazon-lance-une-nouvelle-camera-blink-avec-une-autonomie-de-4-ans.webp.webp\" alt=\"Amazon lance une nouvelle camera Blink avec une autonomie de\u2026 4 ans\u00a0!\" width=\"1000\" height=\"1000\" loading=\"lazy\"\/>        <\/p>\n<p>Abonnement optionnel<\/p>\n<p>Avec un abonnement <a href=\"https:\/\/www.mac4ever.com\/domotique\/182386-une-camera-compacte-pour-l-interieur-et-l-exterieur-chez-blink-avec-la-mini-2\" target=\"_blank\" rel=\"noopener\">Blink<\/a>, les utilisateurs ont acc\u00e8s \u00e0 des fonctions avanc\u00e9es comme la d\u00e9tection des personnes, un stockage prolong\u00e9 de clips (jusqu\u2019\u00e0 30 jours), ou encore la consultation instantan\u00e9e des vid\u00e9os enregistr\u00e9es. <b>Un essai gratuit de 30 jours \u00e0 Blink Plus est inclus avec tout achat de la cam\u00e9ra<\/b>.<\/p>\n<p><a href=\"https:\/\/www.mac4ever.com\/ia\/187577-amazon-declare-la-guerre-a-l-ia-dans-les-entretiens-d-embauche\" target=\"_blank\" rel=\"noopener\">Amazon<\/a> met \u00e9galement en avant des mesures de protection des donn\u00e9es, avec un chiffrement des communications entre les appareils et les serveurs, et un h\u00e9bergement s\u00e9curis\u00e9 en Europe. <b>Les syst\u00e8mes peuvent \u00eatre d\u00e9sactiv\u00e9s \u00e0 distance, ce qui interrompt directement toute captation audio ou vid\u00e9o<\/b>.<\/p>\n<p>La cam\u00e9ra Blink Outdoor 4 est disponible sur Amazon.fr \u00e0 partir de 79,99\u00a0\u20ac, <b>avec des options suppl\u00e9mentaires comme le stockage cloud<\/b> et l\u2019extension de batterie.<\/p>\n","protected":false},"excerpt":{"rendered":"\u2028Amazon lance en France la Blink Outdoor 4, une cam\u00e9ra de s\u00e9curit\u00e9 connect\u00e9e int\u00e9grant la d\u00e9tection de personnes&hellip;\n","protected":false},"author":2,"featured_media":35790,"comment_status":"","ping_status":"","sticky":false,"template":"","format":"standard","meta":{"footnotes":""},"categories":[7],"tags":[11583,1011,27,43,40,41,39,42,44],"class_list":{"0":"post-35789","1":"post","2":"type-post","3":"status-publish","4":"format-standard","5":"has-post-thumbnail","7":"category-sciences-et-technologies","8":"tag-blink","9":"tag-fr","10":"tag-france","11":"tag-science","12":"tag-science-and-technology","13":"tag-sciences","14":"tag-sciences-et-technologies","15":"tag-technologies","16":"tag-technology"},"share_on_mastodon":{"url":"https:\/\/pubeurope.com\/@fr\/114363138306341744","error":""},"_links":{"self":[{"href":"https:\/\/www.europesays.com\/fr\/wp-json\/wp\/v2\/posts\/35789","targetHints":{"allow":["GET"]}}],"collection":[{"href":"https:\/\/www.europesays.com\/fr\/wp-json\/wp\/v2\/posts"}],"about":[{"href":"https:\/\/www.europesays.com\/fr\/wp-json\/wp\/v2\/types\/post"}],"author":[{"embeddable":true,"href":"https:\/\/www.europesays.com\/fr\/wp-json\/wp\/v2\/users\/2"}],"replies":[{"embeddable":true,"href":"https:\/\/www.europesays.com\/fr\/wp-json\/wp\/v2\/comments?post=35789"}],"version-history":[{"count":0,"href":"https:\/\/www.europesays.com\/fr\/wp-json\/wp\/v2\/posts\/35789\/revisions"}],"wp:featuredmedia":[{"embeddable":true,"href":"https:\/\/www.europesays.com\/fr\/wp-json\/wp\/v2\/media\/35790"}],"wp:attachment":[{"href":"https:\/\/www.europesays.com\/fr\/wp-json\/wp\/v2\/media?parent=35789"}],"wp:term":[{"taxonomy":"category","embeddable":true,"href":"https:\/\/www.europesays.com\/fr\/wp-json\/wp\/v2\/categories?post=35789"},{"taxonomy":"post_tag","embeddable":true,"href":"https:\/\/www.europesays.com\/fr\/wp-json\/wp\/v2\/tags?post=35789"}],"curies":[{"name":"wp","href":"https:\/\/api.w.org\/{rel}","templated":true}]}}