{"id":357890,"date":"2025-09-01T08:26:11","date_gmt":"2025-09-01T08:26:11","guid":{"rendered":"https:\/\/www.europesays.com\/fr\/357890\/"},"modified":"2025-09-01T08:26:11","modified_gmt":"2025-09-01T08:26:11","slug":"legal-design-agency-choisit-nice-cote-dazur","status":"publish","type":"post","link":"https:\/\/www.europesays.com\/fr\/357890\/","title":{"rendered":"Legal Design Agency choisit Nice C\u00f4te d\u2019Azur"},"content":{"rendered":"<p><img loading=\"lazy\" decoding=\"async\" width=\"700\" height=\"700\" src=\"data:image\/svg+xml,%3Csvg%20xmlns=\" http:=\"\" alt=\"Legal Design Agency - Madina Ibrahimkhel\" class=\"wp-image-24413\" data-lazy- data-lazy- data-lazy-src=\"https:\/\/www.europesays.com\/fr\/wp-content\/uploads\/2025\/09\/Legal-Design-Agency-Madina-Ibrahimkhel.jpg\"\/><\/p>\n<p>Pionni\u00e8re du legal design sur la C\u00f4te d\u2019Azur, <a href=\"https:\/\/www.legaldesignagency.com\/\" rel=\"nofollow noopener\" target=\"_blank\">Legal Design Agency<\/a>\u00a0\u2014 fond\u00e9e par Madina IbrahimkKhel (en photo) \u2014 transforme les documents juridiques complexes\u00a0tels que les\u00a0contrats, CGV\/CGU, politiques de RGPD\/compliance ou encore  pactes d\u2019actionnaires en supports clairs, visuels et actionnables pour les particuliers, entrepreneurs\u00a0(startups, PME\/ETI) ou directions juridiques.<\/p>\n<p>Son choix d\u2019implantation \u00e0 Nice est un arbitrage business : fili\u00e8res strat\u00e9giques d\u00e9velopp\u00e9es (sant\u00e9, sport, deeptech, luxe\/immobilier), ouverture internationale (Monaco, Italie, a\u00e9roport) et culture du design, avec un avantage de pionnier face \u00e0 des march\u00e9s plus satur\u00e9s.<\/p>\n<p>Avec Team Nice C\u00f4te d\u2019Azur comme connecteur \u2014 cartographie des \u00e9cosyst\u00e8mes, mises en relation, immersion \u00e9v\u00e9nementielle \u2014 la feuille de route s\u2019\u00e9toffe avec \u00e0 terme des projets de d\u00e9veloppement d\u2019un p\u00f4le Legal Design &amp; IA, une marque blanche pour cabinets et des formations pour \u00e9tudiants-entrepreneurs.<\/p>\n<p>Notre entretien avec Madina Ibrahimkhel, Fondatrice de Legal Design Agency \u00e0 Nice<\/p>\n<p>Pouvez-vous pr\u00e9senter Legal Design Agency. Quelles sont vos sp\u00e9cificit\u00e9s et \u00e0 qui s\u2019adresse votre offre ?<\/p>\n<p>Legal Design Agency est une LegalTech implant\u00e9e \u00e0 Nice en 2025. Dans le d\u00e9veloppement de cette entreprise innovante dans le domaine juridique, mon parcours d\u2019avocate en droit des affaires a permis d\u2019\u00e9clairer ma vision et mettre \u00e0 profit mon exigence de rigueur.<\/p>\n<p>Notre m\u00e9tier consiste \u00e0 transformer des documents juridiques denses et complexes \u2014 contrats commerciaux, CGV\/CGU, politiques RGPD et compliance, pactes d\u2019actionnaires, statuts \u2014 en supports clairs, visuels et centr\u00e9s sur l\u2019utilisateur, compr\u00e9hensibles par des non-juristes et align\u00e9s sur l\u2019identit\u00e9 de marque.<\/p>\n<p>Notre diff\u00e9rence, c\u2019est la m\u00e9thode : nous marions droit, design graphique et exp\u00e9rience utilisateur.<\/p>\n<p>Nous partons du besoin r\u00e9el du client, nous hi\u00e9rarchisons l\u2019information, nous transformons sous format visuel tout ce qui peut l\u2019\u00eatre, sans renoncer \u00e0 la rigueur\u00a0et \u00e0 la conformit\u00e9 juridiques.<\/p>\n<p>\u00c0 la cl\u00e9 : des d\u00e9cisions plus rapides, moins de frictions post-signature, une adoption interne nettement meilleure, et des outils de facilitation pour mieux comprendre le droit et en faire un atout dans la prise de d\u00e9cision.<\/p>\n<p>L\u2019offre s\u2019adresse dans un premier temps aux startups et scale-ups qui doivent aller vite sans perdre en conformit\u00e9, mais aussi aux PME\/ETI et aux directions juridiques de grands comptes.<\/p>\n<p>Nous intervenons autant en transformation d\u2019existant qu\u2019en cr\u00e9ation sur mesure, pr\u00e9c\u00e9d\u00e9es d\u2019un audit pour cartographier obligations et possibles points bloquants.<\/p>\n<p>Nous formons d\u00e9j\u00e0 les juristes \u00e0 la m\u00e9thode et, tr\u00e8s bient\u00f4t, les jeunes entrepreneurs.<\/p>\n<p>Pourquoi avoir choisi Nice C\u00f4te d\u2019Azur comme lieu d\u2019implantation ?<\/p>\n<p>C\u2019est un choix d\u2019implantation rationnel, dict\u00e9 par le march\u00e9. Nice concentre des fili\u00e8res o\u00f9 la r\u00e9glementation structure la cr\u00e9ation de valeur : sant\u00e9\/biotech, sport\/fittech, num\u00e9rique\/deeptech, luxe, immobilier.<\/p>\n<p>Dans ces \u00e9cosyst\u00e8mes, la clart\u00e9 juridique n\u2019est pas un \u201cplus\u201d, c\u2019est un avantage comp\u00e9titif.<\/p>\n<p>La proximit\u00e9 de Monaco et de l\u2019Italie, la connectivit\u00e9 de l\u2019a\u00e9roport Nice C\u00f4te d\u2019Azur et la pr\u00e9sence d\u2019investisseurs \u00e9trangers tirent le territoire vers l\u2019international ; cela impose des documents comparables, multilingues et p\u00e9dagogiques \u2014 ce qui correspond exactement \u00e0 notre domaine d\u2019activit\u00e9.<\/p>\n<p>Il y a aussi ici une culture du design et de l\u2019esth\u00e9tique tr\u00e8s affirm\u00e9e, y compris en B2B, qui facilite l\u2019adoption d\u2019outils juridiques visuels.<\/p>\n<p>Face \u00e0 Paris, plus satur\u00e9 et plus co\u00fbteux, Nice offre un excellent rapport co\u00fbt-opportunit\u00e9, une vitesse d\u2019acc\u00e8s au march\u00e9, et \u2014 il faut le dire \u2014 un avantage de pionnier pour une agence de legal design.<\/p>\n<p>Quels sont vos projets de d\u00e9veloppement sur le territoire ?<\/p>\n<p>Trois chantiers structurants sont \u00e0 l\u2019ordre du jour.<\/p>\n<p>Tout d\u2019abord, la cr\u00e9ation \u00e0 Nice d\u2019un p\u00f4le Legal Design &amp; IA en partenariat avec des startups locales, afin de d\u00e9velopper des outils intelligents de simplification, de visualisation et d\u2019automatisation documentaire. L\u2019objectif est de standardiser la qualit\u00e9 tout en gagnant en clart\u00e9 pour les utilisateurs et de r\u00e9duire les cycles de validation.<\/p>\n<p>Ensuite, une offre en marque blanche \u00e0 destination des cabinets d\u2019avocats et des directions juridiques qui souhaitent moderniser leurs livrables sans repartir de z\u00e9ro, tout en respectant leurs chartes.<\/p>\n<p>Enfin, l\u2019\u00e9largissement de notre volet formation vers les \u00e9tudiants-entrepreneurs et jeunes fondateurs des \u00e9coles et universit\u00e9s du territoire, pour int\u00e9grer le juridique comme levier strat\u00e9gique d\u00e8s l\u2019id\u00e9ation.<\/p>\n<p>C\u00f4t\u00e9 organisation, nous structurons un duo p\u00f4le design \/ p\u00f4le juridique et visons une \u00e9quipe resserr\u00e9e de 4 personnes \u00a0\u00e0 trois ans pour conserver notre agilit\u00e9.<\/p>\n<p>Quel r\u00f4le a jou\u00e9 Team Nice C\u00f4te d\u2019Azur dans ce choix d\u2019implantation ?<\/p>\n<p>Un r\u00f4le de connecteur et de catalyseur. Team Nice C\u00f4te d\u2019Azur nous a permis de lire tr\u00e8s rapidement les particularit\u00e9s du territoire et d\u2019opter pour Nice : cartographie des fili\u00e8res porteuses, rencontres qualifi\u00e9es avec startups, centres de recherche et grands comptes, et immersion dans les \u00e9v\u00e9nements pertinents en sant\u00e9, sport et tech.<\/p>\n<p>L\u2019accompagnement de Sana Bouyahia nous a permis d\u2019acc\u00e9l\u00e9rer notre positionnement. Gr\u00e2ce \u00e0 cette exposition, nous avons \u00e9largi notre ciblage au-del\u00e0 des seuls professionnels du droit pour adresser directement les acteurs innovants des secteurs r\u00e9gul\u00e9s, l\u00e0 o\u00f9 l\u2019impact du Llegal design est imm\u00e9diat : des CGV\/CGU plus transparentes, une compliance r\u00e9ellement adopt\u00e9e par les \u00e9quipes, et des pactes d\u2019actionnaires mieux compris avant les lev\u00e9es de fonds.<\/p>\n<p>En clair, Team Nice C\u00f4te d\u2019Azur nous a permis d\u2019ouvrir les bonnes portes au bon moment. Cela a s\u00e9curis\u00e9 notre choix d\u2019implantation \u00e0 Nice et raccourcit notre time-to-market sur la C\u00f4te d\u2019Azur.<\/p>\n<p>En une phrase ?<\/p>\n<p>Nice combine diversit\u00e9 sectorielle, ouverture internationale et culture du design : l\u2019endroit id\u00e9al pour permettre au droit d\u2019\u00eatre un avantage comp\u00e9titif gr\u00e2ce au legal design.<\/p>\n<p>Implantations Nice C\u00f4te d\u2019Azur<\/p>\n","protected":false},"excerpt":{"rendered":"Pionni\u00e8re du legal design sur la C\u00f4te d\u2019Azur, Legal Design Agency\u00a0\u2014 fond\u00e9e par Madina IbrahimkKhel (en photo) \u2014&hellip;\n","protected":false},"author":2,"featured_media":357891,"comment_status":"","ping_status":"","sticky":false,"template":"","format":"standard","meta":{"footnotes":""},"categories":[2819],"tags":[1111,11,1777,674,1011,27,12,2401,882,25],"class_list":{"0":"post-357890","1":"post","2":"type-post","3":"status-publish","4":"format-standard","5":"has-post-thumbnail","7":"category-nice","8":"tag-actu","9":"tag-actualites","10":"tag-eu","11":"tag-europe","12":"tag-fr","13":"tag-france","14":"tag-news","15":"tag-nice","16":"tag-provence-alpes-cote-dazur","17":"tag-republique-francaise"},"share_on_mastodon":{"url":"https:\/\/pubeurope.com\/@fr\/115128092894090470","error":""},"_links":{"self":[{"href":"https:\/\/www.europesays.com\/fr\/wp-json\/wp\/v2\/posts\/357890","targetHints":{"allow":["GET"]}}],"collection":[{"href":"https:\/\/www.europesays.com\/fr\/wp-json\/wp\/v2\/posts"}],"about":[{"href":"https:\/\/www.europesays.com\/fr\/wp-json\/wp\/v2\/types\/post"}],"author":[{"embeddable":true,"href":"https:\/\/www.europesays.com\/fr\/wp-json\/wp\/v2\/users\/2"}],"replies":[{"embeddable":true,"href":"https:\/\/www.europesays.com\/fr\/wp-json\/wp\/v2\/comments?post=357890"}],"version-history":[{"count":0,"href":"https:\/\/www.europesays.com\/fr\/wp-json\/wp\/v2\/posts\/357890\/revisions"}],"wp:featuredmedia":[{"embeddable":true,"href":"https:\/\/www.europesays.com\/fr\/wp-json\/wp\/v2\/media\/357891"}],"wp:attachment":[{"href":"https:\/\/www.europesays.com\/fr\/wp-json\/wp\/v2\/media?parent=357890"}],"wp:term":[{"taxonomy":"category","embeddable":true,"href":"https:\/\/www.europesays.com\/fr\/wp-json\/wp\/v2\/categories?post=357890"},{"taxonomy":"post_tag","embeddable":true,"href":"https:\/\/www.europesays.com\/fr\/wp-json\/wp\/v2\/tags?post=357890"}],"curies":[{"name":"wp","href":"https:\/\/api.w.org\/{rel}","templated":true}]}}