{"id":357892,"date":"2025-09-01T08:27:35","date_gmt":"2025-09-01T08:27:35","guid":{"rendered":"https:\/\/www.europesays.com\/fr\/357892\/"},"modified":"2025-09-01T08:27:35","modified_gmt":"2025-09-01T08:27:35","slug":"la-seine-maritime-placee-en-vigilance-jaune-ce-lundi","status":"publish","type":"post","link":"https:\/\/www.europesays.com\/fr\/357892\/","title":{"rendered":"la Seine-Maritime plac\u00e9e en vigilance jaune ce lundi"},"content":{"rendered":"<p>            Par<br \/>\n        <strong><br \/>\n            <a href=\"https:\/\/actu.fr\/auteur\/vanessa-leroy\" title=\"Consulter tous les articles de Vanessa Leroy\" target=\"_blank\" rel=\"noopener\">Vanessa Leroy<\/a><br \/>\n        <\/strong><\/p>\n<p>        Publi\u00e9 le<\/p>\n<p>            1 sept. 2025 \u00e0 7h44        <\/p>\n<p>Presque toute la France a \u00e9t\u00e9 plac\u00e9e <strong>en vigilance par M\u00e9t\u00e9o France<\/strong> ce lundi 1er septembre 2025. L\u2019ensemble de la Normandie \u2013 dont la <a href=\"https:\/\/actu.fr\/76actu\/\" target=\"_blank\" rel=\"noopener\">Seine-Maritime<\/a> \u2013 ne font pas exception.<\/p>\n<p>Des orages attendus cet apr\u00e8s-midi et ce soir<\/p>\n<p class=\" wall-content\">Le d\u00e9partement est concern\u00e9 par une <strong>vigilance jaune aux orages<\/strong> \u00e0 partir de 14 heures et jusqu\u2019\u00e0 20 heures.<\/p>\n<p class=\" wall-content\">\n<p class=\" wall-content\">Des averses orageuses et des orages sont en effet attendus au cours de l\u2019apr\u00e8s-midi et en d\u00e9but de soir\u00e9e.<\/p>\n<p class=\" wall-content\">M\u00e9t\u00e9o France invite donc les habitants \u00e0 \u00eatre \u00ab\u00a0attentifs\u00a0\u00bb. \u00ab\u00a0Si vous pratiquez des activit\u00e9s sensibles au risque m\u00e9t\u00e9orologique ou expos\u00e9es aux crues, des ph\u00e9nom\u00e8nes habituels dans la r\u00e9gion mais occasionnellement et localement dangereux sont en effet pr\u00e9vus.\u00a0\u00bb<\/p>\n<p>Suivez l\u2019actualit\u00e9 du <a href=\"https:\/\/www.whatsapp.com\/channel\/0029VaFqJYE8aKvLBwVrEe0o\" target=\"_blank\" rel=\"noopener\">Havre<\/a> et de <a href=\"https:\/\/www.whatsapp.com\/channel\/0029VaKfnf99hXF2ddApFB1D\" target=\"_blank\" rel=\"noopener\">Rouen<\/a> sur nos cha\u00eenes WhatsApp et <a href=\"https:\/\/www.tiktok.com\/@76actu.fr?lang=fr\" target=\"_blank\" rel=\"noopener\">sur notre compte Tik Tok<\/a><\/p>\n<p class=\" wall-content\">Personnalisez votre actualit\u00e9 en ajoutant vos villes et m\u00e9dias en favori avec <a href=\"https:\/\/moncompte.actu.fr\" title=\"D\u00e9couvez Mon Actu\" rel=\"nofollow noopener\" data-trk=\"{&quot;cta&quot;:{&quot;action&quot;:&quot;https:\\\/\\\/moncompte.actu.fr&quot;,&quot;category&quot;:&quot;mon compte&quot;,&quot;from&quot;:&quot;article footer&quot;,&quot;name&quot;:&quot;Mon actu&quot;,&quot;type&quot;:&quot;cta&quot;}}\" target=\"_blank\">Mon Actu<\/a>.<\/p>\n<p>                    <script async src=\"\/\/www.tiktok.com\/embed.js\"><\/script><\/p>\n","protected":false},"excerpt":{"rendered":"Par Vanessa Leroy Publi\u00e9 le 1 sept. 2025 \u00e0 7h44 Presque toute la France a \u00e9t\u00e9 plac\u00e9e en&hellip;\n","protected":false},"author":2,"featured_media":357894,"comment_status":"","ping_status":"","sticky":false,"template":"","format":"standard","meta":{"footnotes":""},"categories":[9587],"tags":[1111,11,1777,674,1011,27,2487,2357,12,5161,4594,25,9590],"class_list":{"0":"post-357892","1":"post","2":"type-post","3":"status-publish","4":"format-standard","5":"has-post-thumbnail","7":"category-rouen","8":"tag-actu","9":"tag-actualites","10":"tag-eu","11":"tag-europe","12":"tag-fr","13":"tag-france","14":"tag-meteo","15":"tag-meteo-france","16":"tag-news","17":"tag-normandie","18":"tag-orages","19":"tag-republique-francaise","20":"tag-rouen"},"share_on_mastodon":{"url":"","error":""},"_links":{"self":[{"href":"https:\/\/www.europesays.com\/fr\/wp-json\/wp\/v2\/posts\/357892","targetHints":{"allow":["GET"]}}],"collection":[{"href":"https:\/\/www.europesays.com\/fr\/wp-json\/wp\/v2\/posts"}],"about":[{"href":"https:\/\/www.europesays.com\/fr\/wp-json\/wp\/v2\/types\/post"}],"author":[{"embeddable":true,"href":"https:\/\/www.europesays.com\/fr\/wp-json\/wp\/v2\/users\/2"}],"replies":[{"embeddable":true,"href":"https:\/\/www.europesays.com\/fr\/wp-json\/wp\/v2\/comments?post=357892"}],"version-history":[{"count":0,"href":"https:\/\/www.europesays.com\/fr\/wp-json\/wp\/v2\/posts\/357892\/revisions"}],"wp:featuredmedia":[{"embeddable":true,"href":"https:\/\/www.europesays.com\/fr\/wp-json\/wp\/v2\/media\/357894"}],"wp:attachment":[{"href":"https:\/\/www.europesays.com\/fr\/wp-json\/wp\/v2\/media?parent=357892"}],"wp:term":[{"taxonomy":"category","embeddable":true,"href":"https:\/\/www.europesays.com\/fr\/wp-json\/wp\/v2\/categories?post=357892"},{"taxonomy":"post_tag","embeddable":true,"href":"https:\/\/www.europesays.com\/fr\/wp-json\/wp\/v2\/tags?post=357892"}],"curies":[{"name":"wp","href":"https:\/\/api.w.org\/{rel}","templated":true}]}}