{"id":357893,"date":"2025-09-01T08:27:36","date_gmt":"2025-09-01T08:27:36","guid":{"rendered":"https:\/\/www.europesays.com\/fr\/357893\/"},"modified":"2025-09-01T08:27:36","modified_gmt":"2025-09-01T08:27:36","slug":"les-microalgues-pour-contrer-alzheimer-le-pari-dune-start-up-nantaise","status":"publish","type":"post","link":"https:\/\/www.europesays.com\/fr\/357893\/","title":{"rendered":"Les microalgues pour contrer Alzheimer, le pari d\u2019une start-up nantaise"},"content":{"rendered":"<p>Les microalgues sont-elles la solution pour lutter contre les maladies neurod\u00e9g\u00e9n\u00e9ratives telles que Parkinson, Alzheimer ou la schizophr\u00e9nie\u00a0? La r\u00e9ponse qu\u2019apporte \u00e0 cette question le Nantais Beno\u00eet Serive prend la forme d\u2019une start-up,<a href=\"https:\/\/bc-discovery.com\/\" target=\"_blank\" rel=\"nofollow noopener\"> BlueCare Discovery<\/a>, o\u00f9 science et nature sont alli\u00e9es.<\/p>\n<p>Qui est-il\u00a0?<\/p>\n<p>Le n\u00e9oentrepreneur &#8230;<\/p>\n<p>\u00a0<\/p>\n","protected":false},"excerpt":{"rendered":"Les microalgues sont-elles la solution pour lutter contre les maladies neurod\u00e9g\u00e9n\u00e9ratives telles que Parkinson, Alzheimer ou la schizophr\u00e9nie\u00a0?&hellip;\n","protected":false},"author":2,"featured_media":357895,"comment_status":"","ping_status":"","sticky":false,"template":"","format":"standard","meta":{"footnotes":""},"categories":[2818],"tags":[1111,11,772,49372,1777,674,1011,27,49371,7127,766,12,27425,2636,25,675],"class_list":{"0":"post-357893","1":"post","2":"type-post","3":"status-publish","4":"format-standard","5":"has-post-thumbnail","7":"category-nantes","8":"tag-actu","9":"tag-actualites","10":"tag-alzheimer","11":"tag-contrer","12":"tag-eu","13":"tag-europe","14":"tag-fr","15":"tag-france","16":"tag-microalgues","17":"tag-nantaise","18":"tag-nantes","19":"tag-news","20":"tag-pari","21":"tag-pays-de-la-loire","22":"tag-republique-francaise","23":"tag-start-up"},"share_on_mastodon":{"url":"https:\/\/pubeurope.com\/@fr\/115128096782521506","error":""},"_links":{"self":[{"href":"https:\/\/www.europesays.com\/fr\/wp-json\/wp\/v2\/posts\/357893","targetHints":{"allow":["GET"]}}],"collection":[{"href":"https:\/\/www.europesays.com\/fr\/wp-json\/wp\/v2\/posts"}],"about":[{"href":"https:\/\/www.europesays.com\/fr\/wp-json\/wp\/v2\/types\/post"}],"author":[{"embeddable":true,"href":"https:\/\/www.europesays.com\/fr\/wp-json\/wp\/v2\/users\/2"}],"replies":[{"embeddable":true,"href":"https:\/\/www.europesays.com\/fr\/wp-json\/wp\/v2\/comments?post=357893"}],"version-history":[{"count":0,"href":"https:\/\/www.europesays.com\/fr\/wp-json\/wp\/v2\/posts\/357893\/revisions"}],"wp:featuredmedia":[{"embeddable":true,"href":"https:\/\/www.europesays.com\/fr\/wp-json\/wp\/v2\/media\/357895"}],"wp:attachment":[{"href":"https:\/\/www.europesays.com\/fr\/wp-json\/wp\/v2\/media?parent=357893"}],"wp:term":[{"taxonomy":"category","embeddable":true,"href":"https:\/\/www.europesays.com\/fr\/wp-json\/wp\/v2\/categories?post=357893"},{"taxonomy":"post_tag","embeddable":true,"href":"https:\/\/www.europesays.com\/fr\/wp-json\/wp\/v2\/tags?post=357893"}],"curies":[{"name":"wp","href":"https:\/\/api.w.org\/{rel}","templated":true}]}}