{"id":357896,"date":"2025-09-01T08:28:16","date_gmt":"2025-09-01T08:28:16","guid":{"rendered":"https:\/\/www.europesays.com\/fr\/357896\/"},"modified":"2025-09-01T08:28:16","modified_gmt":"2025-09-01T08:28:16","slug":"vainqueur-surprise-de-la-primaire-lr-le-candidat-foulques-chombart-de-lauwe-parviendra-t-il-a-rallier-les-centristes-a-nantes","status":"publish","type":"post","link":"https:\/\/www.europesays.com\/fr\/357896\/","title":{"rendered":"Vainqueur surprise de la primaire LR, le candidat Foulques Chombart de Lauwe parviendra-t-il \u00e0 rallier les centristes \u00e0 Nantes ?"},"content":{"rendered":"<p class=\"article__intro\">Il n&rsquo;a rien l\u00e2ch\u00e9. Lanc\u00e9 dans la course depuis 2023, le conseiller municipal LR Foulques Chombart de Lauwe s&rsquo;\u00e9tait battu bec et ongles pour obtenir une primaire. Ce dimanche 31 ao\u00fbt, 67 % des 1000 adh\u00e9rents Les R\u00e9publicains l&rsquo;ont tr\u00e8s largement \u00e9lu. La campagne s&rsquo;annonce muscl\u00e9e.<\/p>\n<p>\n      L\u2019actu des r\u00e9gions\n    <\/p>\n<p>\n      Chaque jour, un tour d\u2019horizon des principales infos de toutes les r\u00e9gions.\n    <\/p>\n<p>    France T\u00e9l\u00e9visions utilise votre adresse e-mail afin de vous envoyer la newsletter \u00ab\u00a0L\u2019actu des r\u00e9gions\u00a0\u00bb. Vous pouvez vous d\u00e9sinscrire \u00e0 tout moment via le lien en bas de cette newsletter. <a target=\"_blank\" href=\"https:\/\/www.francetelevisions.fr\/groupe\/confidentialite\/politique-de-confidentialite\/politique-de-confidentialite-de-france-televisions-6503\" rel=\"nofollow noopener\">Notre politique de confidentialit\u00e9<\/a><\/p>\n<p>Personne ne l&rsquo;avait vu venir. C&rsquo;est pourtant bien lui qui a remport\u00e9 haut la main la primaire LR. Avec 62 % des votes, Foulques Chombart de Lauwe a contre toute attente \u00e9cras\u00e9 son adversaire Julien Bainvel, pourtant adoub\u00e9 par la s\u00e9natrice Laurence Garnier, chef de file de la droite nantaise et candidate d\u00e9faite par deux fois face \u00e0 Johanna Rolland en 2014 et 2020.<\/p>\n<blockquote class=\"ftvi_content_quote\">\n<p class=\"ftvi_citation_quote\">En me choisissant, ils ont choisi la rupture<\/p>\n<p>Foulque Chombart de Lauwe<\/p>\n<p class=\"ftvi_citation_source\">Vainqueur de la primaire LR, candidat aux municipales de Nantes<\/p>\n<\/blockquote>\n<p>\u00ab\u00a0Avant de convaincre l\u2019ensemble des Nantais, il \u00e9tait essentiel de convaincre ma famille politique\u00a0\u00bb, ajoute le vainqueur de la primaire.<\/p>\n<p>\u00ab\u00a0Cette primaire, je l\u2019ai appel\u00e9e de mes v\u0153ux il y a plusieurs mois, car elle \u00e9tait le seul moyen de permettre aux adh\u00e9rents d\u2019exprimer leur choix. Ce processus d\u00e9mocratique a ainsi r\u00e9pondu au l\u00e9gitime besoin de consultation et illustre la capacit\u00e9 de ma famille politique \u00e0 innover dans ses pratiques. Ce n\u2019est qu\u2019une premi\u00e8re \u00e9tape, mais elle nous donne la l\u00e9gitimit\u00e9 n\u00e9cessaire pour avancer vers la victoire en mars 2026\u00a0\u00bb, pr\u00e9cise le candidat LR.<\/p>\n<p>\u00ab\u00a0Je veux remercier notre pr\u00e9sident Bruno Retailleau qui a souhait\u00e9 que les adh\u00e9rents puissent s\u2019exprimer. Enfin, je veux saluer Julien Bainvel, qui a d\u00e9fendu son projet, sa ligne politique avec \u00e9nergie et avec qui nous avons su mener une campagne digne\u00a0\u00bb, \u00e9crit Foulques Chombart de Lauwe.<\/p>\n<p>\u00ab\u00a0Il a toute sa place dans l\u2019\u00e9quipe que nous allons b\u00e2tir pour gagner Nantes l\u2019an prochain. Nous allons d\u00e9sormais poursuivre la campagne pour amplifier cette dynamique en unissant nos forces et nos id\u00e9es.\u00a0\u00bb<\/p>\n<blockquote class=\"ftvi_content_quote\">\n<p class=\"ftvi_citation_quote\">Je continuerai \u00e0 casser les codes, \u00e0 bouleverser les \u00e9quilibres, \u00e0 innover dans la mani\u00e8re de s&rsquo;adresser aux Nantais<\/p>\n<p>Foulques Chombart de Lauwe<\/p>\n<p class=\"ftvi_citation_source\">Vainqueur de la primaire LR, candidat aux municipales de Nantes<\/p>\n<\/blockquote>\n<p>\u00ab\u00a0\u00c0 partir de maintenant, il nous faut \u0153uvrer \u00e0 la grande coalition avec le centre qui permettra de \u201cvirer Johanna Rolland\u201d, conclut-il.<\/p>\n<p>\u00ab\u00a0Les adh\u00e9rents LR ont vot\u00e9 en faveur de la candidature de Foulques Chombart de Lauwe. Je le f\u00e9licite pour sa campagne et sa victoire et prends acte de cette d\u00e9cision. Je remercie les adh\u00e9rents qui m\u2019ont fait confiance et tous ceux qui m\u2019ont accompagn\u00e9 dans cette campagne interne\u00a0\u00bb, a d\u00e9clar\u00e9 le grand perdant de cette primaire.<\/p>\n<blockquote class=\"ftvi_content_quote\">\n<p class=\"ftvi_citation_quote\">Foulques Chombart de Lauwe a \u00e0 pr\u00e9sent la lourde responsabilit\u00e9 de proposer les conditions de l\u2019union la plus large possible pour Nantes et les Nantais. La division au 1er tour serait synonyme d\u2019une d\u00e9faite assur\u00e9e. Nantes m\u00e9rite qu&rsquo;on se batte pour elle<\/p>\n<p>Julien Bainvel<\/p>\n<p class=\"ftvi_citation_source\">Perdant de la primaire LR<\/p>\n<\/blockquote>\n<p>La question qui se pose d\u00e9sormais ? Les centristes sont-ils pr\u00eats \u00e0 rallier celui qui est d\u00e9crit comme un politique \u00ab\u00a0agressif\u00a0\u00bb y compris par son propre camp ?<\/p>\n<p>\u00ab\u00a0Pour notre part, nous restons pro-europ\u00e9ens, pragmatiques et ouverts, convaincus que les bonnes id\u00e9es doivent \u00eatre retenues, d&rsquo;o\u00f9 qu&rsquo;elles viennent, \u00e9crivent les \u00e9lus d\u00e9mocrates et progressistes nantais dans un communiqu\u00e9. S\u00e9curit\u00e9, emploi, logement, \u00e9cologie, \u00e9ducation, culture, sport, handicap : tous ces enjeux doivent \u00eatre trait\u00e9s avec s\u00e9rieux, m\u00e9thode et esprit de rassemblement.\u00a0\u00bb<\/p>\n<blockquote class=\"ftvi_content_quote\">\n<p class=\"ftvi_citation_quote\">Notre cap reste clair : rassembler au-del\u00e0 des clivages pour b\u00e2tir une alternative cr\u00e9dible et ambitieuse. L&rsquo;heure est venue de rassembler les bonnes volont\u00e9s de la droite, du centre et de la gauche<\/p>\n<p>Elus d\u00e9mocrates et progressistes de Nantes<\/p>\n<p class=\"ftvi_citation_source\">Coumuniqu\u00e9 de presse<\/p>\n<\/blockquote>\n<p>Une r\u00e9union avec les militants est pr\u00e9vue samedi prochain pour envisager la suite, a annonc\u00e9 la centriste Sarah El Ha\u00efry. Elle doit prochainement rencontrer Foulques Chombart de Lauwe.<\/p>\n<p>\u00ab\u00a0Il si\u00e8ge depuis d\u00e9j\u00e0 5 ann\u00e9es face \u00e0 nous dans les rangs de l\u2019opposition nantaise, et nous l\u2019avons vu \u00e0 l\u2019\u0153uvre\u00a0\u00bb, r\u00e9agissent les \u00e9lus de gauche dans un communiqu\u00e9 de presse commun.<\/p>\n<blockquote class=\"ftvi_content_quote\">\n<p class=\"ftvi_citation_quote\">Nous savons qu\u2019il est le digne repr\u00e9sentant local d\u2019une droite conservatrice et r\u00e9trograde, celle de Christelle Moran\u00e7ais et de la droite r\u00e9gionale. Cette droite qui en Pays de la Loire retire son soutien financier aux acteurs culturels ou associatifs, au Planning Familial, aux acteurs de l\u2019\u00e9conomie sociale et solidaire ou du sport<\/p>\n<p>Elus de gauche de la majorit\u00e9 municipale nantaise<\/p>\n<p class=\"ftvi_citation_source\">Communiqu\u00e9 de presse<\/p>\n<\/blockquote>\n<p>\u00ab\u00a0Cette droite qui, au niveau national, vote contre la constitutionnalisation de l\u2019IVG, ou promeut l\u2019action et l\u2019entrisme de l\u2019homme d\u2019extr\u00eame droite Pierre-Edouard St\u00e9rin et son projet P\u00e9ricl\u00e8s, \u00e0 l\u2019instar de la s\u00e9natrice Laurence Garnier. Cette droite d\u2019Emmanuel Macron et de Fran\u00e7ois Bayrou, qui pr\u00e9f\u00e8re supprimer les jours f\u00e9ri\u00e9s aux salari\u00e9s plut\u00f4t que de taxer les ultra-riches, qui met \u00e0 bas des pans entiers de notre \u00e9conomie comme la construction de logements par exemple, qui d\u00e9nie le risque sanitaire des pesticides avec la loi Duplomb et qui, plus g\u00e9n\u00e9ralement, ne fait rien pour r\u00e9pondre \u00e0 l\u2019urgence sociale et \u00e9cologique\u00a0\u00bb, poursuivent les \u00e9lus de gauche.<\/p>\n<p>\u00ab\u00a0Cette droite qui, ici, \u00e0 Nantes, prend si souvent position contre l\u2019int\u00e9r\u00eat des Nantaises et des Nantais, par exemple contre la gratuit\u00e9 des transports le week-end vot\u00e9e \u00e0 la m\u00e9tropole, contre le doublement du pont Anne de Bretagne, contre un jardin dans un quartier populaire, contre des logements sociaux en centre-ville, contre le plan \u00e9ducatif de territoire&#8230; et qui d\u2019ores et d\u00e9j\u00e0 promet de faire des choix budg\u00e9taires comme ceux faits par la R\u00e9gion. Ce choix annonc\u00e9 porte le risque de d\u00e9tricoter la richesse culturelle, associative, sportive de notre territoire.\u00a0\u00bb<\/p>\n<p>\u00ab\u00a0Foulques Chombart de Lauwe est le repr\u00e9sentant d\u2019une droite tellement \u00e9loign\u00e9e de ce qui a toujours fait Nantes, son \u00e9tat d\u2019esprit et sa singularit\u00e9 dont nous sommes si fiers : humanisme, solidarit\u00e9, partage, jeu collectif, diversit\u00e9, curiosit\u00e9, ouverture aux autres et au monde, esprit d\u2019initiative et cr\u00e9ativit\u00e9 tous azimuts\u00a0\u00bb, conclut le communiqu\u00e9.<\/p>\n<p><strong>Retrouvez-nous sur les r\u00e9seaux sociaux ou sur\u00a0<\/strong><a href=\"https:\/\/france.tv\/\" target=\"_blank\" data-tooltip-url=\"https:\/\/france.tv\/\" rel=\"noopener nofollow\"><strong>france.tv<\/strong><\/a><\/p>\n","protected":false},"excerpt":{"rendered":"Il n&rsquo;a rien l\u00e2ch\u00e9. Lanc\u00e9 dans la course depuis 2023, le conseiller municipal LR Foulques Chombart de Lauwe&hellip;\n","protected":false},"author":2,"featured_media":357897,"comment_status":"","ping_status":"","sticky":false,"template":"","format":"standard","meta":{"footnotes":""},"categories":[2818],"tags":[1111,11,1777,674,1011,27,766,12,2636,25],"class_list":{"0":"post-357896","1":"post","2":"type-post","3":"status-publish","4":"format-standard","5":"has-post-thumbnail","7":"category-nantes","8":"tag-actu","9":"tag-actualites","10":"tag-eu","11":"tag-europe","12":"tag-fr","13":"tag-france","14":"tag-nantes","15":"tag-news","16":"tag-pays-de-la-loire","17":"tag-republique-francaise"},"share_on_mastodon":{"url":"https:\/\/pubeurope.com\/@fr\/115128100709768402","error":""},"_links":{"self":[{"href":"https:\/\/www.europesays.com\/fr\/wp-json\/wp\/v2\/posts\/357896","targetHints":{"allow":["GET"]}}],"collection":[{"href":"https:\/\/www.europesays.com\/fr\/wp-json\/wp\/v2\/posts"}],"about":[{"href":"https:\/\/www.europesays.com\/fr\/wp-json\/wp\/v2\/types\/post"}],"author":[{"embeddable":true,"href":"https:\/\/www.europesays.com\/fr\/wp-json\/wp\/v2\/users\/2"}],"replies":[{"embeddable":true,"href":"https:\/\/www.europesays.com\/fr\/wp-json\/wp\/v2\/comments?post=357896"}],"version-history":[{"count":0,"href":"https:\/\/www.europesays.com\/fr\/wp-json\/wp\/v2\/posts\/357896\/revisions"}],"wp:featuredmedia":[{"embeddable":true,"href":"https:\/\/www.europesays.com\/fr\/wp-json\/wp\/v2\/media\/357897"}],"wp:attachment":[{"href":"https:\/\/www.europesays.com\/fr\/wp-json\/wp\/v2\/media?parent=357896"}],"wp:term":[{"taxonomy":"category","embeddable":true,"href":"https:\/\/www.europesays.com\/fr\/wp-json\/wp\/v2\/categories?post=357896"},{"taxonomy":"post_tag","embeddable":true,"href":"https:\/\/www.europesays.com\/fr\/wp-json\/wp\/v2\/tags?post=357896"}],"curies":[{"name":"wp","href":"https:\/\/api.w.org\/{rel}","templated":true}]}}