{"id":357898,"date":"2025-09-01T08:29:12","date_gmt":"2025-09-01T08:29:12","guid":{"rendered":"https:\/\/www.europesays.com\/fr\/357898\/"},"modified":"2025-09-01T08:29:12","modified_gmt":"2025-09-01T08:29:12","slug":"les-supporters-en-route-pour-bordeaux-laventure-continue-tarn-et-garonne-montauban","status":"publish","type":"post","link":"https:\/\/www.europesays.com\/fr\/357898\/","title":{"rendered":"Les supporters en route pour Bordeaux, l\u2019aventure continue &#8211; Tarn et Garonne &#8211; Montauban"},"content":{"rendered":"<p>Apr\u00e8s une mont\u00e9e historique en Top 14, l\u2019USM Rugby et ses supporters s\u2019appr\u00eatent \u00e0 vivre un nouveau chapitre palpitant de leur \u00e9pop\u00e9e. Pour c\u00e9l\u00e9brer cette entr\u00e9e parmi l\u2019\u00e9lite du rugby fran\u00e7ais, le club des supporters organise un d\u00e9placement exceptionnel \u00e0 Bordeaux, au stade Chaban-Delmas, \u00e0 l\u2019occasion d\u2019un match qui s\u2019annonce d\u00e9j\u00e0 m\u00e9morable.&#13;<br \/>\n&#13;<br \/>\nSous la banni\u00e8re \u00ab Les voyages forment la jeunesse \u00bb, les supporters de l\u2019USM Rugby sont convi\u00e9s \u00e0 un d\u00e9placement en car grand tourisme, organis\u00e9 avec soin pour allier confort, ambiance et soutien sans faille \u00e0 leur \u00e9quipe. Au programme : un d\u00e9part en fanfare depuis le club house de Sapiac, un ap\u00e9ritif dinatoire pour prolonger les \u00e9motions du match, et une place en tribune pour vibrer au rythme des exploits des Le match a lieu le samedi 20 septembre, coup d\u2019envoi \u00e0 16h30 et d\u00e9part du bus \u00e0 12h30 depuis le club house de Sapiac. Tarif adh\u00e9rent : 40 \u20ac (incluant transport, ap\u00e9ritif dinatoire et place en tribune)&#13;<br \/>\n&#13;<br \/>\nLes places sont limit\u00e9es et les r\u00e9servations se font uniquement jusqu\u2019au lundi 15 septembre 2025 \u00e0 18h00. Pour s\u2019inscrire, il suffit de contacter Jacky Boscar\u00ec au 06 99 45 41 65.<\/p>\n<p>                Cet article est r\u00e9serv\u00e9 aux abonn\u00e9s.<\/p>\n","protected":false},"excerpt":{"rendered":"Apr\u00e8s une mont\u00e9e historique en Top 14, l\u2019USM Rugby et ses supporters s\u2019appr\u00eatent \u00e0 vivre un nouveau chapitre&hellip;\n","protected":false},"author":2,"featured_media":23669,"comment_status":"","ping_status":"","sticky":false,"template":"","format":"standard","meta":{"footnotes":""},"categories":[2817],"tags":[1111,11,1997,1777,674,1011,27,12,2219,301,25],"class_list":{"0":"post-357898","1":"post","2":"type-post","3":"status-publish","4":"format-standard","5":"has-post-thumbnail","7":"category-bordeaux","8":"tag-actu","9":"tag-actualites","10":"tag-bordeaux","11":"tag-eu","12":"tag-europe","13":"tag-fr","14":"tag-france","15":"tag-news","16":"tag-nouvelle-aquitaine","17":"tag-premium","18":"tag-republique-francaise"},"share_on_mastodon":{"url":"https:\/\/pubeurope.com\/@fr\/115128104621984443","error":""},"_links":{"self":[{"href":"https:\/\/www.europesays.com\/fr\/wp-json\/wp\/v2\/posts\/357898","targetHints":{"allow":["GET"]}}],"collection":[{"href":"https:\/\/www.europesays.com\/fr\/wp-json\/wp\/v2\/posts"}],"about":[{"href":"https:\/\/www.europesays.com\/fr\/wp-json\/wp\/v2\/types\/post"}],"author":[{"embeddable":true,"href":"https:\/\/www.europesays.com\/fr\/wp-json\/wp\/v2\/users\/2"}],"replies":[{"embeddable":true,"href":"https:\/\/www.europesays.com\/fr\/wp-json\/wp\/v2\/comments?post=357898"}],"version-history":[{"count":0,"href":"https:\/\/www.europesays.com\/fr\/wp-json\/wp\/v2\/posts\/357898\/revisions"}],"wp:featuredmedia":[{"embeddable":true,"href":"https:\/\/www.europesays.com\/fr\/wp-json\/wp\/v2\/media\/23669"}],"wp:attachment":[{"href":"https:\/\/www.europesays.com\/fr\/wp-json\/wp\/v2\/media?parent=357898"}],"wp:term":[{"taxonomy":"category","embeddable":true,"href":"https:\/\/www.europesays.com\/fr\/wp-json\/wp\/v2\/categories?post=357898"},{"taxonomy":"post_tag","embeddable":true,"href":"https:\/\/www.europesays.com\/fr\/wp-json\/wp\/v2\/tags?post=357898"}],"curies":[{"name":"wp","href":"https:\/\/api.w.org\/{rel}","templated":true}]}}