{"id":357905,"date":"2025-09-01T08:33:11","date_gmt":"2025-09-01T08:33:11","guid":{"rendered":"https:\/\/www.europesays.com\/fr\/357905\/"},"modified":"2025-09-01T08:33:11","modified_gmt":"2025-09-01T08:33:11","slug":"ouverture-des-inscriptions-pour-les-colis-de-fin-dannee","status":"publish","type":"post","link":"https:\/\/www.europesays.com\/fr\/357905\/","title":{"rendered":"Ouverture des inscriptions pour les colis de fin d&rsquo;ann\u00e9e"},"content":{"rendered":"<p class=\"introduction\">Tous les ans, \u00e0 l\u2019occasion des f\u00eates de fin d\u2019ann\u00e9e, le CCAS de Roubaix offre un colis gourmand ou une carte cadeau aux seniors. Pour en b\u00e9n\u00e9ficier, il faut habiter Roubaix, \u00eatre \u00e2g\u00e9 de plus de 70 ans et s\u2019inscrire aupr\u00e8s du CCAS. Explications.<\/p>\n<p>La ville de Roubaix offre \u00e0 ses ain\u00e9s soit un colis alimentaire festif (avec ou sans alcool), soit une carte cadeau de 20\u20ac \u00e0 d\u00e9penser chez les commer\u00e7ants roubaisiens.<\/p>\n<p>Quelles sont les conditions pour b\u00e9n\u00e9ficier d\u2019un colis ou d\u2019une carte-cadeau ?<\/p>\n<ul>\n<li>Habiter Roubaix<\/li>\n<li>\u00catre \u00e2g\u00e9 de 70 ans et plus, sans conditions de ressources<\/li>\n<li>S\u2019inscrire aupr\u00e8s du CCAS<\/li>\n<\/ul>\n<p>Comment s\u2019inscrire aupr\u00e8s du CCAS pour recevoir le colis de fin d\u2019ann\u00e9e ?<\/p>\n<p>ou contactez le CCAS au \u00a0<a href=\"https:\/\/www.roubaixxl.fr\/colis-fin-annee-inscriptions-2025\/tel:0800 08 13 40\" target=\"_blank\" rel=\"noopener nofollow\">0800 08 13 40<\/a> (num\u00e9ro vert gratuit sp\u00e9cial s\u00e9niors) , du mardi au vendredi de 8h30 \u00e0 12h et de 13h30 \u00e0 17h, et le samedi de 8h30 \u00e0 12h<\/p>\n<ul>\n<li>Renvoyer le formulaire avec les pi\u00e8ces justificatives (photocopie d\u2019une pi\u00e8ce d\u2019identit\u00e9 et justificatif de domicile) au CCAS<\/li>\n<\/ul>\n<p>Cr\u00e9dit Photo : Anais Gadeau , service Communication , ville de Roubaix<\/p>\n","protected":false},"excerpt":{"rendered":"Tous les ans, \u00e0 l\u2019occasion des f\u00eates de fin d\u2019ann\u00e9e, le CCAS de Roubaix offre un colis gourmand&hellip;\n","protected":false},"author":2,"featured_media":357906,"comment_status":"","ping_status":"","sticky":false,"template":"","format":"standard","meta":{"footnotes":""},"categories":[2815],"tags":[1111,11,5223,49373,1777,674,1011,27,811,1307,12,2571,25],"class_list":{"0":"post-357905","1":"post","2":"type-post","3":"status-publish","4":"format-standard","5":"has-post-thumbnail","7":"category-lille","8":"tag-actu","9":"tag-actualites","10":"tag-ccas","11":"tag-colis-noel","12":"tag-eu","13":"tag-europe","14":"tag-fr","15":"tag-france","16":"tag-hauts-de-france","17":"tag-lille","18":"tag-news","19":"tag-personnes-agees","20":"tag-republique-francaise"},"share_on_mastodon":{"url":"https:\/\/pubeurope.com\/@fr\/115128120415383064","error":""},"_links":{"self":[{"href":"https:\/\/www.europesays.com\/fr\/wp-json\/wp\/v2\/posts\/357905","targetHints":{"allow":["GET"]}}],"collection":[{"href":"https:\/\/www.europesays.com\/fr\/wp-json\/wp\/v2\/posts"}],"about":[{"href":"https:\/\/www.europesays.com\/fr\/wp-json\/wp\/v2\/types\/post"}],"author":[{"embeddable":true,"href":"https:\/\/www.europesays.com\/fr\/wp-json\/wp\/v2\/users\/2"}],"replies":[{"embeddable":true,"href":"https:\/\/www.europesays.com\/fr\/wp-json\/wp\/v2\/comments?post=357905"}],"version-history":[{"count":0,"href":"https:\/\/www.europesays.com\/fr\/wp-json\/wp\/v2\/posts\/357905\/revisions"}],"wp:featuredmedia":[{"embeddable":true,"href":"https:\/\/www.europesays.com\/fr\/wp-json\/wp\/v2\/media\/357906"}],"wp:attachment":[{"href":"https:\/\/www.europesays.com\/fr\/wp-json\/wp\/v2\/media?parent=357905"}],"wp:term":[{"taxonomy":"category","embeddable":true,"href":"https:\/\/www.europesays.com\/fr\/wp-json\/wp\/v2\/categories?post=357905"},{"taxonomy":"post_tag","embeddable":true,"href":"https:\/\/www.europesays.com\/fr\/wp-json\/wp\/v2\/tags?post=357905"}],"curies":[{"name":"wp","href":"https:\/\/api.w.org\/{rel}","templated":true}]}}