{"id":357911,"date":"2025-09-01T08:36:23","date_gmt":"2025-09-01T08:36:23","guid":{"rendered":"https:\/\/www.europesays.com\/fr\/357911\/"},"modified":"2025-09-01T08:36:23","modified_gmt":"2025-09-01T08:36:23","slug":"mercato-om-decision-prise-pour-geertruida","status":"publish","type":"post","link":"https:\/\/www.europesays.com\/fr\/357911\/","title":{"rendered":"Mercato OM &#8211; D\u00e9cision prise pour Geertruida"},"content":{"rendered":"<p><strong><\/p>\n<p>L\u2019OM ne devrait pas recruter Lutsharel Geertruida (Leipzig) cet \u00e9t\u00e9. Le d\u00e9fenseur pourrait rejoindre la Premier League.<\/p>\n<p><\/strong><\/p>\n<p>Dimanche, certains journalistes ont annonc\u00e9 un accord entre l\u2019OM et Lutsharel Geertruida. La venue de l\u2019international n\u00e9erlandais ne devrait toutefois pas se conclure.<\/p>\n<p>Selon les informations de FootMercato, tard hier soir, le joueur est aussi convoit\u00e9 par Sunderland. Et ce matin, le journaliste Philipp Hinze affirme que <strong>les discussions ont achopp\u00e9 avec le club olympien<\/strong>.<\/p>\n<p>Les d\u00e9cideurs olympiens auraient donc <a href=\"https:\/\/www.footmarseille.com\/128871-aguerd-et-oriley-en-approche-cornelius-vers-glasgow\" rel=\"nofollow noopener\" target=\"_blank\">mis\u00e9 sur Nayef Aguerd<\/a>, pour lequel l\u2019OM serait en mesure de signer un joli ch\u00e8que de 23 millions d\u2019euros, soit le prix demand\u00e9 par West Ham depuis juin.<\/p>\n<p>Le Marocain dispose d\u2019un profil plus exp\u00e9riment\u00e9, qui pourrait s\u2019av\u00e9rer important pour le groupe de Roberto De Zerbi.<\/p>\n","protected":false},"excerpt":{"rendered":"L\u2019OM ne devrait pas recruter Lutsharel Geertruida (Leipzig) cet \u00e9t\u00e9. Le d\u00e9fenseur pourrait rejoindre la Premier League. Dimanche,&hellip;\n","protected":false},"author":2,"featured_media":357912,"comment_status":"","ping_status":"","sticky":false,"template":"","format":"standard","meta":{"footnotes":""},"categories":[2814],"tags":[1111,11,1777,674,1011,27,884,12,882,25],"class_list":{"0":"post-357911","1":"post","2":"type-post","3":"status-publish","4":"format-standard","5":"has-post-thumbnail","7":"category-marseille","8":"tag-actu","9":"tag-actualites","10":"tag-eu","11":"tag-europe","12":"tag-fr","13":"tag-france","14":"tag-marseille","15":"tag-news","16":"tag-provence-alpes-cote-dazur","17":"tag-republique-francaise"},"share_on_mastodon":{"url":"https:\/\/pubeurope.com\/@fr\/115128132318862180","error":""},"_links":{"self":[{"href":"https:\/\/www.europesays.com\/fr\/wp-json\/wp\/v2\/posts\/357911","targetHints":{"allow":["GET"]}}],"collection":[{"href":"https:\/\/www.europesays.com\/fr\/wp-json\/wp\/v2\/posts"}],"about":[{"href":"https:\/\/www.europesays.com\/fr\/wp-json\/wp\/v2\/types\/post"}],"author":[{"embeddable":true,"href":"https:\/\/www.europesays.com\/fr\/wp-json\/wp\/v2\/users\/2"}],"replies":[{"embeddable":true,"href":"https:\/\/www.europesays.com\/fr\/wp-json\/wp\/v2\/comments?post=357911"}],"version-history":[{"count":0,"href":"https:\/\/www.europesays.com\/fr\/wp-json\/wp\/v2\/posts\/357911\/revisions"}],"wp:featuredmedia":[{"embeddable":true,"href":"https:\/\/www.europesays.com\/fr\/wp-json\/wp\/v2\/media\/357912"}],"wp:attachment":[{"href":"https:\/\/www.europesays.com\/fr\/wp-json\/wp\/v2\/media?parent=357911"}],"wp:term":[{"taxonomy":"category","embeddable":true,"href":"https:\/\/www.europesays.com\/fr\/wp-json\/wp\/v2\/categories?post=357911"},{"taxonomy":"post_tag","embeddable":true,"href":"https:\/\/www.europesays.com\/fr\/wp-json\/wp\/v2\/tags?post=357911"}],"curies":[{"name":"wp","href":"https:\/\/api.w.org\/{rel}","templated":true}]}}