{"id":357913,"date":"2025-09-01T08:37:22","date_gmt":"2025-09-01T08:37:22","guid":{"rendered":"https:\/\/www.europesays.com\/fr\/357913\/"},"modified":"2025-09-01T08:37:22","modified_gmt":"2025-09-01T08:37:22","slug":"les-artistes-lyonnais-domart-lancent-la-omartbox","status":"publish","type":"post","link":"https:\/\/www.europesays.com\/fr\/357913\/","title":{"rendered":"Les artistes lyonnais d&rsquo;Omart lancent la omartbox"},"content":{"rendered":"<p style=\"text-align: justify;\">Vous avez s\u00fbrement d\u00e9j\u00e0 entendu parler du festival <strong>AiRT de Famille<\/strong> ? De la galerie <strong>l\u2019omarterie<\/strong>\u2026? Et de tous ces homards pour lesquels le grand public est appel\u00e9 \u00e0 <a href=\"https:\/\/omart.fr\/candidature-promotion-2026\/\" target=\"_blank\" rel=\"noopener nofollow\"><strong>voter chaque ann\u00e9e<\/strong><\/a> ?<br \/>Et bien, c\u2019est bien\u00a0<strong><a href=\"https:\/\/omart.fr\/\" target=\"_blank\" rel=\"noopener nofollow\">omart<\/a><\/strong><strong>\u00a0<\/strong>qui est derri\u00e8re tout cela. Omart accompagne notre rentr\u00e9e de septembre de plusieurs fa\u00e7ons et sous plusieurs formes.<\/p>\n<p style=\"text-align: justify;\">D\u00e9couvrez ce qui se cache derri\u00e8re ce collectif d\u2019artistes et <strong>leur derni\u00e8re nouveaut\u00e9 : <a href=\"https:\/\/shop.omart.fr\/omartbox\/\" target=\"_blank\" rel=\"noopener nofollow\">la omartbox<\/a><\/strong> ! Une super id\u00e9e d\u2019abonnement \u00e0 offrir ou \u00e0 s\u2019offrir pour une nouvelle saison 2025\/2026<strong> pleine de surprises et de belles d\u00e9couvertes<\/strong>. Ou pour se constituer une chouette collection de <strong>d\u00e9cos \u00e0 base d\u2019\u0153uvres originales d\u2019artistes locaux et \u00e9mergents<\/strong>.<\/p>\n<p>\u00a0<\/p>\n<p><a href=\"https:\/\/omart.fr\/candidature-promotion-2026\/\" target=\"_blank\" rel=\"noopener nofollow\"><img fetchpriority=\"high\" decoding=\"async\" class=\"wp-image-40941 size-large aligncenter\" src=\"data:image\/svg+xml,%3Csvg%20xmlns=\" http:=\"\" alt=\"omart_lyon_artistes\" width=\"1024\" height=\"262\" data-lazy- data-lazy- data-lazy-src=\"https:\/\/www.europesays.com\/fr\/wp-content\/uploads\/2025\/09\/omart_lyon_artistes-1024x262.png\"\/><\/a><\/p>\n<p>Omart, c\u2019est quoi ?<\/p>\n<p style=\"text-align: justify;\">Bas\u00e9 \u00e0 Lyon depuis 2020, <a href=\"https:\/\/omart.fr\/\" target=\"_blank\" rel=\"noopener nofollow\">omart<\/a> est un<strong> programme artistique d\u00e9di\u00e9 \u00e0 la promotion et la diffusion des arts visuels.<\/strong> Il s\u2019engage \u00e0 <strong>rendre l\u2019art accessible \u00e0 tous<\/strong>, \u00e0 travers des actions inclusives et innovantes.<\/p>\n<p style=\"text-align: justify;\">Chaque ann\u00e9e, omart lance un grand concours pour s\u00e9lectionner les <strong>10 artistes \u00e9mergents qui feront partie de sa promotion<\/strong> ! Ils peuvent \u00eatre lyonnais, ou plus globalement de la r\u00e9gion AURA. Ils peuvent \u00eatre peintres, photographes, street artistes, illustrateurs, sculpteurs\u2026<\/p>\n<p><a href=\"https:\/\/www.europesays.com\/fr\/wp-content\/uploads\/2025\/08\/capture_d_ecran_2025-08-19_192656.png\" data-rel=\"lightbox-image-0\" data-rl_title=\"\" data-rl_caption=\"\" title=\"\"><img loading=\"lazy\" decoding=\"async\" class=\"size-full wp-image-40851 aligncenter\" src=\"data:image\/svg+xml,%3Csvg%20xmlns=\" http:=\"\" alt=\"omart-artistes-promotion-2025-lyon\" width=\"887\" height=\"672\" data-lazy- data-lazy- data-lazy-src=\"https:\/\/www.europesays.com\/fr\/wp-content\/uploads\/2025\/08\/capture_d_ecran_2025-08-19_192656.png\"\/><\/a><\/p>\n<p style=\"text-align: justify;\">Le <strong>programme d\u2019accompagnement omart<\/strong> est une fa\u00e7on de <strong>lancer les artistes<\/strong>. Une mise \u00e0 disposition de conseils, soutiens et opportunit\u00e9s d\u2019expositions\u00a0pour <strong>leur apporter un maximum de visibilit\u00e9 tout au long de leur ann\u00e9e d\u2019incubation et au-del\u00e0<\/strong>.<\/p>\n<p style=\"text-align: justify;\">Chacun des 10 artistes b\u00e9n\u00e9ficie \u00e9galement d\u2019<strong>une exposition solo<\/strong> (qui, pour beaucoup, est leur premi\u00e8re !) d\u2019un mois \u00e0 la <a href=\"https:\/\/omart.fr\/expositions\/\" target=\"_blank\" rel=\"noopener nofollow\">galerie omart, l\u2019omarterie<\/a>. Ouvert \u00e0 tous et avec une <strong>entr\u00e9e libre<\/strong>, ce lieu permet \u00e0 chacun de profiter de l\u2019art de mani\u00e8re accessible.<\/p>\n<p style=\"text-align: justify;\">Depuis sa cr\u00e9ation, Omart a accompagn\u00e9 5 promotions !<\/p>\n<p style=\"text-align: justify;\"><strong><a href=\"https:\/\/airtdefamille.fr\/\" target=\"_blank\" rel=\"noopener nofollow\">AiRT de Famille<\/a> est THE \u00e9v\u00e9nement phare<\/strong> du programme omart. Il contribue en effet pour beaucoup \u00e0 la visibilit\u00e9 et \u00e0 la d\u00e9couverte des artistes par le public. Ce festival r\u00e9unit chaque ann\u00e9e des artistes issus du programme <strong>dans des lieux embl\u00e9matiques de Lyon, vou\u00e9s \u00e0 \u00eatre r\u00e9habilit\u00e9s<\/strong>.<\/p>\n<p class=\"resp-text-block-g\" style=\"text-align: justify;\">Le festival propose des sc\u00e9nographies uniques, cr\u00e9\u00e9es \u00e0 partir de la <strong>revalorisation d\u2019objets du quotidien<\/strong> confi\u00e9s par les lyonnais.es. M\u00e9tamorphos\u00e9s en \u0153uvres d\u2019art par les artistes, leurs propri\u00e9taires pourront les r\u00e9cup\u00e9rer \u00e0 l\u2019issue du festival.<\/p>\n<p style=\"text-align: justify;\"><a href=\"https:\/\/airtdefamille.fr\/le-festival\/\" target=\"_blank\" rel=\"noopener nofollow\">Cette \u00e9dition 2025<\/a> marquera la <strong>4\u00e8me \u00e9dition du festival<\/strong> qui aura lieu au Centre d\u2019\u00e9changes de Lyon Perrache. 40 artistes sont \u00e0 l\u2019affiche, issus des promos omart pr\u00e9c\u00e9dentes et de la promo en cours. Cette ann\u00e9e, chacun disposera d\u2019une \u00ab\u00a0white box\u00a0\u00bb, un espace de cr\u00e9ation qui leur est totalement d\u00e9di\u00e9. On notera cette ann\u00e9e une <strong>diversification des disciplines<\/strong> avec de la mosa\u00efque, du turfing, de la sculpture\u2026<\/p>\n<p><a href=\"https:\/\/girlstakelyon.com\/wp-content\/uploads\/2025\/08\/499764130_705265372048710_6278088001446672480_n.jpg\" data-rel=\"lightbox-image-1\" data-rl_title=\"\" data-rl_caption=\"\" title=\"\" rel=\"nofollow noopener\" target=\"_blank\"><img loading=\"lazy\" decoding=\"async\" class=\"wp-image-40846 size-large aligncenter\" src=\"data:image\/svg+xml,%3Csvg%20xmlns=\" http:=\"\" alt=\"AiRT-de-Famille-Lyon-omart-street-art\" width=\"1024\" height=\"650\" data-lazy- data-lazy- data-lazy-src=\"https:\/\/www.europesays.com\/fr\/wp-content\/uploads\/2025\/08\/499764130_705265372048710_6278088001446672480_n-1024x650.jpg\"\/><\/a><\/p>\n<p>Et du coup<a href=\"https:\/\/shop.omart.fr\/omartbox\/\" target=\"_blank\" rel=\"noopener nofollow\"> l\u2019omartbox<\/a>, c\u2019est quoi ?<\/p>\n<p style=\"text-align: justify;\">Des box, il en existe d\u00e9j\u00e0 beaucoup mais <a href=\"https:\/\/shop.omart.fr\/omartbox\/\" target=\"_blank\" rel=\"noopener nofollow\"><strong>la omartbox<\/strong><\/a> est tout \u00e0 fait unique et singuli\u00e8re ! Son lancement fait d\u2019ailleurs partie int\u00e9grante de ce programme d\u2019incubation, puisqu\u2019elle a pour but de <strong>faire d\u00e9couvrir au grand public les artistes de toutes les promos omart<\/strong>.<\/p>\n<p style=\"text-align: justify;\">Chaque mois, la box surprise comporte une <strong>illustration A4 cr\u00e9\u00e9e exclusivement pour la box<\/strong>. Une courte biographie de l\u2019artiste l\u2019accompagne. Ainsi qu\u2019un QR code vers une page d\u00e9di\u00e9e \u00e0 l\u2019artiste, avec vid\u00e9os, d\u00e9couverte de son \u0153uvre, sa technique, son histoire et son actualit\u00e9.<\/p>\n<p style=\"text-align: justify;\">La omartbox a \u00e9t\u00e9 pens\u00e9e comme une box \u00e0 \u00ab\u00a0consommer\u00a0\u00bb de diverses fa\u00e7ons :<\/p>\n<ul>\n<li>comme une fa\u00e7on de soutenir le programme omart et des artistes \u00e9mergents<\/li>\n<li>comme une fa\u00e7on de se cr\u00e9er une collection d\u2019\u0153uvres exclusives, qui pourraient prendre de la valeur avec la mont\u00e9e en c\u00f4te des artistes !<\/li>\n<li>comme une source de cadeaux, puisqu\u2019en les offrant \u00e0 diverses occasions, les illustrations sont une fa\u00e7on de faire d\u00e9couvrir \u00e0 son entourage les artistes !<\/li>\n<\/ul>\n<p style=\"text-align: justify;\"><a href=\"https:\/\/www.europesays.com\/fr\/wp-content\/uploads\/2025\/08\/20250822_103036-scaled.jpg\" data-rel=\"lightbox-image-2\" data-rl_title=\"\" data-rl_caption=\"\" title=\"\"><img loading=\"lazy\" decoding=\"async\" class=\"size-full wp-image-40901 aligncenter\" src=\"data:image\/svg+xml,%3Csvg%20xmlns=\" http:=\"\" alt=\"omartbox-omart-lyon\" width=\"2048\" height=\"1152\" data-lazy- data-lazy- data-lazy-src=\"https:\/\/www.europesays.com\/fr\/wp-content\/uploads\/2025\/08\/20250822_103036-scaled.jpg\"\/><\/a><\/p>\n<p style=\"text-align: justify;\">\u27a1 Plusieurs formules d\u2019abonnements sont disponibles : <a href=\"https:\/\/shop.omart.fr\/produit\/omartbox-mixte\/\" target=\"_blank\" rel=\"noopener nofollow\">20\u20ac\/mois sans engagement<\/a> ou <a href=\"https:\/\/shop.omart.fr\/produit\/omartbox-mixte-annuel-offre-de-lancement\/\" target=\"_blank\" rel=\"noopener nofollow\">abonnement annuel \u00e0 190\u20ac<\/a> avec engagement 12 mois donc 2 mois offerts. Livraison possible dans toute la France. <a href=\"https:\/\/shop.omart.fr\/omartbox\/\" target=\"_blank\" rel=\"noopener nofollow\">Plus d\u2019infos<\/a>.<\/p>\n<p>Mes impressions sur la omartbox<\/p>\n<p style=\"text-align: justify;\">D\u00e8s la premi\u00e8re box re\u00e7ue, on se pr\u00eate tr\u00e8s bien au jeu de la surprise et du \u00ab\u00a0unboxing\u00a0\u00bb ! Pour cette \u00e9dition exceptionnelle de la box d\u2019\u00e9t\u00e9 combinant \u00e0 la fois les mois de juin et juillet, ce n\u2019est pas 1 illustration, mais 2 pi\u00e8ces d\u2019un triptyque de <a href=\"https:\/\/omart.fr\/promotion-2024\/kairos\/\" target=\"_blank\" rel=\"noopener nofollow\">Kairos<\/a> que nous d\u00e9couvrons. Issu de la promo 2024, je suis s\u00fbre d\u2019avoir d\u00e9j\u00e0 crois\u00e9 ses \u0153uvres quelque part, mais je ne connaissais pas son histoire, son parcours et le sens derri\u00e8re ses \u00ab\u00a0Three Little Birds\u00a0\u00bb. 3 petits oiseaux qui apparaissent dans ses \u0153uvres et qui sont en fait porteurs de beaucoup de sens et d\u2019\u00e9motions. Les tirages sont de qualit\u00e9, et j\u2019imagine d\u00e9j\u00e0 plein de r\u00e9utilisation possible \u00e0 la box, pour lui donner une seconde vie et s\u2019inscrire dans une d\u00e9marche la plus r\u00e9cup\/z\u00e9ro d\u00e9chet possible.<\/p>\n<p style=\"text-align: justify;\">Apr\u00e8s l\u2019ouverture de cette box, on a qu\u2019une envie : s\u2019abonner \u00e0 la page de l\u2019artiste pour suivre ses actualit\u00e9s et rep\u00e9rer d\u2019autres occasions de d\u00e9couvrir ses \u0153uvres. Et, bien s\u00fbr, vite vite, recevoir la prochaine box !\u00a0<\/p>\n<p><a href=\"https:\/\/girlstakelyon.com\/wp-content\/uploads\/2025\/08\/20250822_103712-scaled.jpg\" data-rel=\"lightbox-image-3\" data-rl_title=\"\" data-rl_caption=\"\" title=\"\" rel=\"nofollow noopener\" target=\"_blank\"><img loading=\"lazy\" decoding=\"async\" class=\"aligncenter wp-image-40902 size-large\" src=\"data:image\/svg+xml,%3Csvg%20xmlns=\" http:=\"\" alt=\"omartbox-omart-lyon-kairos-street-art\" width=\"576\" height=\"1024\" data-lazy- data-lazy- data-lazy-src=\"https:\/\/www.europesays.com\/fr\/wp-content\/uploads\/2025\/08\/20250822_103712-576x1024.jpg\"\/><\/a><\/p>\n<blockquote>\n<p style=\"text-align: center;\"><strong>A t-on aiguis\u00e9 votre curiosit\u00e9 concernant ce programme omart, ses \u00e9v\u00e9nements et cette chouette box surprise ?!<br \/>N\u2019h\u00e9sitez pas \u00e0 en parler autour de vous et \u00e0 ajouter \u00e7a sur votre liste d\u2019id\u00e9es de cadeaux \u00e0 faire, \u00e0 vous-m\u00eame ou \u00e0 vos proches. \ud83d\ude09<\/strong><\/p>\n<\/blockquote>\n<p>\t<a href=\"https:\/\/girlstakelyon.com\/bonnes-adresses-lyon\/\" rel=\"nofollow noopener\" target=\"_blank\">BONNES ADRESSES<\/a><\/p>\n<p><a href=\"https:\/\/girlstakelyon.com\/bonnes-adresses-lyon\/\" title=\"BONNES ADRESSES\" rel=\"nofollow noopener\" target=\"_blank\"><br \/>\n<img loading=\"lazy\" decoding=\"async\" width=\"80\" height=\"80\" src=\"data:image\/svg+xml,%3Csvg%20xmlns=\" http:=\"\" class=\"attachment-80x80 size-80x80 wp-post-image\" alt=\"jeremy galvan\" data-lazy-src=\"https:\/\/www.europesays.com\/fr\/wp-content\/uploads\/2025\/06\/Jeremy_Galvan_5_-80x80.jpg\"\/>\t<\/a><\/p>\n<p><br class=\"clear\"\/><\/p>\n<p>Partager<\/p>\n<p><br class=\"clear\"\/><\/p>\n","protected":false},"excerpt":{"rendered":"Vous avez s\u00fbrement d\u00e9j\u00e0 entendu parler du festival AiRT de Famille ? De la galerie l\u2019omarterie\u2026? Et de&hellip;\n","protected":false},"author":2,"featured_media":269188,"comment_status":"","ping_status":"","sticky":false,"template":"","format":"standard","meta":{"footnotes":""},"categories":[1889],"tags":[1111,11,2430,1777,674,1011,27,2428,12,25],"class_list":{"0":"post-357913","1":"post","2":"type-post","3":"status-publish","4":"format-standard","5":"has-post-thumbnail","7":"category-lyon","8":"tag-actu","9":"tag-actualites","10":"tag-auvergne-rhone-alpes","11":"tag-eu","12":"tag-europe","13":"tag-fr","14":"tag-france","15":"tag-lyon","16":"tag-news","17":"tag-republique-francaise"},"share_on_mastodon":{"url":"https:\/\/pubeurope.com\/@fr\/115128136097601999","error":""},"_links":{"self":[{"href":"https:\/\/www.europesays.com\/fr\/wp-json\/wp\/v2\/posts\/357913","targetHints":{"allow":["GET"]}}],"collection":[{"href":"https:\/\/www.europesays.com\/fr\/wp-json\/wp\/v2\/posts"}],"about":[{"href":"https:\/\/www.europesays.com\/fr\/wp-json\/wp\/v2\/types\/post"}],"author":[{"embeddable":true,"href":"https:\/\/www.europesays.com\/fr\/wp-json\/wp\/v2\/users\/2"}],"replies":[{"embeddable":true,"href":"https:\/\/www.europesays.com\/fr\/wp-json\/wp\/v2\/comments?post=357913"}],"version-history":[{"count":0,"href":"https:\/\/www.europesays.com\/fr\/wp-json\/wp\/v2\/posts\/357913\/revisions"}],"wp:featuredmedia":[{"embeddable":true,"href":"https:\/\/www.europesays.com\/fr\/wp-json\/wp\/v2\/media\/269188"}],"wp:attachment":[{"href":"https:\/\/www.europesays.com\/fr\/wp-json\/wp\/v2\/media?parent=357913"}],"wp:term":[{"taxonomy":"category","embeddable":true,"href":"https:\/\/www.europesays.com\/fr\/wp-json\/wp\/v2\/categories?post=357913"},{"taxonomy":"post_tag","embeddable":true,"href":"https:\/\/www.europesays.com\/fr\/wp-json\/wp\/v2\/tags?post=357913"}],"curies":[{"name":"wp","href":"https:\/\/api.w.org\/{rel}","templated":true}]}}