{"id":357914,"date":"2025-09-01T08:38:18","date_gmt":"2025-09-01T08:38:18","guid":{"rendered":"https:\/\/www.europesays.com\/fr\/357914\/"},"modified":"2025-09-01T08:38:18","modified_gmt":"2025-09-01T08:38:18","slug":"un-acte-intolerable-ce-week-end-ce-quil-sest-passe","status":"publish","type":"post","link":"https:\/\/www.europesays.com\/fr\/357914\/","title":{"rendered":"\u00ab\u00a0Un acte intol\u00e9rable\u00a0\u00bb ce week-end, ce qu&rsquo;il s&rsquo;est pass\u00e9"},"content":{"rendered":"<p>            Par<br \/>\n        <strong><br \/>\n            <a href=\"https:\/\/actu.fr\/auteur\/redaction-lyon\" title=\"Consulter tous les articles de R\u00e9daction Lyon\" target=\"_blank\" rel=\"noopener\">R\u00e9daction Lyon<\/a><br \/>\n        <\/strong><\/p>\n<p>        Publi\u00e9 le<\/p>\n<p>            1 sept. 2025 \u00e0 9h56        <\/p>\n<p>Une st\u00e8le en m\u00e9moire au d\u00e9funt Premier ministre isra\u00e9lien Yitzhak Rabin a \u00e9t\u00e9 couverte de <strong>croix gamm\u00e9es<\/strong> et un monument aux Juifs et r\u00e9sistants fusill\u00e9s par les nazis tagu\u00e9 d\u2019inscriptions antis\u00e9mites pr\u00e8s de <a href=\"https:\/\/actu.fr\/auvergne-rhone-alpes\/lyon_69123\" target=\"_blank\" rel=\"noopener\">Lyon<\/a> (Rh\u00f4ne), ont d\u00e9plor\u00e9 dimanche les autorit\u00e9s locales.<\/p>\n<p class=\" wall-content\">Ces nouvelles profanations surviennent <strong>au lendemain d\u2019une inscription \u00ab\u00a0Free Gaza\u00a0\u00bb<\/strong> grav\u00e9e sur un m\u00e9morial d\u00e9di\u00e9 \u00e0 la Shoah \u00e0 Lyon.<\/p>\n<p>Une st\u00e8le recouverte de slogans antis\u00e9mites<\/p>\n<p class=\" wall-content\">\u00ab\u00a0La R\u00e9publique ne tol\u00e9rera jamais l\u2019antis\u00e9mitisme\u00a0\u00bb, s\u2019est insurg\u00e9e dans un communiqu\u00e9 Fabienne Buccio, pr\u00e9f\u00e8te du Rh\u00f4ne, assurant que \u00ab\u00a0l\u2019Etat est pleinement mobilis\u00e9 pour la s\u00e9curit\u00e9 de la communaut\u00e9 juive\u00a0\u00bb.<\/p>\n<p class=\" wall-content\">Aussi bien le tag samedi sur le m\u00e9morial \u00e0 la Shoah que les \u00ab\u00a0nouvelles inscriptions antis\u00e9mites (\u2026) font l\u2019objet d\u2019une enqu\u00eate\u00a0\u00bb, a-t-elle ajout\u00e9.<\/p>\n<p class=\" wall-content\">\n<p class=\" wall-content\">Sur une photo fournie \u00e0 l\u2019AFP par les autorit\u00e9s fran\u00e7aises, on voit une st\u00e8le pr\u00e9sentant un arbre plant\u00e9 en m\u00e9moire de Yitzhak Rabin \u00e0 <a href=\"https:\/\/actu.fr\/auvergne-rhone-alpes\/bron_69029\" target=\"_blank\" rel=\"noopener\">Bron<\/a>, dans la banlieue de Lyon, compl\u00e8tement recouvert de rayures et de croix gamm\u00e9es trac\u00e9es au feutre.<\/p>\n<p>\u00ab\u00a0Mort aux Juifs\u00a0\u00bb<\/p>\n<p class=\" wall-content\">Rabin a \u00e9t\u00e9 assassin\u00e9 en 1995 par un extr\u00e9miste isra\u00e9lien qui lui reprochait d\u2019avoir sign\u00e9 les accords de paix d\u2019Oslo avec l\u2019Organisation de Lib\u00e9ration de la Palestine (OLP) de Yasser Arafat.<\/p>\n<p class=\" wall-content\">Sur une autre photo, on voit \u00ab\u00a0Mort aux Juifs\u00a0\u00bb et \u00ab\u00a0Mort \u00e0 Isra\u00ebl\u00a0\u00bb \u00e9galement \u00e9crits au feutre \u00e0 Bron sur un Monument aux morts de Montluc, d\u00e9di\u00e9 aux 109 d\u00e9tenus de la prison de Montluc de Lyon, dont 72 Juifs, ex\u00e9cut\u00e9s par les nazis entre le 17 et le 21 ao\u00fbt 1944.<\/p>\n<p>Votre r\u00e9gion, votre actu !<\/p>\n<p>Recevez chaque jour les infos qui comptent pour vous.<\/p>\n<p>\t<a href=\"https:\/\/actu.fr\/newsletter\" class=\"ac-btn ac-btn--corner ac-btn--medium ac-btn--blue800\" target=\"_blank\" rel=\"noopener\">S&rsquo;incrire<\/a><br \/>\n\u00ab\u00a0Free Gaza\u00a0\u00bb sur un m\u00e9morial \u00e0 Lyon<\/p>\n<p class=\" wall-content\">\u00ab\u00a0Comme si le militantisme pro-palestinien pouvait justifier la haine des Juifs\u00a0\u00bb, \u00e9crit aussi Mme Buccio \u00e0 propos de l\u2019inscription \u00ab\u00a0Free Gaza\u00a0\u00bb la veille sur un m\u00e9morial \u00e0 la Shoah en plein centre de Lyon.<\/p>\n<p class=\" wall-content\">Une inscription \u00ab\u00a0Free Gaza\u00a0\u00bb a \u00e9t\u00e9 d\u00e9couverte samedi sur un m\u00e9morial d\u00e9di\u00e9 \u00e0 la Shoah au centre de Lyon, dont le maire, Gr\u00e9gory Doucet, a aussit\u00f4t d\u00e9nonc\u00e9 un \u00ab\u00a0acte intol\u00e9rable\u00a0\u00bb. La mairie a fourni \u00e0 l\u2019AFP une photo de l\u2019inscription, grav\u00e9e manifestement avec un objet pointu dans le marbre noir d\u2019une plaque de pr\u00e9sentation du monument.<\/p>\n<p class=\" wall-content\">\u00ab\u00a0La d\u00e9gradation du M\u00e9morial de la Shoah \u00e0 Lyon est un acte intol\u00e9rable. Je le condamne et exprime toute ma solidarit\u00e9 aux associations de m\u00e9moire, aux rescap\u00e9s et \u00e0 leurs descendants\u00a0\u00bb, \u00e9crit M. Doucet dans un message transmis \u00e0 l\u2019AFP. \u00ab\u00a0Les auteurs seront recherch\u00e9s et poursuivis. Lyon reste debout face \u00e0 la haine, \u00e0 l\u2019antis\u00e9mitisme et au racisme\u00a0\u00bb, affirme le maire.<\/p>\n<p>Le m\u00e9morial rapidement restaur\u00e9<\/p>\n<p class=\" wall-content\">\u00c0 proximit\u00e9 de la gare de Lyon-Perrache en centre-ville, le monument, nomm\u00e9 \u00ab\u00a0Les Rails de la m\u00e9moire\u00a0\u00bb, <a href=\"https:\/\/actu.fr\/auvergne-rhone-alpes\/lyon_69123\/lyon-un-memorial-de-la-shoah-installe-sur-cette-place-pour-ne-jamais-oublier-l-horreur_62171086.html\" target=\"_blank\" rel=\"noopener\">a \u00e9t\u00e9 inaugur\u00e9 en janvier 2025<\/a> pour les 80 ans de la lib\u00e9ration du camp de concentration d\u2019Auschwitz-Birkenau.<\/p>\n<p class=\" wall-content\">Cet empilement de rails entrecrois\u00e9s sur trois m\u00e8tres de haut symbolise le point de d\u00e9part des convois de d\u00e9port\u00e9s et arbore en lettre dor\u00e9es l\u2019inscription : \u00ab\u00a0En m\u00e9moire des six millions de Juifs victimes de la Shoah dont un million et demi d\u2019enfants \u2013 1941-1945 \u2013 6.100 venaient de notre r\u00e9gion\u00a0\u00bb.<\/p>\n<p class=\" wall-content\">\u00ab\u00a0Le fait que cette inscription ait \u00e9t\u00e9 faite sur un m\u00e9morial \u00e0 la Shoah rel\u00e8ve \u00e9videmment d\u2019un acte antis\u00e9mite\u00a0\u00bb, a comment\u00e9 aupr\u00e8s de l\u2019AFP un responsable du cabinet de la mairie.<br \/>La municipalit\u00e9 a rapidement fait effacer l\u2019inscription et \u00ab\u00a0restaurera la semaine prochaine l\u2019int\u00e9grit\u00e9 de la plaque\u00a0\u00bb, a pr\u00e9cis\u00e9 cette source.<\/p>\n<p>Les actes antis\u00e9mites en nette progression<\/p>\n<p class=\" wall-content\">Le pr\u00e9sident de l\u2019association du M\u00e9morial de la Shoah, Jean-Olivier Viout, a d\u00e9pos\u00e9 une plainte, selon la mairie.<\/p>\n<p class=\" wall-content\">Les actes antis\u00e9mites ont connu <strong>une nette progression en France<\/strong> apr\u00e8s le 7 octobre 2023, date des attaques sans pr\u00e9c\u00e9dent du mouvement islamiste palestinien Hamas contre Isra\u00ebl et du d\u00e9clenchement de la guerre \u00e0 Gaza avec la riposte isra\u00e9lienne.<\/p>\n<p class=\" wall-content\">Sur les six premiers mois de l\u2019ann\u00e9e 2025, 646 actes antis\u00e9mites ont \u00e9t\u00e9 recens\u00e9s dans le pays, selon le minist\u00e8re de l\u2019Int\u00e9rieur. Soit une diminution de 27,5% comparativement au premier semestre de 2024, mais un bond de 112,5% par rapport \u00e0 la m\u00eame p\u00e9riode de 2023.<\/p>\n<p class=\" wall-content\"><strong>AFP<\/strong><\/p>\n<p class=\" wall-content\">Personnalisez votre actualit\u00e9 en ajoutant vos villes et m\u00e9dias en favori avec <a href=\"https:\/\/moncompte.actu.fr\" title=\"D\u00e9couvez Mon Actu\" rel=\"nofollow noopener\" data-trk=\"{&quot;cta&quot;:{&quot;action&quot;:&quot;https:\\\/\\\/moncompte.actu.fr&quot;,&quot;category&quot;:&quot;mon compte&quot;,&quot;from&quot;:&quot;article footer&quot;,&quot;name&quot;:&quot;Mon actu&quot;,&quot;type&quot;:&quot;cta&quot;}}\" target=\"_blank\">Mon Actu<\/a>.<\/p>\n","protected":false},"excerpt":{"rendered":"Par R\u00e9daction Lyon Publi\u00e9 le 1 sept. 2025 \u00e0 9h56 Une st\u00e8le en m\u00e9moire au d\u00e9funt Premier ministre&hellip;\n","protected":false},"author":2,"featured_media":357915,"comment_status":"","ping_status":"","sticky":false,"template":"","format":"standard","meta":{"footnotes":""},"categories":[1889],"tags":[1111,11,6155,2430,1777,674,1011,27,2428,12,9450,25,104],"class_list":{"0":"post-357914","1":"post","2":"type-post","3":"status-publish","4":"format-standard","5":"has-post-thumbnail","7":"category-lyon","8":"tag-actu","9":"tag-actualites","10":"tag-antisemitisme","11":"tag-auvergne-rhone-alpes","12":"tag-eu","13":"tag-europe","14":"tag-fr","15":"tag-france","16":"tag-lyon","17":"tag-news","18":"tag-prefecture-du-rhone","19":"tag-republique-francaise","20":"tag-societe"},"share_on_mastodon":{"url":"https:\/\/pubeurope.com\/@fr\/115128139982116171","error":""},"_links":{"self":[{"href":"https:\/\/www.europesays.com\/fr\/wp-json\/wp\/v2\/posts\/357914","targetHints":{"allow":["GET"]}}],"collection":[{"href":"https:\/\/www.europesays.com\/fr\/wp-json\/wp\/v2\/posts"}],"about":[{"href":"https:\/\/www.europesays.com\/fr\/wp-json\/wp\/v2\/types\/post"}],"author":[{"embeddable":true,"href":"https:\/\/www.europesays.com\/fr\/wp-json\/wp\/v2\/users\/2"}],"replies":[{"embeddable":true,"href":"https:\/\/www.europesays.com\/fr\/wp-json\/wp\/v2\/comments?post=357914"}],"version-history":[{"count":0,"href":"https:\/\/www.europesays.com\/fr\/wp-json\/wp\/v2\/posts\/357914\/revisions"}],"wp:featuredmedia":[{"embeddable":true,"href":"https:\/\/www.europesays.com\/fr\/wp-json\/wp\/v2\/media\/357915"}],"wp:attachment":[{"href":"https:\/\/www.europesays.com\/fr\/wp-json\/wp\/v2\/media?parent=357914"}],"wp:term":[{"taxonomy":"category","embeddable":true,"href":"https:\/\/www.europesays.com\/fr\/wp-json\/wp\/v2\/categories?post=357914"},{"taxonomy":"post_tag","embeddable":true,"href":"https:\/\/www.europesays.com\/fr\/wp-json\/wp\/v2\/tags?post=357914"}],"curies":[{"name":"wp","href":"https:\/\/api.w.org\/{rel}","templated":true}]}}